{"id":80708,"date":"2025-12-04T10:06:52","date_gmt":"2025-12-04T13:06:52","guid":{"rendered":"http:\/\/sol.fm.br\/radio\/?p=80708"},"modified":"2025-12-04T10:06:56","modified_gmt":"2025-12-04T13:06:56","slug":"policia-penal-forma-novos-agentes-em-curso-sobre-intervencao-prisional-com-o-uso-de-caes","status":"publish","type":"post","link":"http:\/\/sol.fm.br\/radio\/policia-penal-forma-novos-agentes-em-curso-sobre-intervencao-prisional-com-o-uso-de-caes\/","title":{"rendered":"Pol\u00edcia Penal forma novos agentes em curso sobre interven\u00e7\u00e3o prisional com o uso de c\u00e3es"},"content":{"rendered":"<div id=\"dslc-theme-content\"><div id=\"dslc-theme-content-inner\"><p class=\"artigo__subtitulo\" style=\"text-align: center;\"><em>Ao todo, 15 servidores penitenci\u00e1rios conclu\u00edram a capacita\u00e7\u00e3o em Cinotecnia e Emprego Prisional<\/em><\/p>\n<p>A Pol\u00edcia Penal realizou, nesta quarta-feira (3\/12), a cerim\u00f4nia de formatura da segunda edi\u00e7\u00e3o do Curso de Forma\u00e7\u00e3o em Cinotecnia e Emprego Prisional (CFCEP), promovido pela Escola do Servi\u00e7o Penitenci\u00e1rio (ESP). O evento, realizado na sede da 9\u00aa Delegacia Penitenci\u00e1ria Regional (DPR), em Charqueadas, contou com a presen\u00e7a do secret\u00e1rio de Sistemas Penal e Socioeducativo, Jorge Pozzobom, e da superintendente-adjunta da Pol\u00edcia Penal, Deisy Vergara.<\/p>\n<p>Pozzobom enfatizou a import\u00e2ncia de fortalecer o trabalho realizado pelos agentes penitenci\u00e1rios. <em>\u201cA atua\u00e7\u00e3o com c\u00e3es de servi\u00e7o exige preparo t\u00e9cnico, sensibilidade, disciplina e compreens\u00e3o profunda do comportamento animal. Por isso, investir na qualifica\u00e7\u00e3o espec\u00edfica nessa \u00e1rea \u00e9 investir diretamente na seguran\u00e7a, na efici\u00eancia operacional e na prote\u00e7\u00e3o de todos que atuam no ambiente prisional<\/em>\u201d, ressaltou.<\/p>\n<p>Na ocasi\u00e3o, 15 servidores provenientes das dez regi\u00f5es penitenci\u00e1rias e de seis de outras institui\u00e7\u00f5esde seguran\u00e7a p\u00fablica conclu\u00edram a capacita\u00e7\u00e3o, realizada entre 3 de novembro e 3 de dezembro, na sede da 9\u00aa DPR. Os alunos foram selecionados por meio de processo seletivo composto por prova te\u00f3rica, avalia\u00e7\u00e3o de aptid\u00e3o psicol\u00f3gica, teste de aptid\u00e3o f\u00edsica (TAF) e entrevista conduzida pela coordena\u00e7\u00e3o do curso.<\/p>\n<p>Deisy destacou que a forma\u00e7\u00e3o dos policiais penais no manejo de c\u00e3es de servi\u00e7o constitui etapa importante para o fortalecimento da seguran\u00e7a e da efici\u00eancia nas opera\u00e7\u00f5es. <em>\"Ao priorizar a capacita\u00e7\u00e3o profissional, a institui\u00e7\u00e3o promove a prote\u00e7\u00e3o de seu efetivo e proporciona um ambiente mais seguro e controlado no interior das unidades prisionais\"<\/em>, afirmou.<\/p>\n<p><strong>Forma\u00e7\u00e3o em Cinotecnia<\/strong><\/p>\n<p>A segunda edi\u00e7\u00e3o do curso de cinotecnia, com carga hor\u00e1ria superior a 240 horas-aula, abordou conte\u00fados como: aprendizagem e fisiologia; atendimento pr\u00e9-hospitalar; adestramento; detec\u00e7\u00e3o; busca e captura; e t\u00e9cnicas de interven\u00e7\u00e3o prisional com o uso de c\u00e3es. Ao t\u00e9rmino da forma\u00e7\u00e3o, os servidores est\u00e3o aptos a atuar nos canis da Pol\u00edcia Penal.<\/p>\n<p>O treinamento, ministrado por cinot\u00e9cnicos da Pol\u00edcia Penal e por instrutores convidados de outras institui\u00e7\u00f5es, foi conduzido pelo coordenador do Grupo de Opera\u00e7\u00f5es com C\u00e3es (GOC), Anderson Cardoso.<\/p>\n<p>Desde a \u00faltima edi\u00e7\u00e3o do curso, em 2022, a capacita\u00e7\u00e3o passou a ser estruturada de acordo com a matriz curricular nacional para a educa\u00e7\u00e3o em servi\u00e7os penitenci\u00e1rios, consolidando a forma\u00e7\u00e3o t\u00e9cnica na \u00e1rea de cinotecnia dentro do sistema prisional ga\u00facho.<\/p>\n<p>O diretor da ESP, Felipe Schuster, explicou que a forma\u00e7\u00e3o em cinotecnia \u00e9 uma das mais complexas e t\u00e9cnicas da grade de cursos da escola, exigindo preparo f\u00edsico, conhecimento especializado e alto n\u00edvel de disciplina. <em>\u201cA conclus\u00e3o dessa turma demonstra, mais uma vez, que a Pol\u00edcia Penal est\u00e1 avan\u00e7ando de forma concreta, estruturada e profissional. Estamos qualificando nossos servidores em \u00e1reas estrat\u00e9gicas, ampliando a capacidade operacional e fortalecendo a atua\u00e7\u00e3o do sistema prisional<\/em>\u201d, concluiu.<\/p>\n<p>Durante a cerim\u00f4nia, foi realizado o descerramento de uma placa em refer\u00eancia ao Curso de Cinotecnia, que ser\u00e1 afixada no canil da 9\u00aa DPR. O evento contou ainda com uma homenagem ao servidor penitenci\u00e1rio, Hugo Gomes, e ao c\u00e3o K9 Mohoc, que conquistaram o primeiro lugar geral no 8\u00ba Campeonato Sul-Americano de C\u00e3es de Trabalho, o que representou uma vit\u00f3ria in\u00e9dita para a Pol\u00edcia Penal.<\/p>\n<p><img loading=\"lazy\" decoding=\"async\" class=\"alignnone size-medium wp-image-80710 aligncenter\" src=\"http:\/\/sol.fm.br\/radio\/wp-content\/uploads\/2025\/12\/51-400x266.jpeg\" alt=\"\" width=\"400\" height=\"266\" srcset=\"http:\/\/sol.fm.br\/radio\/wp-content\/uploads\/2025\/12\/51-400x266.jpeg 400w, http:\/\/sol.fm.br\/radio\/wp-content\/uploads\/2025\/12\/51-768x511.jpeg 768w, http:\/\/sol.fm.br\/radio\/wp-content\/uploads\/2025\/12\/51-600x400.jpeg 600w, http:\/\/sol.fm.br\/radio\/wp-content\/uploads\/2025\/12\/51.jpeg 945w\" sizes=\"auto, (max-width: 400px) 100vw, 400px\" \/><\/p>\n<p><strong>Integra\u00e7\u00e3o e celebra\u00e7\u00e3o<\/strong><\/p>\n<p>Os formandos do curso participaram, no s\u00e1bado (29\/11), da Corrida da Pol\u00edcia Penal. Os servidores, acompanhados dos seus c\u00e3es, fizeram a largada da corrida. A edi\u00e7\u00e3o 2025 da prova contou com 722 corredores na orla do Gua\u00edba, na capital ga\u00facha.<\/p>\n<p><strong>C\u00e3es de trabalho da Pol\u00edcia Penal<\/strong><\/p>\n<p>Os canis regionais, coordenados pelo GOC, atuam nos estabelecimentos prisionais por meio da detec\u00e7\u00e3o de narc\u00f3ticos e de armas e muni\u00e7\u00f5es, al\u00e9m de operarem na busca e captura de foragidos. Os c\u00e3es tamb\u00e9m realizam atividades na parte social, por meio de programas de terapia e intera\u00e7\u00e3o comunit\u00e1ria, ajudando em escolas, lares de idosos e institui\u00e7\u00f5es para pessoas com defici\u00eancia.<\/p>\n<p>Atualmente,aPol\u00edcia Penal conta com 200 c\u00e3es nos canis regionais das 2\u00aa, 7\u00aa, 8\u00aa e 9\u00aa DPRs, al\u00e9m de canis setoriais da Penitenci\u00e1ria de Alta Seguran\u00e7a de Charqueadas e Pres\u00eddio Estadual de Erechim. Alguns animais possuem certifica\u00e7\u00e3o no trabalho de detec\u00e7\u00e3o de narc\u00f3ticos pela Associa\u00e7\u00e3o Sul-Americana de C\u00e3es de Trabalho (ASMCT), como os c\u00e3es K9 Cassius e K9 Mohoc, integrantes do Canil Regional da 9\u00aa DPR. Essa certifica\u00e7\u00e3o oferece maior respaldo jur\u00eddico ao trabalho realizado pelos servidores penitenci\u00e1rios em conjunto com seus c\u00e3es.<\/p>\n<p>Em outubro deste ano, o canil da 9\u00aa DPR recebeu mais uma premia\u00e7\u00e3o, o c\u00e3o K9 Logan conquistou a titula\u00e7\u00e3o internacional de IGP-1 (Internationale Gebrauchshunde Pr\u00fcfung), prova que avalia as habilidades de trabalho de um c\u00e3o em tr\u00eas disciplinas principais: faro, obedi\u00eancia e prote\u00e7\u00e3o.<\/p>\n<hr \/>\n<h6><strong>GOV RS | Texto: Lucille Soares\/Ascom Pol\u00edcia Penal | Edi\u00e7\u00e3o: Secom | Fotos: Arthur Pl\u00e1cido\/Ascom SSPS<\/strong><\/h6>\n\n\n<center><iframe loading=\"lazy\" class=\"jmvplayer\" src=\"https:\/\/player.jmvstream.com\/lvw\/YYGWo5wfZuZ8fEW7Qoq1ISwhLSEDhU\" allowfullscreen allow=\"autoplay; fullscreen\" frameborder=\"0\" width=\"640\" height=\"360\" ><\/iframe><\/center>\n<\/div><\/div>","protected":false},"excerpt":{"rendered":"<p>Ao todo, 15 servidores penitenci\u00e1rios conclu\u00edram a capacita\u00e7\u00e3o em Cinotecnia e Emprego Prisional A Pol\u00edcia Penal realizou, nesta quarta-feira (3\/12), a cerim\u00f4nia de formatura da segunda edi\u00e7\u00e3o do Curso de Forma\u00e7\u00e3o em Cinotecnia e Emprego Prisional (CFCEP), promovido pela Escola do Servi\u00e7o Penitenci\u00e1rio (ESP). O evento, realizado na sede da 9\u00aa Delegacia Penitenci\u00e1ria Regional (DPR), [&hellip;]<\/p>\n","protected":false},"author":4,"featured_media":80709,"comment_status":"open","ping_status":"open","sticky":false,"template":"","format":"standard","meta":{"footnotes":""},"categories":[1],"tags":[],"class_list":["post-80708","post","type-post","status-publish","format-standard","has-post-thumbnail","hentry","category-sem-categoria"],"_links":{"self":[{"href":"http:\/\/sol.fm.br\/radio\/wp-json\/wp\/v2\/posts\/80708","targetHints":{"allow":["GET"]}}],"collection":[{"href":"http:\/\/sol.fm.br\/radio\/wp-json\/wp\/v2\/posts"}],"about":[{"href":"http:\/\/sol.fm.br\/radio\/wp-json\/wp\/v2\/types\/post"}],"author":[{"embeddable":true,"href":"http:\/\/sol.fm.br\/radio\/wp-json\/wp\/v2\/users\/4"}],"replies":[{"embeddable":true,"href":"http:\/\/sol.fm.br\/radio\/wp-json\/wp\/v2\/comments?post=80708"}],"version-history":[{"count":1,"href":"http:\/\/sol.fm.br\/radio\/wp-json\/wp\/v2\/posts\/80708\/revisions"}],"predecessor-version":[{"id":80711,"href":"http:\/\/sol.fm.br\/radio\/wp-json\/wp\/v2\/posts\/80708\/revisions\/80711"}],"wp:featuredmedia":[{"embeddable":true,"href":"http:\/\/sol.fm.br\/radio\/wp-json\/wp\/v2\/media\/80709"}],"wp:attachment":[{"href":"http:\/\/sol.fm.br\/radio\/wp-json\/wp\/v2\/media?parent=80708"}],"wp:term":[{"taxonomy":"category","embeddable":true,"href":"http:\/\/sol.fm.br\/radio\/wp-json\/wp\/v2\/categories?post=80708"},{"taxonomy":"post_tag","embeddable":true,"href":"http:\/\/sol.fm.br\/radio\/wp-json\/wp\/v2\/tags?post=80708"}],"curies":[{"name":"wp","href":"https:\/\/api.w.org\/{rel}","templated":true}]}}