{"id":80712,"date":"2025-12-04T10:09:44","date_gmt":"2025-12-04T13:09:44","guid":{"rendered":"http:\/\/sol.fm.br\/radio\/?p=80712"},"modified":"2025-12-04T10:09:47","modified_gmt":"2025-12-04T13:09:47","slug":"arrozeiros-celebram-aprovacao-do-uso-da-taxa-cdo-para-apoiar-cadeia-produtiva-do-arroz","status":"publish","type":"post","link":"http:\/\/sol.fm.br\/radio\/arrozeiros-celebram-aprovacao-do-uso-da-taxa-cdo-para-apoiar-cadeia-produtiva-do-arroz\/","title":{"rendered":"Arrozeiros celebram aprova\u00e7\u00e3o do uso da Taxa CDO para apoiar cadeia produtiva do arroz"},"content":{"rendered":"<div id=\"dslc-theme-content\"><div id=\"dslc-theme-content-inner\"><p style=\"text-align: center;\"><em>Por 48 votos favor\u00e1veis e nenhum contr\u00e1rio, projeto do governo articulado com entidades poder\u00e1 gerar benef\u00edcios imediatos ao setor<\/em><\/p>\n<p>O projeto de lei 472\/2025, que prop\u00f5e altera\u00e7\u00f5es no Instituto Rio Grandense do Arroz (Irga) para permitir o uso da Taxa de Coopera\u00e7\u00e3o e Defesa da Orizicultura (CDO) como mecanismo de apoio direto \u00e0 cadeia produtiva de arroz no Rio Grande do Sul, foi aprovado nesta ter\u00e7a-feira, 2 de dezembro, no plen\u00e1rio da Assembleia Legislativa do Estado. A Taxa CDO \u00e9 um tributo estadual institu\u00eddo pela lei que mant\u00e9m o Irga. A cobran\u00e7a incide sobre quem produz ou beneficia arroz em casca no Rio Grande do Sul. O objetivo \u00e9 custear medidas de defesa e est\u00edmulo da produ\u00e7\u00e3o oriz\u00edcola.<\/p>\n<p>O setor arrozeiro enfrenta crise com estoques elevados, queda acentuada nos pre\u00e7os, retra\u00e7\u00e3o da \u00e1rea cultivada e custos de produ\u00e7\u00e3o persistentes, o que pressiona a renda dos produtores. Diante desse cen\u00e1rio, cresce o debate sobre a necessidade de utilizar a CDO n\u00e3o apenas para custeio institucional do Irga, mas para oferecer apoio direto aos produtores.<\/p>\n<p>Acompanharam a vota\u00e7\u00e3o o diretor jur\u00eddico da Federa\u00e7\u00e3o das Associa\u00e7\u00f5es de Arrozeiros do Rio Grande do Sul (Federarroz), Anderson Belloli, o presidente do Conselho Consultivo da entidade, Alexandre Velho, o assessor da presid\u00eancia da Farsul, Lu\u00eds Fernando Pires, e representantes do Irga.<\/p>\n<p>Belloli destacou tratar-se de uma demanda antiga do setor agora concretizada em meio a um momento de extrema crise. \u201c<em>Parab\u00e9ns \u00e0 Federarroz e Farsul, entre outras entidades, e aos deputados Frederico Antunes e Marcus Vin\u00edcius, al\u00e9m de tantos outros deputados apoiadores. Acredito que o recurso vir\u00e1 em um momento importante e frente a uma situa\u00e7\u00e3o cr\u00edtica do setor<\/em>\u201d, enfatizou.<\/p>\n<p>Na mesma linha, Pires ressaltou que a Farsul tamb\u00e9m teve participa\u00e7\u00e3o destacada no processo. <em>\u201cSem d\u00favida alguma, a constru\u00e7\u00e3o coletiva e conjunta das entidades e parlamentares foi decisiva para o atendimento de uma demanda antiga e importante do setor. E por unanimidade, ou seja, todos os parlamentares entenderam a import\u00e2ncia do momento em que o nosso produtor de arroz sofre com as dificuldades de pre\u00e7o\u201d<\/em>, acrescentou. Pires agradeceu ao governo do Estado por entender, segundo ele, essa demanda, e aos parlamentares pela sensibilidade ao tema.<\/p>\n<p>A expectativa de uso dos recursos gira em torno de R$ 38 milh\u00f5es: cerca de R$ 20 milh\u00f5es para bonifica\u00e7\u00f5es em vendas externas e escoamento, e aproximadamente R$ 18 milh\u00f5es em aux\u00edlio a produtores atingidos por eventos clim\u00e1ticos adversos.<\/p>\n<hr \/>\n<h6><strong>AgroEffective | Assessoria de Comunica\u00e7\u00e3o da Federa\u00e7\u00e3o das Associa\u00e7\u00f5es de Arrozeiros do Rio Grande do Sul (Federarroz) | <span style=\"font-size: revert; color: initial;\">Foto: Artur Chagas\/AgroEffective |\u00a0<\/span>Texto: Artur Chagas\/AgroEffective<\/strong><\/h6>\n\n\n<center><iframe loading=\"lazy\" class=\"jmvplayer\" src=\"https:\/\/player.jmvstream.com\/lvw\/YYGWo5wfZuZ8fEW7Qoq1ISwhLSEDhU\" allowfullscreen allow=\"autoplay; fullscreen\" frameborder=\"0\" width=\"640\" height=\"360\" ><\/iframe><\/center>\n<\/div><\/div>","protected":false},"excerpt":{"rendered":"<p>Por 48 votos favor\u00e1veis e nenhum contr\u00e1rio, projeto do governo articulado com entidades poder\u00e1 gerar benef\u00edcios imediatos ao setor O projeto de lei 472\/2025, que prop\u00f5e altera\u00e7\u00f5es no Instituto Rio Grandense do Arroz (Irga) para permitir o uso da Taxa de Coopera\u00e7\u00e3o e Defesa da Orizicultura (CDO) como mecanismo de apoio direto \u00e0 cadeia produtiva [&hellip;]<\/p>\n","protected":false},"author":4,"featured_media":80713,"comment_status":"open","ping_status":"open","sticky":false,"template":"","format":"standard","meta":{"footnotes":""},"categories":[1],"tags":[],"class_list":["post-80712","post","type-post","status-publish","format-standard","has-post-thumbnail","hentry","category-sem-categoria"],"_links":{"self":[{"href":"http:\/\/sol.fm.br\/radio\/wp-json\/wp\/v2\/posts\/80712","targetHints":{"allow":["GET"]}}],"collection":[{"href":"http:\/\/sol.fm.br\/radio\/wp-json\/wp\/v2\/posts"}],"about":[{"href":"http:\/\/sol.fm.br\/radio\/wp-json\/wp\/v2\/types\/post"}],"author":[{"embeddable":true,"href":"http:\/\/sol.fm.br\/radio\/wp-json\/wp\/v2\/users\/4"}],"replies":[{"embeddable":true,"href":"http:\/\/sol.fm.br\/radio\/wp-json\/wp\/v2\/comments?post=80712"}],"version-history":[{"count":1,"href":"http:\/\/sol.fm.br\/radio\/wp-json\/wp\/v2\/posts\/80712\/revisions"}],"predecessor-version":[{"id":80714,"href":"http:\/\/sol.fm.br\/radio\/wp-json\/wp\/v2\/posts\/80712\/revisions\/80714"}],"wp:featuredmedia":[{"embeddable":true,"href":"http:\/\/sol.fm.br\/radio\/wp-json\/wp\/v2\/media\/80713"}],"wp:attachment":[{"href":"http:\/\/sol.fm.br\/radio\/wp-json\/wp\/v2\/media?parent=80712"}],"wp:term":[{"taxonomy":"category","embeddable":true,"href":"http:\/\/sol.fm.br\/radio\/wp-json\/wp\/v2\/categories?post=80712"},{"taxonomy":"post_tag","embeddable":true,"href":"http:\/\/sol.fm.br\/radio\/wp-json\/wp\/v2\/tags?post=80712"}],"curies":[{"name":"wp","href":"https:\/\/api.w.org\/{rel}","templated":true}]}}