{"id":80715,"date":"2025-12-04T10:14:45","date_gmt":"2025-12-04T13:14:45","guid":{"rendered":"http:\/\/sol.fm.br\/radio\/?p=80715"},"modified":"2025-12-04T10:14:48","modified_gmt":"2025-12-04T13:14:48","slug":"festa-da-colheita-marca-encerramento-da-36a-oktoberfest-de-igrejinha-e-anuncia-recursos-para-a-regiao","status":"publish","type":"post","link":"http:\/\/sol.fm.br\/radio\/festa-da-colheita-marca-encerramento-da-36a-oktoberfest-de-igrejinha-e-anuncia-recursos-para-a-regiao\/","title":{"rendered":"Festa da Colheita marca encerramento da 36\u00aa Oktoberfest de Igrejinha e anuncia recursos para a regi\u00e3o"},"content":{"rendered":"<div id=\"dslc-theme-content\"><div id=\"dslc-theme-content-inner\"><p class=\"x_yiv5911109113ydp47e787a5yiv2642406497MsoNormal\" align=\"center\"><i data-olk-copy-source=\"MessageBody\">No dia 11 de dezembro, evento apresentar\u00e1 o balan\u00e7o oficial da edi\u00e7\u00e3o e celebrar\u00e1 o trabalho dos mais de tr\u00eas mil volunt\u00e1rios ao som de Brilha Som e Porto do Som<\/i><\/p>\n<p class=\"x_yiv5911109113ydp47e787a5yiv2642406497MsoNormal\" aria-hidden=\"true\">\u00a0<\/p>\n<p class=\"x_yiv5911109113ydp47e787a5yiv2642406497MsoNormal\">A tradicional Festa da Colheita, marcada para o dia 11 de dezembro, ser\u00e1 o momento em que a Associa\u00e7\u00e3o de Amigos da Oktoberfest de Igrejinha (Amifest) apresentar\u00e1 o balan\u00e7o oficial da 36\u00aa edi\u00e7\u00e3o do evento, tornando p\u00fablico os recursos que ser\u00e3o destinados \u00e0s institui\u00e7\u00f5es beneficiadas do Vale do Paranhana. O encontro acontecer\u00e1 a partir das 19 horas, no Pavilh\u00e3o do Kerb, no Parque de Eventos Almiro Grings, com programa\u00e7\u00e3o aberta \u00e0 comunidade.<\/p>\n<p class=\"x_yiv5911109113ydp47e787a5yiv2642406497MsoNormal\">Celebrando o encerramento de mais um ano de trabalho coletivo, a Festa da Colheita refor\u00e7a a ess\u00eancia solid\u00e1ria da Oktoberfest de Igrejinha, que mobiliza mais de tr\u00eas mil volunt\u00e1rios e distribui seus resultados para \u00e1reas como sa\u00fade, educa\u00e7\u00e3o, seguran\u00e7a e cultura. Desde sua cria\u00e7\u00e3o, o evento j\u00e1 destinou mais de R$ 33 milh\u00f5es a organiza\u00e7\u00f5es da regi\u00e3o.<\/p>\n<p class=\"x_yiv5911109113ydp47e787a5yiv2642406497MsoNormal\" aria-hidden=\"true\"><img loading=\"lazy\" decoding=\"async\" class=\"size-medium wp-image-80717 alignleft\" src=\"http:\/\/sol.fm.br\/radio\/wp-content\/uploads\/2025\/12\/71-1-400x267.jpg\" alt=\"\" width=\"400\" height=\"267\" srcset=\"http:\/\/sol.fm.br\/radio\/wp-content\/uploads\/2025\/12\/71-1-400x267.jpg 400w, http:\/\/sol.fm.br\/radio\/wp-content\/uploads\/2025\/12\/71-1-768x512.jpg 768w, http:\/\/sol.fm.br\/radio\/wp-content\/uploads\/2025\/12\/71-1-600x400.jpg 600w, http:\/\/sol.fm.br\/radio\/wp-content\/uploads\/2025\/12\/71-1-1536x1024.jpg 1536w, http:\/\/sol.fm.br\/radio\/wp-content\/uploads\/2025\/12\/71-1.jpg 2048w\" sizes=\"auto, (max-width: 400px) 100vw, 400px\" \/><\/p>\n<p class=\"x_yiv5911109113ydp47e787a5yiv2642406497MsoNormal\">Para o presidente da Amifest, Falcon Jost, a Festa da Colheita sintetiza o prop\u00f3sito comunit\u00e1rio que sustenta o evento.\u00a0 \u201c<em>\u00c9 um sentimento de pertencimento, poder contribuir para a comunidade fazendo o bem sem olhar a quem, mantendo viva nossa cultura e o legado dos nossos antepassados. A Festa da Colheita \u00e9 esse reencontro com a comunidade, um momento de celebrar e apresentar com transpar\u00eancia tudo o que foi constru\u00eddo juntos<\/em>\u201d, definiu.<\/p>\n<p class=\"x_yiv5911109113ydp47e787a5yiv2642406497MsoNormal\">A programa\u00e7\u00e3o seguir\u00e1 ap\u00f3s o an\u00fancio dos resultados, com shows da Banda Brilha Som e Porto do Som a partir das 20h30, em uma noite de confraterniza\u00e7\u00e3o entre volunt\u00e1rios, parceiros e a comunidade local. \u201c<em>Convido a todos para estarem presentes conosco na Festa da Colheita, um grande momento de celebra\u00e7\u00e3o\u201d<\/em>, enaltece Jost.<\/p>\n<p class=\"x_yiv5911109113ydp47e787a5yiv2642406497MsoNormal\" aria-hidden=\"true\">\u00a0<\/p>\n<p class=\"x_yiv5911109113ydp47e787a5yiv2642406497MsoNormal\"><b>SERVI\u00c7O<\/b><\/p>\n<p class=\"x_yiv5911109113ydp47e787a5yiv2642406497MsoNormal\"><b>Evento:\u00a0<\/b>Festa da Colheita da 36\u00aa Oktoberfest de Igrejinha<\/p>\n<p class=\"x_yiv5911109113ydp47e787a5yiv2642406497MsoNormal\"><b>Data:\u00a0<\/b>11 de dezembro (quinta-feira)<\/p>\n<p class=\"x_yiv5911109113ydp47e787a5yiv2642406497MsoNormal\"><b>Hor\u00e1rio:\u00a0<\/b>das 19h \u00e0 1h<\/p>\n<p class=\"x_yiv5911109113ydp47e787a5yiv2642406497MsoNormal\"><b>Local:\u00a0<\/b>Parque de Eventos Almiro Grings | Pavilh\u00e3o do Kerb | Acesso pelo Port\u00e3o Norte<b><\/b><\/p>\n<p class=\"x_yiv5911109113ydp47e787a5yiv2642406497MsoNormal\"><b>Estacionamento:\u00a0<\/b>no<b>\u00a0<\/b>espa\u00e7o do Parque de Divers\u00f5es<\/p>\n<p class=\"x_yiv5911109113ydp47e787a5yiv2642406497MsoNormal\"><b>\u00a0<\/b><\/p>\n<p class=\"x_yiv5911109113ydp47e787a5yiv2642406497MsoNormal\"><b>Sobre a 36\u00aa Oktoberfest de Igrejinha<\/b>\u00a0\u2013 A festa aconteceu de 17 a 26 de outubro de 2025, no Parque de Eventos Almiro Grings. O evento foi promovido pela Associa\u00e7\u00e3o de Amigos da Oktoberfest de Igrejinha (Amifest) e contou com patroc\u00ednio da Eisenbahn, Coca-Cola, Piccadilly, Cal\u00e7ados Beira Rio, Usaflex, Sicoob, Ambiente Verde, Bebec\u00ea, Voltec, A\u00e7oriana Alimentos, Bibi, Construarte, Madeireira Status, Tacosola, Tintas Killing e Banrisul Cons\u00f3rcio. Al\u00e9m disso, teve patroc\u00ednio institucional da SECOM. Mais informa\u00e7\u00f5es atrav\u00e9s do site oficial\u00a0<a title=\"http:\/\/www.oktoberfest.org.br\" href=\"http:\/\/www.oktoberfest.org.br\/\" target=\"_blank\" rel=\"nofollow noopener noreferrer\" shape=\"rect\" data-auth=\"NotApplicable\" data-linkindex=\"0\">www.oktoberfest.org.br<\/a>\u00a0e das redes sociais.<\/p>\n<p class=\"x_yiv5911109113ydp47e787a5yiv2642406497MsoNormal\" style=\"text-align: center;\" aria-hidden=\"true\"><img loading=\"lazy\" decoding=\"async\" class=\"alignnone size-medium wp-image-80718\" src=\"http:\/\/sol.fm.br\/radio\/wp-content\/uploads\/2025\/12\/73-400x267.jpg\" alt=\"\" width=\"400\" height=\"267\" srcset=\"http:\/\/sol.fm.br\/radio\/wp-content\/uploads\/2025\/12\/73-400x267.jpg 400w, http:\/\/sol.fm.br\/radio\/wp-content\/uploads\/2025\/12\/73-768x512.jpg 768w, http:\/\/sol.fm.br\/radio\/wp-content\/uploads\/2025\/12\/73-600x400.jpg 600w, http:\/\/sol.fm.br\/radio\/wp-content\/uploads\/2025\/12\/73-1536x1024.jpg 1536w, http:\/\/sol.fm.br\/radio\/wp-content\/uploads\/2025\/12\/73.jpg 2048w\" sizes=\"auto, (max-width: 400px) 100vw, 400px\" \/> <img loading=\"lazy\" decoding=\"async\" class=\"alignnone size-medium wp-image-80719\" src=\"http:\/\/sol.fm.br\/radio\/wp-content\/uploads\/2025\/12\/72-1-400x267.jpg\" alt=\"\" width=\"400\" height=\"267\" srcset=\"http:\/\/sol.fm.br\/radio\/wp-content\/uploads\/2025\/12\/72-1-400x267.jpg 400w, http:\/\/sol.fm.br\/radio\/wp-content\/uploads\/2025\/12\/72-1-768x512.jpg 768w, http:\/\/sol.fm.br\/radio\/wp-content\/uploads\/2025\/12\/72-1-600x400.jpg 600w, http:\/\/sol.fm.br\/radio\/wp-content\/uploads\/2025\/12\/72-1-1536x1024.jpg 1536w, http:\/\/sol.fm.br\/radio\/wp-content\/uploads\/2025\/12\/72-1.jpg 2048w\" sizes=\"auto, (max-width: 400px) 100vw, 400px\" \/><\/p>\n<p class=\"x_yiv5911109113ydp47e787a5yiv2642406497MsoNormal\"><b>Pr\u00f3xima edi\u00e7\u00e3o<\/b>: a 37\u00aa edi\u00e7\u00e3o da Oktoberfest de Igrejinha j\u00e1 est\u00e1 confirmada e acontecer\u00e1 de 09 a 18 de outubro de 2026, sob a presid\u00eancia de Aline Hess e Tiago Rech, que assumem os trabalhos ap\u00f3s a Festa da Colheita, em dezembro. Ao lado deles, Kenny Thomas e Marqueli Heidrich ser\u00e3o vice-presidentes, dando continuidade ao legado de uni\u00e3o, voluntariado e amor pela comunidade que marca a hist\u00f3ria da festa.<\/p>\n<hr \/>\n<h6><strong>Assessoria de Imprensa - Talenttare | Fotos: Cleiton Miguel<\/strong><\/h6>\n\n\n<center><iframe loading=\"lazy\" class=\"jmvplayer\" src=\"https:\/\/player.jmvstream.com\/lvw\/YYGWo5wfZuZ8fEW7Qoq1ISwhLSEDhU\" allowfullscreen allow=\"autoplay; fullscreen\" frameborder=\"0\" width=\"640\" height=\"360\" ><\/iframe><\/center>\n<\/div><\/div>","protected":false},"excerpt":{"rendered":"<p>No dia 11 de dezembro, evento apresentar\u00e1 o balan\u00e7o oficial da edi\u00e7\u00e3o e celebrar\u00e1 o trabalho dos mais de tr\u00eas mil volunt\u00e1rios ao som de Brilha Som e Porto do Som \u00a0 A tradicional Festa da Colheita, marcada para o dia 11 de dezembro, ser\u00e1 o momento em que a Associa\u00e7\u00e3o de Amigos da Oktoberfest [&hellip;]<\/p>\n","protected":false},"author":4,"featured_media":80716,"comment_status":"open","ping_status":"open","sticky":false,"template":"","format":"standard","meta":{"footnotes":""},"categories":[1],"tags":[],"class_list":["post-80715","post","type-post","status-publish","format-standard","has-post-thumbnail","hentry","category-sem-categoria"],"_links":{"self":[{"href":"http:\/\/sol.fm.br\/radio\/wp-json\/wp\/v2\/posts\/80715","targetHints":{"allow":["GET"]}}],"collection":[{"href":"http:\/\/sol.fm.br\/radio\/wp-json\/wp\/v2\/posts"}],"about":[{"href":"http:\/\/sol.fm.br\/radio\/wp-json\/wp\/v2\/types\/post"}],"author":[{"embeddable":true,"href":"http:\/\/sol.fm.br\/radio\/wp-json\/wp\/v2\/users\/4"}],"replies":[{"embeddable":true,"href":"http:\/\/sol.fm.br\/radio\/wp-json\/wp\/v2\/comments?post=80715"}],"version-history":[{"count":1,"href":"http:\/\/sol.fm.br\/radio\/wp-json\/wp\/v2\/posts\/80715\/revisions"}],"predecessor-version":[{"id":80720,"href":"http:\/\/sol.fm.br\/radio\/wp-json\/wp\/v2\/posts\/80715\/revisions\/80720"}],"wp:featuredmedia":[{"embeddable":true,"href":"http:\/\/sol.fm.br\/radio\/wp-json\/wp\/v2\/media\/80716"}],"wp:attachment":[{"href":"http:\/\/sol.fm.br\/radio\/wp-json\/wp\/v2\/media?parent=80715"}],"wp:term":[{"taxonomy":"category","embeddable":true,"href":"http:\/\/sol.fm.br\/radio\/wp-json\/wp\/v2\/categories?post=80715"},{"taxonomy":"post_tag","embeddable":true,"href":"http:\/\/sol.fm.br\/radio\/wp-json\/wp\/v2\/tags?post=80715"}],"curies":[{"name":"wp","href":"https:\/\/api.w.org\/{rel}","templated":true}]}}