{"id":80721,"date":"2025-12-04T10:18:02","date_gmt":"2025-12-04T13:18:02","guid":{"rendered":"http:\/\/sol.fm.br\/radio\/?p=80721"},"modified":"2025-12-04T10:18:04","modified_gmt":"2025-12-04T13:18:04","slug":"mais-de-10-mil-presentes-arrecadados-no-natal-cooperativo-comecam-a-ser-entregues-nesta-semana","status":"publish","type":"post","link":"http:\/\/sol.fm.br\/radio\/mais-de-10-mil-presentes-arrecadados-no-natal-cooperativo-comecam-a-ser-entregues-nesta-semana\/","title":{"rendered":"Mais de 10 mil presentes arrecadados no Natal Cooperativo come\u00e7am a ser entregues nesta semana"},"content":{"rendered":"<div id=\"dslc-theme-content\"><div id=\"dslc-theme-content-inner\"><p style=\"text-align: center;\"><i data-olk-copy-source=\"MessageBody\">Iniciativa da Sicredi Caminho das \u00c1guas percorre mais de 30 cidades, levando brinquedos e doces a crian\u00e7as carentes<\/i><\/p>\n<div>\n<p>Em clima natalino, a Sicredi Caminho das \u00c1gua come\u00e7a nesta semana as entregas do\u00a0Natal Cooperativo. Em 2025, a campanha que incentiva a doa\u00e7\u00e3o de brinquedos chega \u00e0 sua quarta edi\u00e7\u00e3o consolidada dentro das iniciativas de impacto social da cooperativa. Neste ano, o per\u00edodo de distribui\u00e7\u00e3o dos mais de 10 mil presentes ocorre de 5 a 23 de dezembro.<\/p>\n<p>Ap\u00f3s a etapa de arrecada\u00e7\u00e3o, que ocorreu em novembro em cada uma das 26 ag\u00eancias da Sicredi Caminho das \u00c1guas, os brinquedos e doces arrecadados s\u00e3o organizados e distribu\u00eddos na pr\u00f3pria cidade onde foram doados, garantindo que o impacto seja local. De acordo com a quantidade de doa\u00e7\u00f5es, cada ag\u00eancia escolhe uma entidade beneficente e\/ou escola para receber os brinquedos.<\/p>\n<p>Como j\u00e1 se tornou tradi\u00e7\u00e3o, as entregas ser\u00e3o realizadas com o apoio da unidade m\u00f3vel\u00a0Conecta, que estar\u00e1 iluminada e enfeitada para a a\u00e7\u00e3o de Natal. A entrega ser\u00e1 feita pelos colaboradores da ag\u00eancia, com um Papai Noel, e um kit de doces acompanhar\u00e1 o brinquedo.\u00a0<\/p>\n<p>O caminh\u00e3o passar\u00e1 em\u00a0carreata por mais de 30 munic\u00edpios das regi\u00f5es do Vale do Paranhana e do litoral ga\u00facho: Rolante, Igrejinha, Sapiranga, Taquara, Cap\u00e3o da Canoa, Torres, Os\u00f3rio, Tramanda\u00ed, Santo Ant\u00f4nio da Patrulha, Riozinho, Parob\u00e9, Terra de Areia, Nova Hartz, Araric\u00e1, Itati, Tr\u00eas Forquilhas, Palmares do Sul, Tr\u00eas Coroas, Campo Bom, Tr\u00eas Cachoeiras, Morrinhos, Capivari do Sul, Maquin\u00e9, Arroio do Sal, Mostardas, Tavares, Balne\u00e1rio Pinhal, Cidreira, Imb\u00e9, Xangri-l\u00e1 e Cara\u00e1.<\/p>\n<p>Para o diretor executivo da Sicredi Caminho das \u00c1guas, Sherlei Zuccheti, o Natal Cooperativo tem como objetivo fortalecer, nesta especial \u00e9poca do ano, o esp\u00edrito de coopera\u00e7\u00e3o nas comunidades da sua \u00e1rea de atua\u00e7\u00e3o. \u201c<em>Al\u00e9m de superarmos a marca de arrecada\u00e7\u00e3o do ano interior para que ainda mais crian\u00e7as tenham um final de ano mais feliz, nosso desejo \u00e9 envolver a comunidade como um todo em mais um momento que mostra como a uni\u00e3o gera um impacto positivo na sociedade\u201d<\/em>, destaca.<\/p>\n<p>Acompanhe a programa\u00e7\u00e3o completa da caravana, com dia e hor\u00e1rio de cada local, no perfil @sicredicaminhodasaguas e participe desta alegre celebra\u00e7\u00e3o na sua cidade!<\/p>\n<p>\u00a0<\/p>\n<p><strong>Sobre a Sicredi Caminho das \u00c1guas<\/strong><\/p>\n<p>Constitu\u00edda em 1923, a Sicredi Caminho das \u00c1guas integra o Sistema Sicredi \u2013 composto por mais de 100 cooperativas em todo o Brasil. A institui\u00e7\u00e3o oferece um portf\u00f3lio completo com mais de 300 solu\u00e7\u00f5es financeiras para liberar o potencial de pessoas e neg\u00f3cios. Com sede em Rolante (RS), re\u00fane mais de 95 mil associados em uma \u00e1rea de atua\u00e7\u00e3o que abrange 33 munic\u00edpios do Vale do Paranhana e do Litoral Norte ga\u00facho, como Igrejinha, Sapiranga, Taquara, Cap\u00e3o da Canoa, Torres, Os\u00f3rio, Tramanda\u00ed, entre outros.<\/p>\n<hr \/>\n<h6><strong>Sublinha! Comunica\u00e7\u00e3o | Assessoria de Imprensa - Sicredi Caminho das \u00c1guas | Foto: Arquivo Sicredi Caminho das \u00c1guas<\/strong><\/h6>\n<\/div>\n\n\n<center><iframe loading=\"lazy\" class=\"jmvplayer\" src=\"https:\/\/player.jmvstream.com\/lvw\/YYGWo5wfZuZ8fEW7Qoq1ISwhLSEDhU\" allowfullscreen allow=\"autoplay; fullscreen\" frameborder=\"0\" width=\"640\" height=\"360\" ><\/iframe><\/center>\n<\/div><\/div>","protected":false},"excerpt":{"rendered":"<p>Iniciativa da Sicredi Caminho das \u00c1guas percorre mais de 30 cidades, levando brinquedos e doces a crian\u00e7as carentes Em clima natalino, a Sicredi Caminho das \u00c1gua come\u00e7a nesta semana as entregas do\u00a0Natal Cooperativo. Em 2025, a campanha que incentiva a doa\u00e7\u00e3o de brinquedos chega \u00e0 sua quarta edi\u00e7\u00e3o consolidada dentro das iniciativas de impacto social [&hellip;]<\/p>\n","protected":false},"author":4,"featured_media":80722,"comment_status":"open","ping_status":"open","sticky":false,"template":"","format":"standard","meta":{"footnotes":""},"categories":[1],"tags":[],"class_list":["post-80721","post","type-post","status-publish","format-standard","has-post-thumbnail","hentry","category-sem-categoria"],"_links":{"self":[{"href":"http:\/\/sol.fm.br\/radio\/wp-json\/wp\/v2\/posts\/80721","targetHints":{"allow":["GET"]}}],"collection":[{"href":"http:\/\/sol.fm.br\/radio\/wp-json\/wp\/v2\/posts"}],"about":[{"href":"http:\/\/sol.fm.br\/radio\/wp-json\/wp\/v2\/types\/post"}],"author":[{"embeddable":true,"href":"http:\/\/sol.fm.br\/radio\/wp-json\/wp\/v2\/users\/4"}],"replies":[{"embeddable":true,"href":"http:\/\/sol.fm.br\/radio\/wp-json\/wp\/v2\/comments?post=80721"}],"version-history":[{"count":1,"href":"http:\/\/sol.fm.br\/radio\/wp-json\/wp\/v2\/posts\/80721\/revisions"}],"predecessor-version":[{"id":80723,"href":"http:\/\/sol.fm.br\/radio\/wp-json\/wp\/v2\/posts\/80721\/revisions\/80723"}],"wp:featuredmedia":[{"embeddable":true,"href":"http:\/\/sol.fm.br\/radio\/wp-json\/wp\/v2\/media\/80722"}],"wp:attachment":[{"href":"http:\/\/sol.fm.br\/radio\/wp-json\/wp\/v2\/media?parent=80721"}],"wp:term":[{"taxonomy":"category","embeddable":true,"href":"http:\/\/sol.fm.br\/radio\/wp-json\/wp\/v2\/categories?post=80721"},{"taxonomy":"post_tag","embeddable":true,"href":"http:\/\/sol.fm.br\/radio\/wp-json\/wp\/v2\/tags?post=80721"}],"curies":[{"name":"wp","href":"https:\/\/api.w.org\/{rel}","templated":true}]}}