{"id":80909,"date":"2025-12-10T14:19:01","date_gmt":"2025-12-10T17:19:01","guid":{"rendered":"http:\/\/sol.fm.br\/radio\/?p=80909"},"modified":"2025-12-10T14:19:05","modified_gmt":"2025-12-10T17:19:05","slug":"biotecnologia-eleva-o-cafe-mineiro-a-outro-patamar-de-produtividade-e-sustentabilidade","status":"publish","type":"post","link":"http:\/\/sol.fm.br\/radio\/biotecnologia-eleva-o-cafe-mineiro-a-outro-patamar-de-produtividade-e-sustentabilidade\/","title":{"rendered":"Biotecnologia eleva o caf\u00e9 mineiro a outro patamar de produtividade e sustentabilidade"},"content":{"rendered":"<div id=\"dslc-theme-content\"><div id=\"dslc-theme-content-inner\"><p style=\"text-align: center;\"><i data-olk-copy-source=\"MessageBody\">Cafeicultura de Minas Gerais ganha refor\u00e7o de microrganismos inteligentes, enquanto Superbac consolida presen\u00e7a em polos estrat\u00e9gicos do estado<\/i><\/p>\n<div>\n<p>A maior frente cafeeira do mundo est\u00e1 em Minas Gerais, estado que concentra cerca de 1,38 milh\u00e3o de hectares de caf\u00e9 e responde, sozinho, por mais de um ter\u00e7o da produ\u00e7\u00e3o nacional, de acordo com a Conab.\u00a0 Em um cen\u00e1rio de clima mais irregular, custos altos e press\u00e3o por sustentabilidade, a biotecnologia come\u00e7a a redesenhar o manejo das lavouras, e empresas como a brasileira Superbac ganham espa\u00e7o ao levar microrganismos ben\u00e9ficos para dentro do\u00a0<em>pellet<\/em>\u00a0de adubo, com reflexos diretos no enraizamento, na nutri\u00e7\u00e3o e na estabilidade de safra.<\/p>\n<p><img loading=\"lazy\" decoding=\"async\" class=\"size-medium wp-image-80911 alignleft\" src=\"http:\/\/sol.fm.br\/radio\/wp-content\/uploads\/2025\/12\/51-3-180x400.jpg\" alt=\"\" width=\"180\" height=\"400\" srcset=\"http:\/\/sol.fm.br\/radio\/wp-content\/uploads\/2025\/12\/51-3-180x400.jpg 180w, http:\/\/sol.fm.br\/radio\/wp-content\/uploads\/2025\/12\/51-3-691x1536.jpg 691w, http:\/\/sol.fm.br\/radio\/wp-content\/uploads\/2025\/12\/51-3.jpg 720w\" sizes=\"auto, (max-width: 180px) 100vw, 180px\" \/><\/p>\n<p>Segundo a Embrapa Caf\u00e9, a safra brasileira de 2024 somou 54,21 milh\u00f5es de sacas de 60 kg, sendo 73% de caf\u00e9 ar\u00e1bica, consolidando o pa\u00eds como maior produtor e exportador mundial. Em 2025, estimativas apontam que a cultura por aqui ocupa cerca de 1,85 milh\u00e3o de hectares, refor\u00e7ando a dimens\u00e3o do desafio de produzir mais em uma \u00e1rea que aumenta devagar e sob estresse clim\u00e1tico crescente. \u00c9 nesse contexto que Minas Gerais, com 26,1 milh\u00f5es de sacas estimadas para a safra atual, tornou-se um laborat\u00f3rio a c\u00e9u aberto para solu\u00e7\u00f5es biotecnol\u00f3gicas.<\/p>\n<p>Com mais de 20 anos de atua\u00e7\u00e3o em biotecnologia, a Superbac consolidou-se como refer\u00eancia em fertilizantes que combinam nutrientes minerais com um condicionador biol\u00f3gico de solo, baseado em bact\u00e9rias selecionadas, a chamada tecnologia SMARTBAC. Tradicionalmente mais focada em cana-de-a\u00e7\u00facar, cereais e hortifr\u00fati, a empresa passou a olhar o caf\u00e9 estrategicamente, especialmente em Minas Gerais, onde o cultivo \u00e9 distribu\u00eddo em polos como Cerrado, Sul, zonas de Matas e Noroeste do estado.<\/p>\n<p>A companhia vem inclusive ampliando sua atua\u00e7\u00e3o em munic\u00edpios como Monte Carmelo, Patroc\u00ednio, Patos de Minas, Ibi\u00e1, Araguari, Indian\u00f3polis e Coromandel, al\u00e9m de Una\u00ed, Paracatu e Buritis, no Noroeste mineiro, \u00e1rea que re\u00fane algo entre 250 e 300 mil hectares de caf\u00e9, segundo levantamento interno da empresa. \u201c<em>O caf\u00e9 \u00e9 hoje estrat\u00e9gico para a empresa por tr\u00eas raz\u00f5es principais: pelo peso econ\u00f4mico da cultura, pela necessidade de grandes volumes de fertilizantes e por uma classe produtora cada vez mais aberta a tecnologias que unam produtividade e sustentabilidade\u201d<\/em>, afirma Fabricio Avila Souza, gerente regional da Superbac.<\/p>\n<p><strong>Resultados no campo<\/strong><\/p>\n<p>Nas lavouras, o destaque \u00e9 a linha de fertilizantes biotecnol\u00f3gicos Supergan, que leva microrganismos do g\u00eanero\u00a0<em>Bacillus<\/em>\u00a0para a zona radicular. Quando aplicado e encontra umidade e ra\u00edzes ativas, as bact\u00e9rias \u201cacordam\u201d e formam um biofilme, uma esp\u00e9cie de pel\u00edcula viva capaz de liberar horm\u00f4nios naturais, solubilizar f\u00f3sforo retido, aumentar a efici\u00eancia de nitrog\u00eanio e pot\u00e1ssio e melhorar a absor\u00e7\u00e3o de micronutrientes. Diferentemente dos adubos puramente minerais, essa combina\u00e7\u00e3o de fra\u00e7\u00e3o org\u00e2nica altamente sol\u00favel com microbiologia ativa reduz o efeito salino do pot\u00e1ssio, diminui a lixivia\u00e7\u00e3o, melhora a estrutura f\u00edsica do solo e aumenta a reten\u00e7\u00e3o de \u00e1gua no perfil.<\/p>\n<p>\u201c<em>Nas \u00e1reas tratadas, observa-se mais enraizamento, colora\u00e7\u00e3o mais intensa, folhas mais espessas e ramos com maior carga produtiva<\/em>\u201d, descreve o profissional da empresa, citando contrastes vis\u00edveis entre talh\u00f5es que receberam o pacote biotecnol\u00f3gico e \u00e1reas conduzidas apenas com aduba\u00e7\u00e3o qu\u00edmica convencional. A empresa destaca ainda o efeito na recupera\u00e7\u00e3o p\u00f3s-colheita, com redu\u00e7\u00e3o da bianualidade, um dos problemas mais sens\u00edveis do cafeicultor mineiro.<\/p>\n<p>Os primeiros resultados mais consistentes v\u00eam justamente de regi\u00f5es de caf\u00e9 de alta tecnologia, como o Cerrado Mineiro e a Campanha Sul de Minas, onde produtores j\u00e1 adotam manejo de precis\u00e3o, irriga\u00e7\u00e3o em parte das \u00e1reas e nutri\u00e7\u00e3o baseada em an\u00e1lise de solo. Em \u00e1reas que passaram a utilizar a biotecnologia da Superbac, foram relatados incrementos produtivos j\u00e1 no primeiro ano de uso, ganhos em uniformidade das plantas e maior resili\u00eancia a per\u00edodos de veranico.<\/p>\n<p>Em propriedades que adotaram essa tecnologia, houve relatados ganhos j\u00e1 no primeiro ano de uso, acompanhados de melhora na uniformidade das plantas, na qualidade da bebida e na redu\u00e7\u00e3o de custos indiretos, gra\u00e7as \u00e0 menor necessidade de corre\u00e7\u00f5es nutricionais e interven\u00e7\u00f5es emergenciais no campo.<\/p>\n<p><strong>Produtividade, solo vivo e caf\u00e9 mais sustent\u00e1vel<\/strong><\/p>\n<p>Na pr\u00e1tica, a biotecnologia tem sido apresentada aos produtores mineiros como um pacote tecnol\u00f3gico que atua simultaneamente em tr\u00eas frentes: planta, solo e resultado econ\u00f4mico. Ao melhorar o aproveitamento de nutrientes, a empresa afirma ser poss\u00edvel ajustar doses de fertilizantes sem perda de produtividade, o que, em um ambiente de insumos caros, se traduz em redu\u00e7\u00e3o de custo por saca produzida. Ao mesmo tempo, plantas mais equilibradas nutricionalmente tendem a registrar menor press\u00e3o de doen\u00e7as como ferrugem e cercospora, permitindo, em alguns casos, racionalizar o uso de defensivos.<\/p>\n<p>Os ganhos ambientais tamb\u00e9m come\u00e7am a ser medidos. Souza cita an\u00e1lises biol\u00f3gicas que indicam maior atividade microbiana e aumento de mat\u00e9ria org\u00e2nica em \u00e1reas tratadas, com potencial de maior reten\u00e7\u00e3o de carbono no solo. Isso \u00e9 indicador que interessa tanto a programas de sustentabilidade quanto a projetos futuros de cr\u00e9dito de carbono ligados \u00e0 cafeicultura. Para o produtor, por\u00e9m, o que pesa primeiro \u00e9 o resultado no talh\u00e3o: ra\u00edzes mais profundas, plantas mais vigorosas e ramos produtivos cheios, mesmo em anos de clima mais desafiador.<\/p>\n<p>A aposta da empresa \u00e9 que a biotecnologia deve se tornar um dos pilares da cafeicultura brasileira no m\u00e9dio prazo, especialmente \u00e0 medida que aumentam os plantios sobre \u00e1reas antigas, com presen\u00e7a de nematoides e fungos de solo, e crescem as exig\u00eancias de mercado por caf\u00e9s produzidos com protocolos sustent\u00e1veis. Estudos citados por entidades do setor j\u00e1 apontam que compradores internacionais come\u00e7am a pagar mais por caf\u00e9s certificados e com pr\u00e1ticas de menor impacto ambiental, tend\u00eancia que tende a valorizar projetos que combinem produtividade e conserva\u00e7\u00e3o de recursos naturais.<\/p>\n<p>A biotecnologia deixou de ser \u201cacess\u00f3rio\u201d para assumir papel de eixo no manejo moderno desse gr\u00e3o O recado ao produtor \u00e9 claro: quem busca mais produtividade, vigor, sanidade das plantas, menor bienalidade e melhor qualidade de solo tende a encontrar na biotecnologia um aliado decisivo. <em>\u201cSe o produtor quer uma lavoura mais equilibrada, produtiva e preparada para o futuro, precisa experimentar\u00a0o potencial da biotecnologia<\/em>\u201d, afirma o especialista da Superbac.<\/p>\n<hr \/>\n<h6><strong>RuralPress | Fotos: Divulga\u00e7\u00e3o Superbac<\/strong><\/h6>\n<\/div>\n\n\n<center><iframe loading=\"lazy\" class=\"jmvplayer\" src=\"https:\/\/player.jmvstream.com\/lvw\/YYGWo5wfZuZ8fEW7Qoq1ISwhLSEDhU\" allowfullscreen allow=\"autoplay; fullscreen\" frameborder=\"0\" width=\"640\" height=\"360\" ><\/iframe><\/center>\n<\/div><\/div>","protected":false},"excerpt":{"rendered":"<p>Cafeicultura de Minas Gerais ganha refor\u00e7o de microrganismos inteligentes, enquanto Superbac consolida presen\u00e7a em polos estrat\u00e9gicos do estado A maior frente cafeeira do mundo est\u00e1 em Minas Gerais, estado que concentra cerca de 1,38 milh\u00e3o de hectares de caf\u00e9 e responde, sozinho, por mais de um ter\u00e7o da produ\u00e7\u00e3o nacional, de acordo com a Conab.\u00a0 [&hellip;]<\/p>\n","protected":false},"author":4,"featured_media":80910,"comment_status":"open","ping_status":"open","sticky":false,"template":"","format":"standard","meta":{"footnotes":""},"categories":[1],"tags":[],"class_list":["post-80909","post","type-post","status-publish","format-standard","has-post-thumbnail","hentry","category-sem-categoria"],"_links":{"self":[{"href":"http:\/\/sol.fm.br\/radio\/wp-json\/wp\/v2\/posts\/80909","targetHints":{"allow":["GET"]}}],"collection":[{"href":"http:\/\/sol.fm.br\/radio\/wp-json\/wp\/v2\/posts"}],"about":[{"href":"http:\/\/sol.fm.br\/radio\/wp-json\/wp\/v2\/types\/post"}],"author":[{"embeddable":true,"href":"http:\/\/sol.fm.br\/radio\/wp-json\/wp\/v2\/users\/4"}],"replies":[{"embeddable":true,"href":"http:\/\/sol.fm.br\/radio\/wp-json\/wp\/v2\/comments?post=80909"}],"version-history":[{"count":1,"href":"http:\/\/sol.fm.br\/radio\/wp-json\/wp\/v2\/posts\/80909\/revisions"}],"predecessor-version":[{"id":80912,"href":"http:\/\/sol.fm.br\/radio\/wp-json\/wp\/v2\/posts\/80909\/revisions\/80912"}],"wp:featuredmedia":[{"embeddable":true,"href":"http:\/\/sol.fm.br\/radio\/wp-json\/wp\/v2\/media\/80910"}],"wp:attachment":[{"href":"http:\/\/sol.fm.br\/radio\/wp-json\/wp\/v2\/media?parent=80909"}],"wp:term":[{"taxonomy":"category","embeddable":true,"href":"http:\/\/sol.fm.br\/radio\/wp-json\/wp\/v2\/categories?post=80909"},{"taxonomy":"post_tag","embeddable":true,"href":"http:\/\/sol.fm.br\/radio\/wp-json\/wp\/v2\/tags?post=80909"}],"curies":[{"name":"wp","href":"https:\/\/api.w.org\/{rel}","templated":true}]}}