{"id":80913,"date":"2025-12-10T14:24:09","date_gmt":"2025-12-10T17:24:09","guid":{"rendered":"http:\/\/sol.fm.br\/radio\/?p=80913"},"modified":"2025-12-10T14:24:12","modified_gmt":"2025-12-10T17:24:12","slug":"mea-o-maior-memorial-dedicado-a-agricultura-na-america-latina-completa-dois-anos-de-atividades-no-rs","status":"publish","type":"post","link":"http:\/\/sol.fm.br\/radio\/mea-o-maior-memorial-dedicado-a-agricultura-na-america-latina-completa-dois-anos-de-atividades-no-rs\/","title":{"rendered":"MEA: o maior memorial dedicado \u00e0 agricultura na Am\u00e9rica Latina completa dois anos de atividades no RS"},"content":{"rendered":"<div id=\"dslc-theme-content\"><div id=\"dslc-theme-content-inner\"><p style=\"text-align: center;\"><i data-olk-copy-source=\"MessageBody\">Memorial da Evolu\u00e7\u00e3o Agr\u00edcola recebeu mais de 79 mil visitantes em 2025 e se consolida como um ponto de cultura e turismo no Noroeste ga\u00facho.<\/i><\/p>\n<div>\n<p>No dia 14 de dezembro, o Noroeste ga\u00facho celebra os dois anos de um de seus principais pontos de cultura, turismo e mem\u00f3ria: o MEA \u2013 Memorial da Evolu\u00e7\u00e3o Agr\u00edcola. Considerado o maior memorial dedicado \u00e0 agricultura da Am\u00e9rica Latina, o complexo est\u00e1 localizado em Horizontina, territ\u00f3rio emblem\u00e1tico pela tradi\u00e7\u00e3o agr\u00edcola e pela inova\u00e7\u00e3o \u2014 ber\u00e7o da primeira colheitadeira automotriz do Brasil, a SLC 65-A.<\/p>\n<p>Iniciativa do Minist\u00e9rio da Cultura e do Instituto John Deere, viabilizada pela Lei Rouanet de Incentivo \u00e0 Cultura, o MEA oferece programa\u00e7\u00e3o gratuita, acess\u00edvel e aberta \u00e0 comunidade. Em 2025, o Memorial registrou 79.500 visitantes, um aumento de cerca de 30% em rela\u00e7\u00e3o a 2024. Ao todo, em dois anos, j\u00e1 foram cerca de 140 mil visita\u00e7\u00f5es no espa\u00e7o que integra ci\u00eancia, tecnologia, arte e cultura.<\/p>\n<p>Al\u00e9m do aumento na visita\u00e7\u00e3o espont\u00e2nea, o MEA ampliou sua agenda educativa e cultural, totalizando 185 atividades que reuniram 5.540 participantes ao longo de 2025. Entre os programas cont\u00ednuos est\u00e3o o Prosas com a Escola, dedicado \u00e0 forma\u00e7\u00e3o de professores e ao di\u00e1logo com estudantes; o M\u00e3os e Fios, que valoriza pr\u00e1ticas artesanais; o Roda com Ci\u00eancia, que aproxima ci\u00eancia, tecnologia e comunidade; e o Lazer no MEA, que integra esporte, bem-estar e v\u00ednculos comunit\u00e1rios.<\/p>\n<p>\u201c<em>O segundo ano mostrou a for\u00e7a do MEA como espa\u00e7o cultural integrado \u00e0 comunidade. O crescimento da visita\u00e7\u00e3o e o engajamento nas atividades refor\u00e7am que estamos no caminho certo<\/em>\u201d, avalia Karina Muniz Viana, diretora do Memorial.<\/p>\n<p><strong>Experi\u00eancias para todos os p\u00fablicos<\/strong><\/p>\n<p>O p\u00fablico encontra no MEA um conjunto amplo de experi\u00eancias educativas, culturais e socioambientais voltadas a estudantes, professores, fam\u00edlias, pessoas idosas, pessoas com defici\u00eancia, agricultores e turistas. A exposi\u00e7\u00e3o permanente, totalmente gratuita, apresenta ambientes imersivos que narram a evolu\u00e7\u00e3o da agricultura no pa\u00eds e convida \u00e0 reflex\u00e3o sobre o futuro sustent\u00e1vel do campo.<\/p>\n<p>O Memorial tamb\u00e9m abriga a Cozinha Experimental, o Ateli\u00ea Educativo, \u00e1reas de lazer e bem-estar e desenvolve oficinas, rodas de conversa, apresenta\u00e7\u00f5es musicais, espet\u00e1culos teatrais e a\u00e7\u00f5es em parceria com escolas e universidades. Para institui\u00e7\u00f5es de ensino, o agendamento \u00e9 gratuito e oferece media\u00e7\u00f5es educativas especializadas.<\/p>\n<p><strong>Consolida\u00e7\u00e3o na comunidade ga\u00facha e novas parcerias<\/strong><\/p>\n<p>Um dos marcos de 2025 foi a assinatura do Acordo de Coopera\u00e7\u00e3o T\u00e9cnica entre o MEA e a Secretaria de Estado da Cultura (Sedac). A parceria prev\u00ea interc\u00e2mbio de acervos, a\u00e7\u00f5es conjuntas e iniciativas voltadas \u00e0 valoriza\u00e7\u00e3o da mem\u00f3ria social e cultural do Rio Grande do Sul. A previs\u00e3o \u00e9 de que as a\u00e7\u00f5es em conjunto com a Sedac iniciem em 2026.<\/p>\n<p>Outro destaque foi o reconhecimento de Institui\u00e7\u00e3o de Utilidade P\u00fablica Municipal, por meio da Lei n\u00ba 4.343, aprovada por unanimidade na C\u00e2mara Municipal e sancionada em 22 de agosto. O t\u00edtulo consolida o Memorial como refer\u00eancia cultural e social em Horizontina e em toda a regi\u00e3o Noroeste.\u00a0<\/p>\n<p>A certifica\u00e7\u00e3o n\u00e3o altera a gest\u00e3o privada do Memorial, que segue como entidade sem fins lucrativos, gratuita e aberta ao p\u00fablico, mas amplia sua capacidade de estabelecer novas parcerias com institui\u00e7\u00f5es de ensino, organiza\u00e7\u00f5es sociais e \u00f3rg\u00e3os p\u00fablicos, fortalecendo o alcance das a\u00e7\u00f5es educativas e culturais.<\/p>\n<p>Os avan\u00e7os registrados ao longo de 2025 mostram que o MEA se tornou mais do que um espa\u00e7o expositivo: \u00e9 hoje um polo cultural que dialoga com o territ\u00f3rio, forma p\u00fablicos e inspira novas gera\u00e7\u00f5es. A expectativa \u00e9 de que 2026 fortale\u00e7a ainda mais esse papel, ampliando o alcance e a relev\u00e2ncia do Memorial para a regi\u00e3o e para o Rio Grande do Sul.<\/p>\n<p aria-hidden=\"true\"><img loading=\"lazy\" decoding=\"async\" class=\"alignnone size-medium wp-image-80915 aligncenter\" src=\"http:\/\/sol.fm.br\/radio\/wp-content\/uploads\/2025\/12\/61-3-400x267.jpg\" alt=\"\" width=\"400\" height=\"267\" srcset=\"http:\/\/sol.fm.br\/radio\/wp-content\/uploads\/2025\/12\/61-3-400x267.jpg 400w, http:\/\/sol.fm.br\/radio\/wp-content\/uploads\/2025\/12\/61-3-768x512.jpg 768w, http:\/\/sol.fm.br\/radio\/wp-content\/uploads\/2025\/12\/61-3-600x400.jpg 600w, http:\/\/sol.fm.br\/radio\/wp-content\/uploads\/2025\/12\/61-3-1536x1024.jpg 1536w, http:\/\/sol.fm.br\/radio\/wp-content\/uploads\/2025\/12\/61-3-2048x1365.jpg 2048w\" sizes=\"auto, (max-width: 400px) 100vw, 400px\" \/><\/p>\n<p><strong>SOBRE O MEA<\/strong><\/p>\n<p>&#x200d;Todas as atividades do MEA s\u00e3o gratuitas e de classifica\u00e7\u00e3o livre.\u00a0<\/p>\n<p>Estacionamento exclusivo para visitantes. N\u00e3o fecha ao meio dia.<\/p>\n<p>Pr\u00e9dio do Memorial: de quarta a domingo e feriados, das 9h \u00e0s 17h (entrada na exposi\u00e7\u00e3o at\u00e9 \u00e0s 16h30).<\/p>\n<p>\u00c1rea externa do MEA: de ter\u00e7a a domingo e feriados, das 8h \u00e0s 22h.\u00a0<\/p>\n<p>O MEA - Memorial da Evolu\u00e7\u00e3o Agr\u00edcola \u00e9 uma iniciativa do Minist\u00e9rio da Cultura e do Instituto John Deere, atrav\u00e9s da Lei Rouanet de Incentivo \u00e0 Cultura do Programa Nacional de Apoio \u00e0 Cultura (PRONAC), e tem como patrocinador master a John Deere Brasil.<\/p>\n<p>Ocupa uma \u00e1rea de 64 mil m2 em Horizontina, no Rio Grande do Sul, proporcionando atividades de arte, cultura, educa\u00e7\u00e3o, meio ambiente, esporte e lazer. De forma tecnol\u00f3gica e imersiva, o MEA conta a hist\u00f3ria da agricultura brasileira com o objetivo de provocar, trocar e produzir conhecimento em prol da sociedade e da diversidade cultural e ambiental. Todas suas atividades culturais, educativas e de bem-estar s\u00e3o oferecidas gratuitamente e de classifica\u00e7\u00e3o livre. Conta com amplo estacionamento gratuito para os visitantes.\u00a0<\/p>\n<p>Al\u00e9m do espa\u00e7o da exposi\u00e7\u00e3o de longa dura\u00e7\u00e3o e das oficinas culturais e das sala multiuso, o complexo tem quadras esportivas, academia a c\u00e9u aberto, parquinhos para crian\u00e7as de at\u00e9 12 anos, amplo espa\u00e7o para pr\u00e1ticas ao ar livre, John Deere Store e a unidade Senai Horizontina (RS).<\/p>\n<hr \/>\n<h6><strong>Engaje Comunica\u00e7\u00e3o | Fotos: OWL\/Divulga\u00e7\u00e3o MEA<\/strong><\/h6>\n<\/div>\n\n\n<center><iframe loading=\"lazy\" class=\"jmvplayer\" src=\"https:\/\/player.jmvstream.com\/lvw\/YYGWo5wfZuZ8fEW7Qoq1ISwhLSEDhU\" allowfullscreen allow=\"autoplay; fullscreen\" frameborder=\"0\" width=\"640\" height=\"360\" ><\/iframe><\/center>\n<\/div><\/div>","protected":false},"excerpt":{"rendered":"<p>Memorial da Evolu\u00e7\u00e3o Agr\u00edcola recebeu mais de 79 mil visitantes em 2025 e se consolida como um ponto de cultura e turismo no Noroeste ga\u00facho. No dia 14 de dezembro, o Noroeste ga\u00facho celebra os dois anos de um de seus principais pontos de cultura, turismo e mem\u00f3ria: o MEA \u2013 Memorial da Evolu\u00e7\u00e3o Agr\u00edcola. [&hellip;]<\/p>\n","protected":false},"author":4,"featured_media":80914,"comment_status":"open","ping_status":"open","sticky":false,"template":"","format":"standard","meta":{"footnotes":""},"categories":[1],"tags":[],"class_list":["post-80913","post","type-post","status-publish","format-standard","has-post-thumbnail","hentry","category-sem-categoria"],"_links":{"self":[{"href":"http:\/\/sol.fm.br\/radio\/wp-json\/wp\/v2\/posts\/80913","targetHints":{"allow":["GET"]}}],"collection":[{"href":"http:\/\/sol.fm.br\/radio\/wp-json\/wp\/v2\/posts"}],"about":[{"href":"http:\/\/sol.fm.br\/radio\/wp-json\/wp\/v2\/types\/post"}],"author":[{"embeddable":true,"href":"http:\/\/sol.fm.br\/radio\/wp-json\/wp\/v2\/users\/4"}],"replies":[{"embeddable":true,"href":"http:\/\/sol.fm.br\/radio\/wp-json\/wp\/v2\/comments?post=80913"}],"version-history":[{"count":1,"href":"http:\/\/sol.fm.br\/radio\/wp-json\/wp\/v2\/posts\/80913\/revisions"}],"predecessor-version":[{"id":80916,"href":"http:\/\/sol.fm.br\/radio\/wp-json\/wp\/v2\/posts\/80913\/revisions\/80916"}],"wp:featuredmedia":[{"embeddable":true,"href":"http:\/\/sol.fm.br\/radio\/wp-json\/wp\/v2\/media\/80914"}],"wp:attachment":[{"href":"http:\/\/sol.fm.br\/radio\/wp-json\/wp\/v2\/media?parent=80913"}],"wp:term":[{"taxonomy":"category","embeddable":true,"href":"http:\/\/sol.fm.br\/radio\/wp-json\/wp\/v2\/categories?post=80913"},{"taxonomy":"post_tag","embeddable":true,"href":"http:\/\/sol.fm.br\/radio\/wp-json\/wp\/v2\/tags?post=80913"}],"curies":[{"name":"wp","href":"https:\/\/api.w.org\/{rel}","templated":true}]}}