{"id":80929,"date":"2025-12-10T17:29:18","date_gmt":"2025-12-10T20:29:18","guid":{"rendered":"http:\/\/sol.fm.br\/radio\/?p=80929"},"modified":"2025-12-10T17:29:20","modified_gmt":"2025-12-10T20:29:20","slug":"rede-de-farmacias-sao-joao-reforca-compromisso-social-e-beneficia-entidades-em-sete-municipios-do-sul-do-pais","status":"publish","type":"post","link":"http:\/\/sol.fm.br\/radio\/rede-de-farmacias-sao-joao-reforca-compromisso-social-e-beneficia-entidades-em-sete-municipios-do-sul-do-pais\/","title":{"rendered":"Rede de Farm\u00e1cias S\u00e3o Jo\u00e3o refor\u00e7a compromisso social e beneficia entidades em sete munic\u00edpios do Sul do pa\u00eds"},"content":{"rendered":"<div id=\"dslc-theme-content\"><div id=\"dslc-theme-content-inner\"><p class=\"x_MsoNormal\" style=\"text-align: center;\"><i data-olk-copy-source=\"MessageBody\">50% das vendas das inaugura\u00e7\u00f5es de novembro foram destinadas para fortalecer hospitais, APAEs e organiza\u00e7\u00f5es comunit\u00e1rias no RS e PR<\/i><\/p>\n<p class=\"x_MsoNormal\" aria-hidden=\"true\">\u00a0<\/p>\n<p class=\"x_MsoNormal\">A<strong>\u00a0Rede de Farm\u00e1cias S\u00e3o Jo\u00e3o\u00a0encerrou o m\u00eas de\u00a0novembro\u00a0refor\u00e7ando seu compromisso social com as comunidades onde est\u00e1 presente. Em cada nova inaugura\u00e7\u00e3o,\u00a050%\u00a0do\u00a0valor arrecadado\u00a0nas vendas do dia foi destinado a entidades sociais e de sa\u00fade, beneficiando institui\u00e7\u00f5es de sete munic\u00edpios no Rio Grande do Sul e no Paran\u00e1. As doa\u00e7\u00f5es, voltadas para\u00a0hospitais,\u00a0APAEs\u00a0e\u00a0associa\u00e7\u00f5es<\/strong>\u00a0que atuam em \u00e1reas essenciais, ampliam o impacto positivo da Rede na vida de milhares de pessoas.<\/p>\n<p class=\"x_MsoNormal\" aria-hidden=\"true\">\u00a0<\/p>\n<p class=\"x_MsoNormal\"><b>Cangu\u00e7u (RS)<\/b><\/p>\n<p class=\"x_MsoNormal\">Na regi\u00e3o sul do estado, a Rede S\u00e3o Jo\u00e3o destinou 50% da venda do dia da inaugura\u00e7\u00e3o para duas institui\u00e7\u00f5es do munic\u00edpio.<\/p>\n<ul type=\"disc\">\n<li class=\"x_MsoNormal\"><b>25%<\/b>\u00a0para a\u00a0Apae de Cangu\u00e7u;<\/li>\n<li class=\"x_MsoNormal\"><b>25%<\/b>\u00a0para a\u00a0Ampaac\u00a0\u2013 Associa\u00e7\u00e3o de M\u00e3es, Pais e Amigos dos Autistas de Cangu\u00e7u.A entidade atua no apoio a pessoas com autismo e suas fam\u00edlias, realizando eventos beneficentes e articulando parcerias com a prefeitura e volunt\u00e1rios.<\/li>\n<\/ul>\n<p class=\"x_MsoNormal\"><b>Santo Cristo (RS)<\/b><\/p>\n<p class=\"x_MsoNormal\">No munic\u00edpio, a metade da venda da inaugura\u00e7\u00e3o foi destinada ao\u00a0Hospital de Caridade de Santo Cristo. Segundo a diretoria da unidade, o recurso ser\u00e1 fundamental para a continuidade e qualifica\u00e7\u00e3o dos atendimentos prestados \u00e0 popula\u00e7\u00e3o.<\/p>\n<p class=\"x_MsoNormal\"><b>Araquari (PR)<\/b><\/p>\n<p class=\"x_MsoNormal\">No estado do Paran\u00e1, 50% da venda do dia da inaugura\u00e7\u00e3o foi destinada \u00e0\u00a0Rede Feminina de Combate ao C\u00e2ncer de Araquari, institui\u00e7\u00e3o que desempenha um papel essencial no apoio a pacientes e na promo\u00e7\u00e3o da preven\u00e7\u00e3o e do diagn\u00f3stico precoce da doen\u00e7a.<\/p>\n<p class=\"x_MsoNormal\"><b>Planalto (RS)<\/b><\/p>\n<p class=\"x_MsoNormal\">No norte ga\u00facho, a Rede S\u00e3o Jo\u00e3o contribuiu com a\u00a0Sociedade Beneficente Nossa Senhora Medianeira, destinando metade do valor da venda da inaugura\u00e7\u00e3o. A dire\u00e7\u00e3o do hospital destacou que o recurso ter\u00e1 grande impacto na melhoria dos servi\u00e7os e atendimentos oferecidos \u00e0 comunidade.<\/p>\n<p class=\"x_MsoNormal\"><b>Novo Hamburgo (RS)<\/b><\/p>\n<p class=\"x_MsoNormal\">Na regi\u00e3o metropolitana de Porto Alegre, o\u00a0Hospital Geral Municipal de Novo Hamburgo\u00a0foi a institui\u00e7\u00e3o beneficiada com 50% da venda do dia da inaugura\u00e7\u00e3o da nova loja no munic\u00edpio.<\/p>\n<p class=\"x_MsoNormal\"><b>S\u00e3o Francisco de Assis (RS)<\/b><\/p>\n<p class=\"x_MsoNormal\">No oeste do estado, metade das vendas da inaugura\u00e7\u00e3o foi destinada \u00e0\u00a0Escola Municipal de Educa\u00e7\u00e3o Especial Romeu Ded\u00e9 Ribeiro.<\/p>\n<p class=\"x_MsoNormal\">A diretora da institui\u00e7\u00e3o, professora Jussara Guedes, agradeceu o apoio e refor\u00e7ou a import\u00e2ncia da doa\u00e7\u00e3o.\u00a0<i>\u201cN\u00f3s vamos destinar esse recurso para a constru\u00e7\u00e3o de uma lavanderia que a nossa escola est\u00e1 precisando,\u201d<\/i>\u00a0afirmou.<\/p>\n<p class=\"x_MsoNormal\"><b>Charqueadas (RS)<\/b><\/p>\n<p class=\"x_MsoNormal\">A\u00a0Apae de Charqueadas\u00a0tamb\u00e9m foi contemplada com metade do valor arrecadado no dia da inaugura\u00e7\u00e3o. A presidente da entidade, Sandra Brenner Oesterreich, destacou o impacto da iniciativa.\u00a0<i>\u201cTemos um n\u00famero elevado de atendimentos e estamos sempre pensando em inovar e ampliar nossa capacidade. Essa destina\u00e7\u00e3o vai nos ajudar e muito em todas as nossas a\u00e7\u00f5es,\u201d<\/i>\u00a0declarou.<\/p>\n<p class=\"x_MsoNormal\" aria-hidden=\"true\">\u00a0<\/p>\n<p class=\"x_MsoNormal\">As\u00a0a\u00e7\u00f5es solid\u00e1rias\u00a0promovidas ao longo de novembro refor\u00e7am o compromisso da Rede de Farm\u00e1cias S\u00e3o Jo\u00e3o com o desenvolvimento social das regi\u00f5es onde est\u00e1 presente. Ao destinar parte significativa das vendas para institui\u00e7\u00f5es que promovem sa\u00fade, inclus\u00e3o e bem-estar, a empresa reafirma seu prop\u00f3sito de construir um varejo mais humano, pr\u00f3ximo e transformador, contribuindo diretamente para o fortalecimento de comunidades no Sul do Brasil.<\/p>\n<p class=\"x_MsoNormal\" aria-hidden=\"true\">\u00a0<\/p>\n<p class=\"x_MsoNormal\"><b>Sobre a S\u00e3o Jo\u00e3o<\/b><\/p>\n<p class=\"x_MsoNormal\">A Rede de Farm\u00e1cias S\u00e3o Jo\u00e3o \u00e9 a maior empresa do segmento no Sul do Brasil e a 4\u00aa maior rede varejista de medicamentos do pa\u00eds, conforme ranking da Abrafarma - Associa\u00e7\u00e3o Brasileira de Redes de Farm\u00e1cias e Drogarias. Com mais de 1250 lojas, est\u00e1 presente nos estados do Rio Grande do Sul, Santa Catarina e Paran\u00e1.<\/p>\n<p class=\"x_MsoNormal\">Comprometida com as melhores pr\u00e1ticas do ESG (Environmental, Social and Governance), para alcan\u00e7ar um desenvolvimento sustent\u00e1vel nas \u00e1reas ambiental, social e financeira, a S\u00e3o Jo\u00e3o tamb\u00e9m preza pelo respeito \u00e0 diversidade, pluralidade e incentivo \u00e0 inclus\u00e3o social.<\/p>\n<p class=\"x_MsoNormal\" style=\"text-align: center;\"><i> <img loading=\"lazy\" decoding=\"async\" class=\"alignnone size-medium wp-image-80931\" src=\"http:\/\/sol.fm.br\/radio\/wp-content\/uploads\/2025\/12\/91-400x382.jpeg\" alt=\"\" width=\"400\" height=\"382\" srcset=\"http:\/\/sol.fm.br\/radio\/wp-content\/uploads\/2025\/12\/91-400x382.jpeg 400w, http:\/\/sol.fm.br\/radio\/wp-content\/uploads\/2025\/12\/91-768x733.jpeg 768w, http:\/\/sol.fm.br\/radio\/wp-content\/uploads\/2025\/12\/91.jpeg 1257w\" sizes=\"auto, (max-width: 400px) 100vw, 400px\" \/> <img loading=\"lazy\" decoding=\"async\" class=\"alignnone size-medium wp-image-80932\" src=\"http:\/\/sol.fm.br\/radio\/wp-content\/uploads\/2025\/12\/92-300x400.jpeg\" alt=\"\" width=\"300\" height=\"400\" srcset=\"http:\/\/sol.fm.br\/radio\/wp-content\/uploads\/2025\/12\/92-300x400.jpeg 300w, http:\/\/sol.fm.br\/radio\/wp-content\/uploads\/2025\/12\/92-768x1024.jpeg 768w, http:\/\/sol.fm.br\/radio\/wp-content\/uploads\/2025\/12\/92-1152x1536.jpeg 1152w, http:\/\/sol.fm.br\/radio\/wp-content\/uploads\/2025\/12\/92.jpeg 1200w\" sizes=\"auto, (max-width: 300px) 100vw, 300px\" \/> <img loading=\"lazy\" decoding=\"async\" class=\"alignnone size-medium wp-image-80933\" src=\"http:\/\/sol.fm.br\/radio\/wp-content\/uploads\/2025\/12\/93-296x400.jpeg\" alt=\"\" width=\"296\" height=\"400\" srcset=\"http:\/\/sol.fm.br\/radio\/wp-content\/uploads\/2025\/12\/93-296x400.jpeg 296w, http:\/\/sol.fm.br\/radio\/wp-content\/uploads\/2025\/12\/93-768x1038.jpeg 768w, http:\/\/sol.fm.br\/radio\/wp-content\/uploads\/2025\/12\/93.jpeg 947w\" sizes=\"auto, (max-width: 296px) 100vw, 296px\" \/> <img loading=\"lazy\" decoding=\"async\" class=\"alignnone size-medium wp-image-80934\" src=\"http:\/\/sol.fm.br\/radio\/wp-content\/uploads\/2025\/12\/94-400x263.jpeg\" alt=\"\" width=\"400\" height=\"263\" srcset=\"http:\/\/sol.fm.br\/radio\/wp-content\/uploads\/2025\/12\/94-400x263.jpeg 400w, http:\/\/sol.fm.br\/radio\/wp-content\/uploads\/2025\/12\/94-768x505.jpeg 768w, http:\/\/sol.fm.br\/radio\/wp-content\/uploads\/2025\/12\/94-1536x1010.jpeg 1536w, http:\/\/sol.fm.br\/radio\/wp-content\/uploads\/2025\/12\/94.jpeg 1599w\" sizes=\"auto, (max-width: 400px) 100vw, 400px\" \/><\/i><\/p>\n<p class=\"x_MsoNormal\"><i>Farm\u00e1cias S\u00e3o Jo\u00e3o em um s\u00f3 click:<\/i><\/p>\n<p class=\"x_MsoNormal\">Site:\u00a0<a title=\"http:\/\/www.saojoaofarmacias.com.br\" href=\"http:\/\/www.saojoaofarmacias.com.br\/\" target=\"_blank\" rel=\"noopener noreferrer\" data-auth=\"NotApplicable\" data-linkindex=\"0\">www.saojoaofarmacias.com.br<\/a><\/p>\n<hr \/>\n<h6><strong>Rede Farm\u00e1cias S\u00e3o Jo\u00e3o<\/strong><\/h6>\n\n\n<center><iframe loading=\"lazy\" class=\"jmvplayer\" src=\"https:\/\/player.jmvstream.com\/lvw\/YYGWo5wfZuZ8fEW7Qoq1ISwhLSEDhU\" allowfullscreen allow=\"autoplay; fullscreen\" frameborder=\"0\" width=\"640\" height=\"360\" ><\/iframe><\/center>\n<\/div><\/div>","protected":false},"excerpt":{"rendered":"<p>50% das vendas das inaugura\u00e7\u00f5es de novembro foram destinadas para fortalecer hospitais, APAEs e organiza\u00e7\u00f5es comunit\u00e1rias no RS e PR \u00a0 A\u00a0Rede de Farm\u00e1cias S\u00e3o Jo\u00e3o\u00a0encerrou o m\u00eas de\u00a0novembro\u00a0refor\u00e7ando seu compromisso social com as comunidades onde est\u00e1 presente. Em cada nova inaugura\u00e7\u00e3o,\u00a050%\u00a0do\u00a0valor arrecadado\u00a0nas vendas do dia foi destinado a entidades sociais e de sa\u00fade, beneficiando [&hellip;]<\/p>\n","protected":false},"author":4,"featured_media":80930,"comment_status":"open","ping_status":"open","sticky":false,"template":"","format":"standard","meta":{"footnotes":""},"categories":[1],"tags":[],"class_list":["post-80929","post","type-post","status-publish","format-standard","has-post-thumbnail","hentry","category-sem-categoria"],"_links":{"self":[{"href":"http:\/\/sol.fm.br\/radio\/wp-json\/wp\/v2\/posts\/80929","targetHints":{"allow":["GET"]}}],"collection":[{"href":"http:\/\/sol.fm.br\/radio\/wp-json\/wp\/v2\/posts"}],"about":[{"href":"http:\/\/sol.fm.br\/radio\/wp-json\/wp\/v2\/types\/post"}],"author":[{"embeddable":true,"href":"http:\/\/sol.fm.br\/radio\/wp-json\/wp\/v2\/users\/4"}],"replies":[{"embeddable":true,"href":"http:\/\/sol.fm.br\/radio\/wp-json\/wp\/v2\/comments?post=80929"}],"version-history":[{"count":1,"href":"http:\/\/sol.fm.br\/radio\/wp-json\/wp\/v2\/posts\/80929\/revisions"}],"predecessor-version":[{"id":80935,"href":"http:\/\/sol.fm.br\/radio\/wp-json\/wp\/v2\/posts\/80929\/revisions\/80935"}],"wp:featuredmedia":[{"embeddable":true,"href":"http:\/\/sol.fm.br\/radio\/wp-json\/wp\/v2\/media\/80930"}],"wp:attachment":[{"href":"http:\/\/sol.fm.br\/radio\/wp-json\/wp\/v2\/media?parent=80929"}],"wp:term":[{"taxonomy":"category","embeddable":true,"href":"http:\/\/sol.fm.br\/radio\/wp-json\/wp\/v2\/categories?post=80929"},{"taxonomy":"post_tag","embeddable":true,"href":"http:\/\/sol.fm.br\/radio\/wp-json\/wp\/v2\/tags?post=80929"}],"curies":[{"name":"wp","href":"https:\/\/api.w.org\/{rel}","templated":true}]}}