{"id":80936,"date":"2025-12-11T09:06:37","date_gmt":"2025-12-11T12:06:37","guid":{"rendered":"http:\/\/sol.fm.br\/radio\/?p=80936"},"modified":"2025-12-11T09:06:46","modified_gmt":"2025-12-11T12:06:46","slug":"relancamento-de-empreendedoras-de-impacto-celebra-lideranca-feminina-e-destaca-a-empresaria-laiane-granieri-em-tarde-especial-em-sao-paulo","status":"publish","type":"post","link":"http:\/\/sol.fm.br\/radio\/relancamento-de-empreendedoras-de-impacto-celebra-lideranca-feminina-e-destaca-a-empresaria-laiane-granieri-em-tarde-especial-em-sao-paulo\/","title":{"rendered":"Relan\u00e7amento de Empreendedoras de Impacto celebra lideran\u00e7a feminina e destaca a empres\u00e1ria Laiane Granieri em tarde especial em S\u00e3o Paulo"},"content":{"rendered":"<div id=\"dslc-theme-content\"><div id=\"dslc-theme-content-inner\"><p style=\"text-align: center;\"><i data-olk-copy-source=\"MessageBody\">Com curadoria da publisher Caroline Diaz, evento no Espa\u00e7o Gaia, movimenta a cena feminina de neg\u00f3cios com uma tarde de muito charme, prop\u00f3sito e networking<\/i><\/p>\n<div>\n<p style=\"text-align: center;\"><em>O movimento\u00a0<\/em>Empreendedoras de Impacto<em>\u00a0inicia uma nova fase com um coquetel de relan\u00e7amento no\u00a0<\/em>Espa\u00e7o Gaia<em>, Zona Leste de S\u00e3o Paulo, das 14h \u00e0s 20h, em um encontro especialmente preparado para fortalecer conex\u00f5es entre mulheres de valor. A empres\u00e1ria\u00a0<\/em>Laiane Granieri<em>\u00a0ser\u00e1 a anfitri\u00e3 da tarde, que reunir\u00e1 lideran\u00e7as, executivas, empreendedoras e influenciadoras em um ambiente voltado \u00e0 troca estrat\u00e9gica e ao fortalecimento de redes femininas.<\/em><\/p>\n<p>A obra, que chega ao Volume 3, re\u00fane hist\u00f3rias reais de 11 mulheres de impacto, entre elas Laiane Granieri, que transformaram seus setores por meio de inova\u00e7\u00e3o, supera\u00e7\u00e3o e prop\u00f3sito. Cada cap\u00edtulo funciona como um registro de trajet\u00f3rias inspiradoras, apresentando modelos pr\u00e1ticos de lideran\u00e7a, impacto social, cria\u00e7\u00e3o de neg\u00f3cios e vis\u00e3o empreendedora. A s\u00e9rie j\u00e1 se consolidou como uma das publica\u00e7\u00f5es mais relevantes dedicadas ao protagonismo feminino no Brasil, destacando perfis que contribuem para o desenvolvimento econ\u00f4mico, social e comunit\u00e1rio de suas regi\u00f5es.<\/p>\n<p style=\"text-align: left;\">A publisher e organizadora da colet\u00e2nea, Caroline Diaz, que assina a curadoria desta edi\u00e7\u00e3o, refor\u00e7a que o prop\u00f3sito vai muito al\u00e9m de apresentar cases de sucesso:<br clear=\"none\" \/><em>\u201cO Empreendedoras de Impacto nasceu para ampliar hist\u00f3rias que transformam. Realizar esta nova etapa no Gaia, ao lado de mulheres que geram impacto real, torna tudo ainda mais significativo. O livro n\u00e3o \u00e9 apenas uma obra, \u00e9 uma meio fiel de visibilidade e reconhecimento.\u201d<\/em><\/p>\n<p>O Espa\u00e7o Gaia, liderado por Laiane, fen\u00f4meno no TikTok e destaque da TV L\u00e9o Dias pelo trabalho de resgate da autoestima feminina, foi escolhido justamente por refletir acolhimento, transforma\u00e7\u00e3o e amplifica\u00e7\u00e3o de vozes femininas, temas centrais tanto no livro quanto no evento. A atmosfera calorosa do local refor\u00e7a a proposta da obra: dar espa\u00e7o para que mulheres brilhem, se conectem e encontrem for\u00e7a nas experi\u00eancias umas das outras.<\/p>\n<p>Para a empreendedora Laiane Granieri, o encontro simboliza a uni\u00e3o de trajet\u00f3rias marcantes que se cruzam para gerar novos cap\u00edtulos de impacto:<br clear=\"none\" \/><em>\u201cEste \u00e9 um momento para reconectar, unir e abrir caminhos. Estar \u00e0 frente deste relan\u00e7amento, ao lado de mulheres de tanto valor, \u00e9 motivo de orgulho e prop\u00f3sito.\u201d<\/em><\/p>\n<p>A tarde de circula\u00e7\u00e3o livre deve reunir representantes de marcas, l\u00edderes de diferentes setores, empres\u00e1rias em ascens\u00e3o e mulheres que movimentam o ecossistema empreendedor. A assessora de imprensa Carol Freitas destaca a relev\u00e2ncia dessa edi\u00e7\u00e3o:<br clear=\"none\" \/><em>\u201cEsta edi\u00e7\u00e3o consolida um ambiente feito para gerar conex\u00f5es poderosas entre mulheres que transformam o mercado e a sociedade.\u201d<\/em><\/p>\n<p aria-hidden=\"true\">\u00a0<\/p>\n<p><strong>SERVI\u00c7O \u2014 Coquetel de Relan\u00e7amento\u00a0<\/strong><em><strong>Empreendedoras de Impacto Vol III<\/strong><\/em><\/p>\n<p align=\"left\"><strong>Data:<\/strong>\u00a0Dia 13 de Dezembro - Hor\u00e1rio: Das 14h \u00e0s 20h<br clear=\"none\" \/><strong>Local:<\/strong>\u00a0<em>Espa\u00e7o Gaia \u2013 Avenida Cassandoca, 125, loja 08<\/em><br clear=\"none\" \/><strong>Anfitri\u00e3:<\/strong>\u00a0Laiane Granieri<br clear=\"none\" \/><strong>Curadoria:<\/strong>\u00a0Caroline Diaz (Publisher e organizadora da obra)<br clear=\"none\" \/><strong>P\u00fablico:<\/strong>\u00a0Empreendedoras, executivas, influenciadoras, l\u00edderes e convidadas especiais<br clear=\"none\" \/><strong>Proposta:<\/strong>\u00a0Networking qualificado, circula\u00e7\u00e3o, experi\u00eancias de conex\u00e3o e fortalecimento do empreendedorismo feminino<\/p>\n<hr \/>\n<h6 align=\"left\"><strong>Carol Freitas Assessoria | Foto: Divulga\u00e7\u00e3o<\/strong><\/h6>\n<\/div>\n\n\n<center><iframe loading=\"lazy\" class=\"jmvplayer\" src=\"https:\/\/player.jmvstream.com\/lvw\/YYGWo5wfZuZ8fEW7Qoq1ISwhLSEDhU\" allowfullscreen allow=\"autoplay; fullscreen\" frameborder=\"0\" width=\"640\" height=\"360\" ><\/iframe><\/center>\n<\/div><\/div>","protected":false},"excerpt":{"rendered":"<p>Com curadoria da publisher Caroline Diaz, evento no Espa\u00e7o Gaia, movimenta a cena feminina de neg\u00f3cios com uma tarde de muito charme, prop\u00f3sito e networking O movimento\u00a0Empreendedoras de Impacto\u00a0inicia uma nova fase com um coquetel de relan\u00e7amento no\u00a0Espa\u00e7o Gaia, Zona Leste de S\u00e3o Paulo, das 14h \u00e0s 20h, em um encontro especialmente preparado para fortalecer [&hellip;]<\/p>\n","protected":false},"author":4,"featured_media":80937,"comment_status":"open","ping_status":"open","sticky":false,"template":"","format":"standard","meta":{"footnotes":""},"categories":[1],"tags":[],"class_list":["post-80936","post","type-post","status-publish","format-standard","has-post-thumbnail","hentry","category-sem-categoria"],"_links":{"self":[{"href":"http:\/\/sol.fm.br\/radio\/wp-json\/wp\/v2\/posts\/80936","targetHints":{"allow":["GET"]}}],"collection":[{"href":"http:\/\/sol.fm.br\/radio\/wp-json\/wp\/v2\/posts"}],"about":[{"href":"http:\/\/sol.fm.br\/radio\/wp-json\/wp\/v2\/types\/post"}],"author":[{"embeddable":true,"href":"http:\/\/sol.fm.br\/radio\/wp-json\/wp\/v2\/users\/4"}],"replies":[{"embeddable":true,"href":"http:\/\/sol.fm.br\/radio\/wp-json\/wp\/v2\/comments?post=80936"}],"version-history":[{"count":1,"href":"http:\/\/sol.fm.br\/radio\/wp-json\/wp\/v2\/posts\/80936\/revisions"}],"predecessor-version":[{"id":80938,"href":"http:\/\/sol.fm.br\/radio\/wp-json\/wp\/v2\/posts\/80936\/revisions\/80938"}],"wp:featuredmedia":[{"embeddable":true,"href":"http:\/\/sol.fm.br\/radio\/wp-json\/wp\/v2\/media\/80937"}],"wp:attachment":[{"href":"http:\/\/sol.fm.br\/radio\/wp-json\/wp\/v2\/media?parent=80936"}],"wp:term":[{"taxonomy":"category","embeddable":true,"href":"http:\/\/sol.fm.br\/radio\/wp-json\/wp\/v2\/categories?post=80936"},{"taxonomy":"post_tag","embeddable":true,"href":"http:\/\/sol.fm.br\/radio\/wp-json\/wp\/v2\/tags?post=80936"}],"curies":[{"name":"wp","href":"https:\/\/api.w.org\/{rel}","templated":true}]}}