{"id":80943,"date":"2025-12-11T09:19:02","date_gmt":"2025-12-11T12:19:02","guid":{"rendered":"http:\/\/sol.fm.br\/radio\/?p=80943"},"modified":"2025-12-11T09:19:04","modified_gmt":"2025-12-11T12:19:04","slug":"governo-leite-inicia-cursos-itinerantes-do-programa-carretas-do-saber-em-11-municipios-gauchos","status":"publish","type":"post","link":"http:\/\/sol.fm.br\/radio\/governo-leite-inicia-cursos-itinerantes-do-programa-carretas-do-saber-em-11-municipios-gauchos\/","title":{"rendered":"Governo Leite inicia cursos itinerantes do Programa Carretas do Saber em 11 munic\u00edpios ga\u00fachos"},"content":{"rendered":"<div id=\"dslc-theme-content\"><div id=\"dslc-theme-content-inner\"><p class=\"artigo__subtitulo\" style=\"text-align: center;\"><em>A\u00e7\u00e3o, que recebeu mais R$ 56 milh\u00f5es em recursos, oferece forma\u00e7\u00e3o na \u00e1rea industrial em escolas m\u00f3veis que v\u00e3o percorrer o RS<\/em><\/p>\n<p>O governo do Estado, por meio da\u00a0Secretaria de Trabalho e Desenvolvimento Profissional (STDP),\u00a0deu inic\u00edo \u00e0s\u00a0atividades do Programa\u00a0Carretas do Saber\u00a0em 11 munic\u00edpios na ter\u00e7a-feira (9\/12).\u00a0As unidades m\u00f3veis v\u00e3o\u00a0ofertar cursos gratuitos na \u00e1rea industrial. Com investimento de mais de R$ 56 milh\u00f5es, a iniciativa \u00e9 executada por meio de conv\u00eanio entre a STDP e o Servi\u00e7o Nacional de Aprendizagem Industrial do Rio Grande do Sul (Senai-RS), integrante do Sistema Fiergs.\u00a0As estruturas percorrer\u00e3o, ao todo, 131 cidades habilitadas para o programa, at\u00e9 dezembro de 2026.<\/p>\n<p>Os ve\u00edculos est\u00e3o equipados com salas de aula, laborat\u00f3rios, oficinas e recursos audiovisuais, funcionando como escolas t\u00e9cnicas itinerantes. Os cursos acontecem no per\u00edodo de 15 dias, divididos em duas turmas de 15 alunos em cada munic\u00edpio. O p\u00fablico-alvo priorit\u00e1rio do programa s\u00e3o mulheres, com a garantia da destina\u00e7\u00e3o de 50% das vagas ao p\u00fablico feminino, trabalhadores desempregados, subocupados, informais e jovens em busca do primeiro emprego.<\/p>\n<ul>\n<li><a href=\"https:\/\/estado.rs.gov.br\/governador-eduardo-leite-entrega-unidades-moveis-do-programa-carretas-do-saber\" target=\"_blank\" rel=\"noopener\"><strong>Governador Eduardo Leite entrega unidades m\u00f3veis do Programa Carretas do Saber<\/strong><\/a><\/li>\n<\/ul>\n<p><img loading=\"lazy\" decoding=\"async\" class=\"alignnone size-medium wp-image-80945 aligncenter\" src=\"http:\/\/sol.fm.br\/radio\/wp-content\/uploads\/2025\/12\/21-1-400x300.jpeg\" alt=\"\" width=\"400\" height=\"300\" srcset=\"http:\/\/sol.fm.br\/radio\/wp-content\/uploads\/2025\/12\/21-1-400x300.jpeg 400w, http:\/\/sol.fm.br\/radio\/wp-content\/uploads\/2025\/12\/21-1-768x575.jpeg 768w, http:\/\/sol.fm.br\/radio\/wp-content\/uploads\/2025\/12\/21-1.jpeg 945w\" sizes=\"auto, (max-width: 400px) 100vw, 400px\" \/><\/p>\n<p>Para o secret\u00e1rio de Trabalho e Desenvolvimento Profissional, Gilmar Sossella, o in\u00edcio da opera\u00e7\u00e3o das unidades m\u00f3veis marca uma transforma\u00e7\u00e3o na oferta de qualifica\u00e7\u00e3o no Rio Grande do Sul. \u201cAs Carretas do Saber proporcionam inclus\u00e3o, dignidade e cidadania para as pessoas por meio de uma profiss\u00e3o, seja para atuar no mercado de trabalho ou para empreender. Mais de 18 mil pessoas ter\u00e3o uma nova oportunidade a partir desse programa, especialmente moradores de cidades de dif\u00edcil acesso ou sem escolas de forma\u00e7\u00e3o profissional\u201d, destacou Sossella ao participar da aula inaugural de Mec\u00e2nica de Refrigera\u00e7\u00e3o, em Cidreira.<\/p>\n<ul>\n<li><a href=\"https:\/\/estado.rs.gov.br\/o-que-e-o-programa-carretas-do-saber-que-leva-cursos-tecnicos-a-cidades-do-interior-do-rio-grande-do-sul\" target=\"_blank\" rel=\"noopener\"><strong>O que \u00e9 o Programa Carretas do Saber que leva cursos t\u00e9cnicos a cidades do interior do Rio Grande do Sul?<\/strong><\/a><\/li>\n<\/ul>\n<div id=\"attachment_80946\" style=\"width: 410px\" class=\"wp-caption aligncenter\"><img loading=\"lazy\" decoding=\"async\" aria-describedby=\"caption-attachment-80946\" class=\"wp-image-80946 size-medium\" src=\"http:\/\/sol.fm.br\/radio\/wp-content\/uploads\/2025\/12\/23-400x267.jpeg\" alt=\"\" width=\"400\" height=\"267\" srcset=\"http:\/\/sol.fm.br\/radio\/wp-content\/uploads\/2025\/12\/23-400x267.jpeg 400w, http:\/\/sol.fm.br\/radio\/wp-content\/uploads\/2025\/12\/23-768x512.jpeg 768w, http:\/\/sol.fm.br\/radio\/wp-content\/uploads\/2025\/12\/23-600x400.jpeg 600w, http:\/\/sol.fm.br\/radio\/wp-content\/uploads\/2025\/12\/23.jpeg 945w\" sizes=\"auto, (max-width: 400px) 100vw, 400px\" \/><p id=\"caption-attachment-80946\" class=\"wp-caption-text\">Foto: Vitor Rosa\/Secom<\/p><\/div>\n<p><strong>Primeiras cidades atendidas<\/strong><\/p>\n<p>Al\u00e9m do munic\u00edpio, Minas do Le\u00e3o, Bom Progresso, Para\u00edso do Sul, Campos Borges, Tupanci do Sul, S\u00e3o Val\u00e9rio do Sul, Pedro Os\u00f3rio, Jaquirana, S\u00e3o Jos\u00e9 do Norte e S\u00e3o Jos\u00e9 do Inhacor\u00e1 est\u00e3o recebendo as carretas no per\u00edodo de 9 a 20 de dezembro.\u00a0Os m\u00f3dulos oferecidos s\u00e3o:\u00a0<\/p>\n<ul>\n<li>mec\u00e2nica de refrigera\u00e7\u00e3o (Cidreira)<\/li>\n<li>energia fotovoltaica (Minas do Le\u00e3o)<\/li>\n<li>automa\u00e7\u00e3o industrial (Bom Progresso)<\/li>\n<li>couro e cal\u00e7ado (Para\u00edso do Sul)<\/li>\n<li>usinagem CNC (Campos Borges)<\/li>\n<li>alimentos (Tupanci do Sul)<\/li>\n<li>mec\u00e2nica de m\u00e1quinas agr\u00edcolas (S\u00e3o Val\u00e9rio do Sul)<\/li>\n<li>constru\u00e7\u00e3o civil (Pedro Os\u00f3rio)<\/li>\n<li>mec\u00e2nica de ve\u00edculos (Jaquirana)<\/li>\n<li>energias renov\u00e1veis (S\u00e3o Jos\u00e9 do Norte)<\/li>\n<li>soldagem (S\u00e3o Jos\u00e9 do Inhacor\u00e1)<br \/><br \/><\/li>\n<\/ul>\n<p>Outros quatro munic\u00edpios j\u00e1 finalizaram os cursos com unidades m\u00f3veis da frota do Senai. O calend\u00e1rio de execu\u00e7\u00e3o est\u00e1 dispon\u00edvel\u00a0<a href=\"https:\/\/trabalho.rs.gov.br\/carretas-do-saber\" target=\"_blank\" rel=\"noopener\"><strong>no site da STDP<\/strong><\/a>.\u00a0<\/p>\n<hr \/>\n<h6><strong>GOV RS | Texto: Mariana Souza\/Ascom STDP | Edi\u00e7\u00e3o: Secom | Fotos: Ascom STDP<\/strong><\/h6>\n\n\n<center><iframe loading=\"lazy\" class=\"jmvplayer\" src=\"https:\/\/player.jmvstream.com\/lvw\/YYGWo5wfZuZ8fEW7Qoq1ISwhLSEDhU\" allowfullscreen allow=\"autoplay; fullscreen\" frameborder=\"0\" width=\"640\" height=\"360\" ><\/iframe><\/center>\n<\/div><\/div>","protected":false},"excerpt":{"rendered":"<p>A\u00e7\u00e3o, que recebeu mais R$ 56 milh\u00f5es em recursos, oferece forma\u00e7\u00e3o na \u00e1rea industrial em escolas m\u00f3veis que v\u00e3o percorrer o RS O governo do Estado, por meio da\u00a0Secretaria de Trabalho e Desenvolvimento Profissional (STDP),\u00a0deu inic\u00edo \u00e0s\u00a0atividades do Programa\u00a0Carretas do Saber\u00a0em 11 munic\u00edpios na ter\u00e7a-feira (9\/12).\u00a0As unidades m\u00f3veis v\u00e3o\u00a0ofertar cursos gratuitos na \u00e1rea industrial. Com [&hellip;]<\/p>\n","protected":false},"author":4,"featured_media":80944,"comment_status":"open","ping_status":"open","sticky":false,"template":"","format":"standard","meta":{"footnotes":""},"categories":[1],"tags":[],"class_list":["post-80943","post","type-post","status-publish","format-standard","has-post-thumbnail","hentry","category-sem-categoria"],"_links":{"self":[{"href":"http:\/\/sol.fm.br\/radio\/wp-json\/wp\/v2\/posts\/80943","targetHints":{"allow":["GET"]}}],"collection":[{"href":"http:\/\/sol.fm.br\/radio\/wp-json\/wp\/v2\/posts"}],"about":[{"href":"http:\/\/sol.fm.br\/radio\/wp-json\/wp\/v2\/types\/post"}],"author":[{"embeddable":true,"href":"http:\/\/sol.fm.br\/radio\/wp-json\/wp\/v2\/users\/4"}],"replies":[{"embeddable":true,"href":"http:\/\/sol.fm.br\/radio\/wp-json\/wp\/v2\/comments?post=80943"}],"version-history":[{"count":1,"href":"http:\/\/sol.fm.br\/radio\/wp-json\/wp\/v2\/posts\/80943\/revisions"}],"predecessor-version":[{"id":80947,"href":"http:\/\/sol.fm.br\/radio\/wp-json\/wp\/v2\/posts\/80943\/revisions\/80947"}],"wp:featuredmedia":[{"embeddable":true,"href":"http:\/\/sol.fm.br\/radio\/wp-json\/wp\/v2\/media\/80944"}],"wp:attachment":[{"href":"http:\/\/sol.fm.br\/radio\/wp-json\/wp\/v2\/media?parent=80943"}],"wp:term":[{"taxonomy":"category","embeddable":true,"href":"http:\/\/sol.fm.br\/radio\/wp-json\/wp\/v2\/categories?post=80943"},{"taxonomy":"post_tag","embeddable":true,"href":"http:\/\/sol.fm.br\/radio\/wp-json\/wp\/v2\/tags?post=80943"}],"curies":[{"name":"wp","href":"https:\/\/api.w.org\/{rel}","templated":true}]}}