{"id":80957,"date":"2025-12-11T11:10:19","date_gmt":"2025-12-11T14:10:19","guid":{"rendered":"http:\/\/sol.fm.br\/radio\/?p=80957"},"modified":"2025-12-11T11:10:21","modified_gmt":"2025-12-11T14:10:21","slug":"podcast-vai-de-vinho-brasileiro-inicia-segunda-temporada-debatendo-presenca-do-brasil-no-exterior","status":"publish","type":"post","link":"http:\/\/sol.fm.br\/radio\/podcast-vai-de-vinho-brasileiro-inicia-segunda-temporada-debatendo-presenca-do-brasil-no-exterior\/","title":{"rendered":"Podcast \"Vai de Vinho Brasileiro\" inicia segunda temporada debatendo presen\u00e7a do Brasil no exterior"},"content":{"rendered":"<div id=\"dslc-theme-content\"><div id=\"dslc-theme-content-inner\"><p style=\"text-align: center;\"><em>Primeiro epis\u00f3dio aborda desafios, oportunidades e evolu\u00e7\u00e3o da percep\u00e7\u00e3o dos r\u00f3tulos nacionais no mercado externo<\/em><\/p>\n<p>O Instituto de Gest\u00e3o, Planejamento e Desenvolvimento da Vitivinicultura do Estado do Rio Grande do Sul (Consevitis-RS) estreia, nesta quarta-feira (10), a segunda temporada do podcast Vai de Vinho Brasileiro, projeto realizado em parceria com a Secretaria da Agricultura, Pecu\u00e1ria, Produ\u00e7\u00e3o Sustent\u00e1vel e Irriga\u00e7\u00e3o do Rio Grande do Sul (Seapi-RS) e com o apoio do Sicredi. Com epis\u00f3dios quinzenais, a nova fase segue com apresenta\u00e7\u00e3o do comunicador e especialista em vinhos Daniel Perches e mant\u00e9m a proposta de aproximar o p\u00fablico do universo da vitivinicultura nacional por meio de conversas leves, informativas e atualizadas.<\/p>\n<p>No epis\u00f3dio de abertura, com o tema \u201cO Vinho Brasileiro no Mundo\u201d, o programa discute a presen\u00e7a crescente dos r\u00f3tulos nacionais no mercado externo, os desafios para ampliar as exporta\u00e7\u00f5es e as oportunidades de posicionamento do Brasil no cen\u00e1rio global. Os convidados s\u00e3o Cesar Baldasso, gerente de importa\u00e7\u00e3o e exporta\u00e7\u00e3o da Vin\u00edcola Salton, e Mari Balsan, propriet\u00e1ria da MB International Business, que compartilham experi\u00eancias sobre estrat\u00e9gias de internacionaliza\u00e7\u00e3o e a evolu\u00e7\u00e3o da percep\u00e7\u00e3o do vinho brasileiro no exterior.<\/p>\n<p>Ao longo do bate-papo, os especialistas analisam o avan\u00e7o da qualidade e do reconhecimento dos vinhos e espumantes produzidos no pa\u00eds, destacando o espumante brasileiro como carro-chefe nas exporta\u00e7\u00f5es e produto consolidado por suas caracter\u00edsticas \u00fanicas. A conversa tamb\u00e9m aborda proje\u00e7\u00f5es para o futuro das vendas externas e os caminhos para ampliar a competitividade do setor.<\/p>\n<p>O epis\u00f3dio ainda traz o tradicional quadro de perguntas e respostas do podcast, no qual os convidados revelam seus r\u00f3tulos favoritos e respondem curiosidades como \u201co que merece um brinde com vinho brasileiro?\u201d e a pol\u00eamica: \u201cpode ou n\u00e3o pode colocar gelo no vinho?\u201d. O conte\u00fado completo estar\u00e1 dispon\u00edvel nos canais do Vinho Brasileiro no <a href=\"https:\/\/www.youtube.com\/@vinhobrasileiro\">YouTube<\/a> e Spotify.<\/p>\n<p>\u00a0<\/p>\n<p><strong data-olk-copy-source=\"MessageBody\">Reveja os epis\u00f3dios da primeira temporada:<\/strong><\/p>\n<p>::\u00a0<a title=\"https:\/\/www.youtube.com\/watch?v=v7fmNKE5PoY&amp;list=PL76Jv2ZSBSjn48JTl0_b6d1h0FNwc5b05&amp;index=11&amp;pp=iAQB\" href=\"https:\/\/www.youtube.com\/watch?v=v7fmNKE5PoY&amp;list=PL76Jv2ZSBSjn48JTl0_b6d1h0FNwc5b05&amp;index=11&amp;pp=iAQB\" target=\"_blank\" rel=\"noreferrer noopener\" shape=\"rect\" data-auth=\"NotApplicable\" data-linkindex=\"1\">Ep. 1: O que \u00e9 o Consevitis-RS?<\/a><\/p>\n<p>::\u00a0<a title=\"https:\/\/www.youtube.com\/watch?v=T_1Oe6HhvNI&amp;list=PL76Jv2ZSBSjn48JTl0_b6d1h0FNwc5b05&amp;index=10&amp;pp=iAQB\" href=\"https:\/\/www.youtube.com\/watch?v=T_1Oe6HhvNI&amp;list=PL76Jv2ZSBSjn48JTl0_b6d1h0FNwc5b05&amp;index=10&amp;pp=iAQB\" target=\"_blank\" rel=\"noreferrer noopener\" shape=\"rect\" data-auth=\"NotApplicable\" data-linkindex=\"2\">Ep. 2: Hist\u00f3ria do Vinho Brasileiro<\/a><\/p>\n<p>::\u00a0<a title=\"https:\/\/www.youtube.com\/watch?v=c0wIJfuRfXs&amp;list=PL76Jv2ZSBSjn48JTl0_b6d1h0FNwc5b05&amp;index=9&amp;pp=iAQB\" href=\"https:\/\/www.youtube.com\/watch?v=c0wIJfuRfXs&amp;list=PL76Jv2ZSBSjn48JTl0_b6d1h0FNwc5b05&amp;index=9&amp;pp=iAQB\" target=\"_blank\" rel=\"noreferrer noopener\" shape=\"rect\" data-auth=\"NotApplicable\" data-linkindex=\"3\">Ep. 3: Terroir Brasileiro: O que nos torna \u00fanicos?<\/a><\/p>\n<p>::\u00a0<a title=\"https:\/\/www.youtube.com\/watch?v=hkofxiDqstk&amp;list=PL76Jv2ZSBSjn48JTl0_b6d1h0FNwc5b05&amp;index=8&amp;pp=iAQB0gcJCX4JAYcqIYzv\" href=\"https:\/\/www.youtube.com\/watch?v=hkofxiDqstk&amp;list=PL76Jv2ZSBSjn48JTl0_b6d1h0FNwc5b05&amp;index=8&amp;pp=iAQB0gcJCX4JAYcqIYzv\" target=\"_blank\" rel=\"noreferrer noopener\" shape=\"rect\" data-auth=\"NotApplicable\" data-linkindex=\"4\">Ep. 4: Uvas Brasileiras: Variedades e Potencial<\/a><\/p>\n<p>::\u00a0<a title=\"https:\/\/www.youtube.com\/watch?v=al8DAYKci6c&amp;list=PL76Jv2ZSBSjn48JTl0_b6d1h0FNwc5b05&amp;index=7&amp;pp=iAQB\" href=\"https:\/\/www.youtube.com\/watch?v=al8DAYKci6c&amp;list=PL76Jv2ZSBSjn48JTl0_b6d1h0FNwc5b05&amp;index=7&amp;pp=iAQB\" target=\"_blank\" rel=\"noreferrer noopener\" shape=\"rect\" data-auth=\"NotApplicable\" data-linkindex=\"5\">Ep. 5: Sustentabilidade na Vitivinicultura<\/a><\/p>\n<p>::\u00a0<a title=\"https:\/\/www.youtube.com\/watch?v=O4RK6M58iIY&amp;list=PL76Jv2ZSBSjn48JTl0_b6d1h0FNwc5b05&amp;index=6&amp;pp=iAQB\" href=\"https:\/\/www.youtube.com\/watch?v=O4RK6M58iIY&amp;list=PL76Jv2ZSBSjn48JTl0_b6d1h0FNwc5b05&amp;index=6&amp;pp=iAQB\" target=\"_blank\" rel=\"noreferrer noopener\" shape=\"rect\" data-auth=\"NotApplicable\" data-linkindex=\"6\">Ep. 6: Vinho e Cultura: O Papel do Vinho na Gastronomia Brasileira<\/a><\/p>\n<p>::\u00a0<a title=\"https:\/\/www.youtube.com\/watch?v=pLu4SSbsTw4&amp;list=PL76Jv2ZSBSjn48JTl0_b6d1h0FNwc5b05&amp;index=5&amp;pp=iAQB\" href=\"https:\/\/www.youtube.com\/watch?v=pLu4SSbsTw4&amp;list=PL76Jv2ZSBSjn48JTl0_b6d1h0FNwc5b05&amp;index=5&amp;pp=iAQB\" target=\"_blank\" rel=\"noreferrer noopener\" shape=\"rect\" data-auth=\"NotApplicable\" data-linkindex=\"7\">Ep. 7: Turismo Enol\u00f3gico: Rotas do Vinho (Parte 1)<\/a><\/p>\n<p>::\u00a0<a title=\"https:\/\/www.youtube.com\/watch?v=ciDY68dtMNg&amp;list=PL76Jv2ZSBSjn48JTl0_b6d1h0FNwc5b05&amp;index=4&amp;pp=iAQB\" href=\"https:\/\/www.youtube.com\/watch?v=ciDY68dtMNg&amp;list=PL76Jv2ZSBSjn48JTl0_b6d1h0FNwc5b05&amp;index=4&amp;pp=iAQB\" target=\"_blank\" rel=\"noreferrer noopener\" shape=\"rect\" data-auth=\"NotApplicable\" data-linkindex=\"8\">Ep. 7: Turismo Enol\u00f3gico: Rotas do Vinho (Parte 2)<\/a><\/p>\n<p>::\u00a0<a title=\"https:\/\/www.youtube.com\/watch?v=n1Htxm1hVPw&amp;list=PL76Jv2ZSBSjn48JTl0_b6d1h0FNwc5b05&amp;index=3&amp;pp=iAQB\" href=\"https:\/\/www.youtube.com\/watch?v=n1Htxm1hVPw&amp;list=PL76Jv2ZSBSjn48JTl0_b6d1h0FNwc5b05&amp;index=3&amp;pp=iAQB\" target=\"_blank\" rel=\"noreferrer noopener\" shape=\"rect\" data-auth=\"NotApplicable\" data-linkindex=\"9\">Ep. 8: Inova\u00e7\u00e3o e Tecnologia na Produ\u00e7\u00e3o de Vinhos<\/a><\/p>\n<p>::\u00a0<a title=\"https:\/\/www.youtube.com\/watch?v=ExGkSMNmDHk&amp;list=PL76Jv2ZSBSjn48JTl0_b6d1h0FNwc5b05&amp;index=2&amp;pp=iAQB\" href=\"https:\/\/www.youtube.com\/watch?v=ExGkSMNmDHk&amp;list=PL76Jv2ZSBSjn48JTl0_b6d1h0FNwc5b05&amp;index=2&amp;pp=iAQB\" target=\"_blank\" rel=\"noreferrer noopener\" shape=\"rect\" data-auth=\"NotApplicable\" data-linkindex=\"10\">Ep. 9: As Mulheres no Mundo do Vinho<\/a><\/p>\n<p>::\u00a0<a title=\"https:\/\/www.youtube.com\/watch?v=vC-2xXgOQUw&amp;list=PL76Jv2ZSBSjn48JTl0_b6d1h0FNwc5b05&amp;index=1&amp;pp=iAQB\" href=\"https:\/\/www.youtube.com\/watch?v=vC-2xXgOQUw&amp;list=PL76Jv2ZSBSjn48JTl0_b6d1h0FNwc5b05&amp;index=1&amp;pp=iAQB\" target=\"_blank\" rel=\"noreferrer noopener\" shape=\"rect\" data-auth=\"NotApplicable\" data-linkindex=\"11\">Ep. 10: O Futuro do Vinho Brasileiro<\/a><\/p>\n<p>\u00a0<\/p>\n<p><strong>Sobre o Consevitis-RS<\/strong><\/p>\n<p>O Instituto de Gest\u00e3o, Planejamento e Desenvolvimento da Vitivinicultura do Estado do Rio Grande do Sul (Consevitis-RS) atua no apoio, difus\u00e3o e financiamento de demandas relacionadas \u00e0 produ\u00e7\u00e3o de uvas, vinhos, sucos de uva e demais produtos derivados no \u00e2mbito agr\u00edcola, produtivo, t\u00e9cnico, promocional, cultural, ambiental, jur\u00eddico e institucional. O instituto tamb\u00e9m est\u00e1 envolvido em programas de ensino, pesquisa, extens\u00e3o e inova\u00e7\u00e3o, visando ao constante desenvolvimento e aprimoramento do setor vitivin\u00edcola.<\/p>\n<hr \/>\n<h6><strong>Sublinha! Comunica\u00e7ao | Assessoria de Imprensa - Consevitis-RS\u00a0<\/strong><\/h6>\n\n\n<center><iframe loading=\"lazy\" class=\"jmvplayer\" src=\"https:\/\/player.jmvstream.com\/lvw\/YYGWo5wfZuZ8fEW7Qoq1ISwhLSEDhU\" allowfullscreen allow=\"autoplay; fullscreen\" frameborder=\"0\" width=\"640\" height=\"360\" ><\/iframe><\/center>\n<\/div><\/div>","protected":false},"excerpt":{"rendered":"<p>Primeiro epis\u00f3dio aborda desafios, oportunidades e evolu\u00e7\u00e3o da percep\u00e7\u00e3o dos r\u00f3tulos nacionais no mercado externo O Instituto de Gest\u00e3o, Planejamento e Desenvolvimento da Vitivinicultura do Estado do Rio Grande do Sul (Consevitis-RS) estreia, nesta quarta-feira (10), a segunda temporada do podcast Vai de Vinho Brasileiro, projeto realizado em parceria com a Secretaria da Agricultura, Pecu\u00e1ria, [&hellip;]<\/p>\n","protected":false},"author":4,"featured_media":80958,"comment_status":"open","ping_status":"open","sticky":false,"template":"","format":"standard","meta":{"footnotes":""},"categories":[1],"tags":[],"class_list":["post-80957","post","type-post","status-publish","format-standard","has-post-thumbnail","hentry","category-sem-categoria"],"_links":{"self":[{"href":"http:\/\/sol.fm.br\/radio\/wp-json\/wp\/v2\/posts\/80957","targetHints":{"allow":["GET"]}}],"collection":[{"href":"http:\/\/sol.fm.br\/radio\/wp-json\/wp\/v2\/posts"}],"about":[{"href":"http:\/\/sol.fm.br\/radio\/wp-json\/wp\/v2\/types\/post"}],"author":[{"embeddable":true,"href":"http:\/\/sol.fm.br\/radio\/wp-json\/wp\/v2\/users\/4"}],"replies":[{"embeddable":true,"href":"http:\/\/sol.fm.br\/radio\/wp-json\/wp\/v2\/comments?post=80957"}],"version-history":[{"count":1,"href":"http:\/\/sol.fm.br\/radio\/wp-json\/wp\/v2\/posts\/80957\/revisions"}],"predecessor-version":[{"id":80959,"href":"http:\/\/sol.fm.br\/radio\/wp-json\/wp\/v2\/posts\/80957\/revisions\/80959"}],"wp:featuredmedia":[{"embeddable":true,"href":"http:\/\/sol.fm.br\/radio\/wp-json\/wp\/v2\/media\/80958"}],"wp:attachment":[{"href":"http:\/\/sol.fm.br\/radio\/wp-json\/wp\/v2\/media?parent=80957"}],"wp:term":[{"taxonomy":"category","embeddable":true,"href":"http:\/\/sol.fm.br\/radio\/wp-json\/wp\/v2\/categories?post=80957"},{"taxonomy":"post_tag","embeddable":true,"href":"http:\/\/sol.fm.br\/radio\/wp-json\/wp\/v2\/tags?post=80957"}],"curies":[{"name":"wp","href":"https:\/\/api.w.org\/{rel}","templated":true}]}}