{"id":81453,"date":"2025-12-30T11:00:32","date_gmt":"2025-12-30T14:00:32","guid":{"rendered":"http:\/\/sol.fm.br\/radio\/?p=81453"},"modified":"2025-12-30T11:00:34","modified_gmt":"2025-12-30T14:00:34","slug":"litoral-norte-continua-com-todos-os-pontos-proprios-para-banho-conforme-terceiro-boletim-de-balneabilidade","status":"publish","type":"post","link":"http:\/\/sol.fm.br\/radio\/litoral-norte-continua-com-todos-os-pontos-proprios-para-banho-conforme-terceiro-boletim-de-balneabilidade\/","title":{"rendered":"Litoral Norte continua com todos os pontos pr\u00f3prios para banho conforme terceiro boletim de balneabilidade"},"content":{"rendered":"<div id=\"dslc-theme-content\"><div id=\"dslc-theme-content-inner\"><p style=\"text-align: center;\"><em>Documento aponta que dos 96 pontos monitorados, 86 est\u00e3o pr\u00f3prios para banho no RS<\/em><\/p>\n<p dir=\"ltr\">A Funda\u00e7\u00e3o Estadual de Prote\u00e7\u00e3o Ambiental (Fepam) divulgou, na sexta-feira (26\/12), o terceiro boletim do projeto Balneabilidade da temporada 2025\/2026. De acordo com o relat\u00f3rio, s\u00e3o dez os locais monitorados que est\u00e3o impr\u00f3prios para banho \u2014 um a mais em rela\u00e7\u00e3o ao\u00a0<a href=\"https:\/\/www.estado.rs.gov.br\/governo-do-estado-divulga-segundo-boletim-de-balneabilidade-com-87-pontos-proprios-para-banho-no-rs\" target=\"_blank\" rel=\"noopener\"><strong>segundo boletim<\/strong><\/a>, divulgado na semana passada.<\/p>\n<p dir=\"ltr\">Nova Palma e outros dois pontos de Pelotas sa\u00edram da lista, mas Cerrito, Pedro Os\u00f3rio e outros dois locais de an\u00e1lise em Rio Grande passaram a apresentar condi\u00e7\u00f5es desfavor\u00e1veis aos banhistas.\u00a0<\/p>\n<p dir=\"ltr\"><strong>Locais impr\u00f3prios para banho nesta semana<\/strong>\u00a0(Munic\u00edpio \u2014 Balne\u00e1rio\/Praia)<\/p>\n<ul>\n<li dir=\"ltr\">Barra do Ribeiro \u2014 Praia da Picada\/Lago Gua\u00edba<\/li>\n<li dir=\"ltr\">Cerrito \u2014 Balne\u00e1rio Cerrito\/Rio Piratini<\/li>\n<li dir=\"ltr\">Pedro Os\u00f3rio \u2014 Balne\u00e1rio Pedro Os\u00f3rio\/Rio Piratini<\/li>\n<li dir=\"ltr\">Pelotas \u2014 Valverde - Av. Sen. Joaquim A. Assump\u00e7\u00e3o<\/li>\n<li dir=\"ltr\">Pelotas \u2014 Santo Ant\u00f4nio - Rua Bag\u00e9<\/li>\n<li dir=\"ltr\">Pelotas \u2014 Valverde\/Trapiche<\/li>\n<li dir=\"ltr\">Piratini \u2014 Balne\u00e1rio Municipal Kl\u00e9rfim Cardoso\/Rio Piratini<\/li>\n<li dir=\"ltr\">Rio Grande \u2014 Praia do Cassino - Rua Apolin\u00e1rio<\/li>\n<li dir=\"ltr\">Rio Grande \u2014 Praia do Cassino - Rua Goi\u00e1s<\/li>\n<li dir=\"ltr\">Tapes \u2014 Balne\u00e1rio Rebelo<\/li>\n<\/ul>\n<ul>\n<li dir=\"ltr\">\n<p dir=\"ltr\"><a href=\"https:\/\/www.fepam.rs.gov.br\/upload\/arquivos\/202502\/21121203-dados-tratados-semana-10-a-14.pdf\" target=\"_blank\" rel=\"noopener\"><strong>Planilha completa<\/strong><\/a><\/p>\n<\/li>\n<\/ul>\n<p dir=\"ltr\"><strong>O Programa<\/strong><\/p>\n<p dir=\"ltr\">O Balneabilidade, que determina se um local est\u00e1 pr\u00f3prio ou impr\u00f3prio para banho, \u00e9 executado pela Fepam, com o apoio da Companhia Riograndense de Saneamento (Corsan) e do Servi\u00e7o Aut\u00f4nomo de Saneamento de Pelotas (Sanep).<\/p>\n<p dir=\"ltr\">O monitoramento abrange 96 pontos de praias e balne\u00e1rios de 45 munic\u00edpios do Estado. Este ano, passaram a receber coleta e an\u00e1lise a Lagoa Rondinha, no munic\u00edpio de Balne\u00e1rio Pinhal; o Parque N\u00e1utico, em Cap\u00e3o da Canoa; e o Balne\u00e1rio Kl\u00e9rfim Cardoso, na cidade de Piratini.<\/p>\n<p dir=\"ltr\">A divulga\u00e7\u00e3o dos resultados acontece sempre \u00e0s sextas-feiras, no site e nas redes sociais da Fepam, nas placas fixadas em praias e balne\u00e1rios nos locais de divulga\u00e7\u00e3o e no\u00a0<em><a href=\"https:\/\/secweb.procergs.com.br\/baln-consulta\/\" target=\"_blank\" rel=\"noopener\"><strong>webaplicativo\u00a0<\/strong><\/a><\/em>\u00a0do Balneabilidade. Os boletins ser\u00e3o divulgados at\u00e9 27 de fevereiro.<\/p>\n<p dir=\"ltr\">O projeto \u00e9 realizado anualmente pela Fepam desde 1979, integrando a\u00a0<a href=\"https:\/\/operacaoveraototal.rs.gov.br\/inicial\" target=\"_blank\" rel=\"noopener\"><strong>Opera\u00e7\u00e3o Ver\u00e3o Total<\/strong><\/a>, desenvolvida pelo governo do Estado.<\/p>\n<p dir=\"ltr\"><strong>Classifica\u00e7\u00e3o das \u00e1guas<\/strong><\/p>\n<p dir=\"ltr\">Para a classifica\u00e7\u00e3o das \u00e1guas como pr\u00f3prias ou impr\u00f3prias para banho, utilizam-se par\u00e2metros de\u00a0<em>Escherichia coli<\/em>\u00a0(E.coli), observando os crit\u00e9rios definidos pelas resolu\u00e7\u00f5es do Conselho Nacional do Meio Ambiente (Conama) 274\/2000 e 357\/2005.<\/p>\n<p dir=\"ltr\">Nos balne\u00e1rios de Pelotas; Tapes; na Lagoa do Peixoto, em Os\u00f3rio; na Praia da Barrinha, em S\u00e3o Louren\u00e7o do Sul; na Praia da Picada, em Barra do Ribeiro; e em Arambar\u00e9 tamb\u00e9m s\u00e3o consideradas as cianobact\u00e9rias.<\/p>\n<p dir=\"ltr\">O resultado de cada boletim est\u00e1 condicionado a cinco semanas anteriores de monitoramento. Se, ao longo desse per\u00edodo, duas ou mais amostras do conjunto apresentarem resultado superior a 800 para E.coli ou, ainda, se a amostra mais recente das cinco avaliadas apresentarem resultado maior que 2.000 para E.coli, o ponto ser\u00e1 classificado como impr\u00f3prio. O mesmo ocorre se a contagem de cianobact\u00e9rias extrapolar 50.000 c\u00e9lulas.<\/p>\n<p dir=\"ltr\"><strong>Recomenda\u00e7\u00f5es aos banhistas:<\/strong><\/p>\n<ul>\n<li dir=\"ltr\">Entrar na \u00e1gua apenas em locais com condi\u00e7\u00e3o pr\u00f3pria para o banho;<\/li>\n<li dir=\"ltr\">Evitar tomar banho em \u00e9poca chuvosa, nas primeiras 24 horas ap\u00f3s chuvas intensas, em per\u00edodos de cheia dos rios ou em canais pluviais, sa\u00eddas de c\u00f3rregos ou rios que afluem nas praias;<\/li>\n<li dir=\"ltr\">N\u00e3o tomar banho em locais com concentra\u00e7\u00e3o de algas, pois podem conter toxinas prejudiciais \u00e0 sa\u00fade;<\/li>\n<li dir=\"ltr\">Destinar aten\u00e7\u00e3o especial a crian\u00e7as, idosos e pessoas com baixa imunidade.<\/li>\n<\/ul>\n<hr \/>\n<h6><strong>GOV RS | Texto: Ascom Fepam | Edi\u00e7\u00e3o: Secom<\/strong><\/h6>\n\n\n<center><iframe loading=\"lazy\" class=\"jmvplayer\" src=\"https:\/\/player.jmvstream.com\/lvw\/YYGWo5wfZuZ8fEW7Qoq1ISwhLSEDhU\" allowfullscreen allow=\"autoplay; fullscreen\" frameborder=\"0\" width=\"640\" height=\"360\" ><\/iframe><\/center>\n\n\n\n<p><\/p>\n<\/div><\/div>","protected":false},"excerpt":{"rendered":"<p>Documento aponta que dos 96 pontos monitorados, 86 est\u00e3o pr\u00f3prios para banho no RS A Funda\u00e7\u00e3o Estadual de Prote\u00e7\u00e3o Ambiental (Fepam) divulgou, na sexta-feira (26\/12), o terceiro boletim do projeto Balneabilidade da temporada 2025\/2026. De acordo com o relat\u00f3rio, s\u00e3o dez os locais monitorados que est\u00e3o impr\u00f3prios para banho \u2014 um a mais em rela\u00e7\u00e3o [&hellip;]<\/p>\n","protected":false},"author":4,"featured_media":81454,"comment_status":"open","ping_status":"open","sticky":false,"template":"","format":"standard","meta":{"footnotes":""},"categories":[1],"tags":[],"class_list":["post-81453","post","type-post","status-publish","format-standard","has-post-thumbnail","hentry","category-sem-categoria"],"_links":{"self":[{"href":"http:\/\/sol.fm.br\/radio\/wp-json\/wp\/v2\/posts\/81453","targetHints":{"allow":["GET"]}}],"collection":[{"href":"http:\/\/sol.fm.br\/radio\/wp-json\/wp\/v2\/posts"}],"about":[{"href":"http:\/\/sol.fm.br\/radio\/wp-json\/wp\/v2\/types\/post"}],"author":[{"embeddable":true,"href":"http:\/\/sol.fm.br\/radio\/wp-json\/wp\/v2\/users\/4"}],"replies":[{"embeddable":true,"href":"http:\/\/sol.fm.br\/radio\/wp-json\/wp\/v2\/comments?post=81453"}],"version-history":[{"count":1,"href":"http:\/\/sol.fm.br\/radio\/wp-json\/wp\/v2\/posts\/81453\/revisions"}],"predecessor-version":[{"id":81455,"href":"http:\/\/sol.fm.br\/radio\/wp-json\/wp\/v2\/posts\/81453\/revisions\/81455"}],"wp:featuredmedia":[{"embeddable":true,"href":"http:\/\/sol.fm.br\/radio\/wp-json\/wp\/v2\/media\/81454"}],"wp:attachment":[{"href":"http:\/\/sol.fm.br\/radio\/wp-json\/wp\/v2\/media?parent=81453"}],"wp:term":[{"taxonomy":"category","embeddable":true,"href":"http:\/\/sol.fm.br\/radio\/wp-json\/wp\/v2\/categories?post=81453"},{"taxonomy":"post_tag","embeddable":true,"href":"http:\/\/sol.fm.br\/radio\/wp-json\/wp\/v2\/tags?post=81453"}],"curies":[{"name":"wp","href":"https:\/\/api.w.org\/{rel}","templated":true}]}}