{"id":81466,"date":"2025-12-30T11:33:55","date_gmt":"2025-12-30T14:33:55","guid":{"rendered":"http:\/\/sol.fm.br\/radio\/?p=81466"},"modified":"2025-12-30T11:33:57","modified_gmt":"2025-12-30T14:33:57","slug":"nccc-da-costa-doce-encerra-calendario-2025-com-provas-na-serra-gaucha","status":"publish","type":"post","link":"http:\/\/sol.fm.br\/radio\/nccc-da-costa-doce-encerra-calendario-2025-com-provas-na-serra-gaucha\/","title":{"rendered":"NCCC da Costa Doce encerra calend\u00e1rio 2025 com provas na Serra Ga\u00facha"},"content":{"rendered":"<div id=\"dslc-theme-content\"><div id=\"dslc-theme-content-inner\"><p>Com a vit\u00f3ria da ginete Victoria Rissi na modalidade Doma de Ouro durante os Funcionais de Natal, o N\u00facleo de Criadores de Cavalos Crioulos da Costa Doce (NCCC) encerrou suas atividades do ano. Acompanhada do exemplar ZR Querubim (Box 45), a ginete conquistou o primeiro lugar da modalidade, o terceiro lugar com ZR Quartelero (Box 43) e o quarto lugar com Dom Nicolau Esperan\u00e7a (Box 42).<\/p>\n<p>Al\u00e9m da Doma de Ouro, o Movimiento a La Rienda tamb\u00e9m registrou disputas equilibradas. Na categoria Feminina, a vit\u00f3ria foi de Brenda Nunes dos Santos com o exemplar Tala de Santo Expedito (Box 60). J\u00e1 na categoria Master, o primeiro lugar ficou com PO J\u00e1 Mas Em Domingo (Box 53), montado por Antonio Catelo. Pela categoria Amador A, o destaque foi PO Raz\u00f3n De Mi Vida (Box 50), com Carlos Rissi. Na categoria Profissional, a vit\u00f3ria ficou com PO La Rienda (Box 49), conduzido por Victoria Rissi. Entre os Crioulos do Futuro, o primeiro lugar foi conquistado por Ildo Menezes Junior, montando \u00c1gata Konan (Box 37).<\/p>\n<p>Realizado na Cabanha Ruppenthal, em Linha Nova (RS), os Funcionais de Natal marcaram um momento hist\u00f3rico para o NCCC, que realizou, pela primeira vez, um evento fora de sua regi\u00e3o de atua\u00e7\u00e3o. Com identidade natalina e foco em turismo, a iniciativa levou as provas funcionais do Cavalo Crioulo \u00e0 Serra Ga\u00facha, aproveitando a proximidade com Gramado (RS), refer\u00eancia nas festividades natalinas.<\/p>\n<p>Segundo o presidente do n\u00facleo, Tiago Sangiogo, o evento marca o objetivo do NCCC de expandir as atividades em outras regi\u00f5es ga\u00fachas.<em> \u201cFicamos muito felizes, pois tivemos uma \u00f3tima ades\u00e3o e isso demonstra o interesse crescente dos competidores. A tend\u00eancia \u00e9 de que, cada vez mais, as provas funcionais fa\u00e7am parte do calend\u00e1rio do n\u00facleo da Costa Doce<\/em>\u201d, destacou.<\/p>\n<p>A miss\u00e3o de avaliar e confirmar os exemplares aptos para as provas realizadas entre os dias 19 e 21 de dezembro ficou a cargo do t\u00e9cnico da ABCCC, Jorge \u00c2ngelo do Nascimento.<\/p>\n<hr \/>\n<h6><strong>Jard!ne Ag\u00eancia de Comunica\u00e7\u00e3o | Foto: Joel Arrojo<\/strong><\/h6>\n\n\n<center><iframe loading=\"lazy\" class=\"jmvplayer\" src=\"https:\/\/player.jmvstream.com\/lvw\/YYGWo5wfZuZ8fEW7Qoq1ISwhLSEDhU\" allowfullscreen allow=\"autoplay; fullscreen\" frameborder=\"0\" width=\"640\" height=\"360\" ><\/iframe><\/center>\n<\/div><\/div>","protected":false},"excerpt":{"rendered":"<p>Com a vit\u00f3ria da ginete Victoria Rissi na modalidade Doma de Ouro durante os Funcionais de Natal, o N\u00facleo de Criadores de Cavalos Crioulos da Costa Doce (NCCC) encerrou suas atividades do ano. Acompanhada do exemplar ZR Querubim (Box 45), a ginete conquistou o primeiro lugar da modalidade, o terceiro lugar com ZR Quartelero (Box [&hellip;]<\/p>\n","protected":false},"author":4,"featured_media":81467,"comment_status":"open","ping_status":"open","sticky":false,"template":"","format":"standard","meta":{"footnotes":""},"categories":[1],"tags":[],"class_list":["post-81466","post","type-post","status-publish","format-standard","has-post-thumbnail","hentry","category-sem-categoria"],"_links":{"self":[{"href":"http:\/\/sol.fm.br\/radio\/wp-json\/wp\/v2\/posts\/81466","targetHints":{"allow":["GET"]}}],"collection":[{"href":"http:\/\/sol.fm.br\/radio\/wp-json\/wp\/v2\/posts"}],"about":[{"href":"http:\/\/sol.fm.br\/radio\/wp-json\/wp\/v2\/types\/post"}],"author":[{"embeddable":true,"href":"http:\/\/sol.fm.br\/radio\/wp-json\/wp\/v2\/users\/4"}],"replies":[{"embeddable":true,"href":"http:\/\/sol.fm.br\/radio\/wp-json\/wp\/v2\/comments?post=81466"}],"version-history":[{"count":1,"href":"http:\/\/sol.fm.br\/radio\/wp-json\/wp\/v2\/posts\/81466\/revisions"}],"predecessor-version":[{"id":81468,"href":"http:\/\/sol.fm.br\/radio\/wp-json\/wp\/v2\/posts\/81466\/revisions\/81468"}],"wp:featuredmedia":[{"embeddable":true,"href":"http:\/\/sol.fm.br\/radio\/wp-json\/wp\/v2\/media\/81467"}],"wp:attachment":[{"href":"http:\/\/sol.fm.br\/radio\/wp-json\/wp\/v2\/media?parent=81466"}],"wp:term":[{"taxonomy":"category","embeddable":true,"href":"http:\/\/sol.fm.br\/radio\/wp-json\/wp\/v2\/categories?post=81466"},{"taxonomy":"post_tag","embeddable":true,"href":"http:\/\/sol.fm.br\/radio\/wp-json\/wp\/v2\/tags?post=81466"}],"curies":[{"name":"wp","href":"https:\/\/api.w.org\/{rel}","templated":true}]}}