{"id":81476,"date":"2025-12-30T11:48:47","date_gmt":"2025-12-30T14:48:47","guid":{"rendered":"http:\/\/sol.fm.br\/radio\/?p=81476"},"modified":"2025-12-30T11:48:49","modified_gmt":"2025-12-30T14:48:49","slug":"governo-leite-divulga-lista-de-cooperativas-selecionadas-no-programa-de-apoio-a-agricultura-familiar-e-camponesa","status":"publish","type":"post","link":"http:\/\/sol.fm.br\/radio\/governo-leite-divulga-lista-de-cooperativas-selecionadas-no-programa-de-apoio-a-agricultura-familiar-e-camponesa\/","title":{"rendered":"Governo Leite divulga lista de cooperativas selecionadas no Programa de Apoio \u00e0 Agricultura Familiar e Camponesa"},"content":{"rendered":"<div id=\"dslc-theme-content\"><div id=\"dslc-theme-content-inner\"><p style=\"text-align: center;\"><em>Com investimento de R$ 21,9 milh\u00f5es do BNDES, edital fortalece empreendimentos produtivos coletivos<\/em><\/p>\n<p>O governo do Estado, por meio da Secretaria de Desenvolvimento Rural (SDR), divulgou, nesta segunda-feira (29\/12), o resultado do\u00a0Edital Feaper\/SDR 10\/2025, que integra o Programa de Apoio \u00e0 Agricultura Familiar e Camponesa. A publica\u00e7\u00e3o foi realizada no Di\u00e1rio Oficial do Estado (DOE), tornando p\u00fablica a lista das 24 cooperativas selecionadas e das 44 cooperativas suplentes\u00a0classificadas no processo.\u00a0<\/p>\n<ul>\n<li><a href=\"https:\/\/www.diariooficial.rs.gov.br\/materia?id=1362929\" target=\"_blank\" rel=\"noopener\"><strong>Resultado do Edital Feaper\/SDR 10\/2025<\/strong><\/a><\/li>\n<\/ul>\n<p>O edital viabiliza um investimento de R$ 21,9 milh\u00f5es, oriundos do Banco Nacional de Desenvolvimento Econ\u00f4mico e Social (BNDES), destinados ao apoio de empreendimentos produtivos coletivos da agricultura familiar. Os recursos s\u00e3o operacionalizados por meio do Fundo Estadual de Apoio aos Pequenos Estabelecimentos Rurais (<a href=\"https:\/\/www.sdr.rs.gov.br\/feaper\" target=\"_blank\" rel=\"noopener\"><strong>Feaper<\/strong><\/a>), com gest\u00e3o cont\u00e1bil e financeira realizada pelo\u00a0Badesul.\u00a0<\/p>\n<p>O secret\u00e1rio de Desenvolvimento Rural e presidente do Conselho de Administra\u00e7\u00e3o do\u00a0Feaper, Vilson Covatti, destacou que a iniciativa refor\u00e7a o compromisso do governo do Estado com o fortalecimento das cooperativas e com a promo\u00e7\u00e3o do desenvolvimento sustent\u00e1vel no meio rural.\u00a0<em>\u201cAs cooperativas selecionadas atuam em diversas regi\u00f5es do Estado e abrangem diferentes cadeias produtivas da agricultura familiar, promovendo rela\u00e7\u00f5es de ganho para os associados, gera\u00e7\u00e3o de renda e desenvolvimento regional\u201d<\/em>, disse o secret\u00e1rio.\u00a0<\/p>\n<p><strong>Sele\u00e7\u00e3o das cooperativas<\/strong><\/p>\n<p>A sele\u00e7\u00e3o p\u00fablica foi aberta no m\u00eas de agosto e avaliou propostas voltadas \u00e0 amplia\u00e7\u00e3o da capacidade produtiva, agrega\u00e7\u00e3o de valor, organiza\u00e7\u00e3o da produ\u00e7\u00e3o e fortalecimento da comercializa\u00e7\u00e3o dos empreendimentos cooperativos.\u00a0<\/p>\n<p>Conforme previsto no edital, as cooperativas selecionadas est\u00e3o notificadas a apresentar os projetos t\u00e9cnicos de financiamento e a documenta\u00e7\u00e3o exigida no prazo de at\u00e9 30 dias, podendo haver prorroga\u00e7\u00e3o de at\u00e9 10 dias, mediante justificativa formal e dentro do prazo vigente. O n\u00e3o cadastramento do projeto no per\u00edodo estabelecido implicar\u00e1 desclassifica\u00e7\u00e3o.\u00a0<\/p>\n<p>Tamb\u00e9m foi publicada a rela\u00e7\u00e3o das cooperativas suplentes, que formam um cadastro reserva. Na hip\u00f3tese de desist\u00eancia ou desclassifica\u00e7\u00e3o de cooperativas selecionadas, ou ainda na disponibiliza\u00e7\u00e3o de novos recursos pelo BNDES, as suplentes poder\u00e3o ser convocadas gradualmente, conforme a ordem de classifica\u00e7\u00e3o, at\u00e9 o limite de recursos dispon\u00edveis.\u00a0<\/p>\n<p>O resultado do edital representa mais um passo estrat\u00e9gico na pol\u00edtica estadual de fortalecimento da agricultura familiar e camponesa, promovendo inclus\u00e3o produtiva em todas as regi\u00f5es do Rio Grande do Sul.<\/p>\n<hr \/>\n<h6><strong>GIV RS | Texto: Ascom SDR | Edi\u00e7\u00e3o: Secom | Foto: Ascom SDR<\/strong><\/h6>\n\n\n<center><iframe loading=\"lazy\" class=\"jmvplayer\" src=\"https:\/\/player.jmvstream.com\/lvw\/YYGWo5wfZuZ8fEW7Qoq1ISwhLSEDhU\" allowfullscreen allow=\"autoplay; fullscreen\" frameborder=\"0\" width=\"640\" height=\"360\" ><\/iframe><\/center>\n<\/div><\/div>","protected":false},"excerpt":{"rendered":"<p>Com investimento de R$ 21,9 milh\u00f5es do BNDES, edital fortalece empreendimentos produtivos coletivos O governo do Estado, por meio da Secretaria de Desenvolvimento Rural (SDR), divulgou, nesta segunda-feira (29\/12), o resultado do\u00a0Edital Feaper\/SDR 10\/2025, que integra o Programa de Apoio \u00e0 Agricultura Familiar e Camponesa. A publica\u00e7\u00e3o foi realizada no Di\u00e1rio Oficial do Estado (DOE), [&hellip;]<\/p>\n","protected":false},"author":4,"featured_media":81477,"comment_status":"open","ping_status":"open","sticky":false,"template":"","format":"standard","meta":{"footnotes":""},"categories":[1],"tags":[],"class_list":["post-81476","post","type-post","status-publish","format-standard","has-post-thumbnail","hentry","category-sem-categoria"],"_links":{"self":[{"href":"http:\/\/sol.fm.br\/radio\/wp-json\/wp\/v2\/posts\/81476","targetHints":{"allow":["GET"]}}],"collection":[{"href":"http:\/\/sol.fm.br\/radio\/wp-json\/wp\/v2\/posts"}],"about":[{"href":"http:\/\/sol.fm.br\/radio\/wp-json\/wp\/v2\/types\/post"}],"author":[{"embeddable":true,"href":"http:\/\/sol.fm.br\/radio\/wp-json\/wp\/v2\/users\/4"}],"replies":[{"embeddable":true,"href":"http:\/\/sol.fm.br\/radio\/wp-json\/wp\/v2\/comments?post=81476"}],"version-history":[{"count":1,"href":"http:\/\/sol.fm.br\/radio\/wp-json\/wp\/v2\/posts\/81476\/revisions"}],"predecessor-version":[{"id":81478,"href":"http:\/\/sol.fm.br\/radio\/wp-json\/wp\/v2\/posts\/81476\/revisions\/81478"}],"wp:featuredmedia":[{"embeddable":true,"href":"http:\/\/sol.fm.br\/radio\/wp-json\/wp\/v2\/media\/81477"}],"wp:attachment":[{"href":"http:\/\/sol.fm.br\/radio\/wp-json\/wp\/v2\/media?parent=81476"}],"wp:term":[{"taxonomy":"category","embeddable":true,"href":"http:\/\/sol.fm.br\/radio\/wp-json\/wp\/v2\/categories?post=81476"},{"taxonomy":"post_tag","embeddable":true,"href":"http:\/\/sol.fm.br\/radio\/wp-json\/wp\/v2\/tags?post=81476"}],"curies":[{"name":"wp","href":"https:\/\/api.w.org\/{rel}","templated":true}]}}