{"id":81492,"date":"2025-12-31T19:23:25","date_gmt":"2025-12-31T22:23:25","guid":{"rendered":"http:\/\/sol.fm.br\/radio\/?p=81492"},"modified":"2025-12-31T19:23:28","modified_gmt":"2025-12-31T22:23:28","slug":"governo-do-estado-repassa-r-125-milhoes-extras-para-escolas-da-rede-estadual-em-preparacao-ao-ano-letivo-de-2026","status":"publish","type":"post","link":"http:\/\/sol.fm.br\/radio\/governo-do-estado-repassa-r-125-milhoes-extras-para-escolas-da-rede-estadual-em-preparacao-ao-ano-letivo-de-2026\/","title":{"rendered":"Governo do Estado repassa R$ 125 milh\u00f5es extras para escolas da Rede Estadual em prepara\u00e7\u00e3o ao ano letivo de 2026"},"content":{"rendered":"<div id=\"dslc-theme-content\"><div id=\"dslc-theme-content-inner\"><p class=\"artigo__subtitulo\" style=\"text-align: center;\"><em>Programa Agiliza Educa\u00e7\u00e3o acelera a resolu\u00e7\u00e3o de problemas pontuais que n\u00e3o exigem grandes obras de infraestrutura<\/em><\/p>\n<p>O governo do Estado anunciou, nesta ter\u00e7a-feira (30\/12), um repasse extra de R$ 125 milh\u00f5es para as escolas da Rede Estadual por meio do Programa Agiliza Educa\u00e7\u00e3o. Os valores ser\u00e3o destinados diretamente nas contas de cada institui\u00e7\u00e3o de ensino, permitindo que as equipes diretivas possam resolver demandas em prepara\u00e7\u00e3o para o ano letivo de 2026.<\/p>\n<p>O governador em exerc\u00edcio, Gabriel Souza, ressalta que essa \u00e9 mais uma das tantas a\u00e7\u00f5es que mostram o empenho da atual gest\u00e3o em melhorar \u00e1reas essenciais. <em>\u201cQuando a escola est\u00e1 forte, o nosso Rio Grande avan\u00e7a. \u00c9 por isso que temos tantos programas voltados ao fortalecimento da Educa\u00e7\u00e3o. Al\u00e9m do b\u00f4nus por frequ\u00eancia, concedido hoje a gestores escolares por meio do Programa de Reconhecimento da Educa\u00e7\u00e3o Ga\u00facha, encerramos o ano com mais esse repasse do Agiliza, demonstrando mais uma vez que a Educa\u00e7\u00e3o \u00e9 uma das nossas prioridades para preparar a sociedade ga\u00facha para o futuro<\/em>\u201d, destaca Gabriel.<\/p>\n<ul>\n<li><strong><a href=\"https:\/\/www.estado.rs.gov.br\/governo-paga-bonus-inedito-de-frequencia-escolar-do-programa-de-reconhecimento-da-educacao-gaucha-para-equipes-diretivas\" target=\"_blank\" rel=\"noopener\">Governo paga b\u00f4nus in\u00e9dito de frequ\u00eancia escolar do Programa de Reconhecimento da Educa\u00e7\u00e3o Ga\u00facha para equipes diretivas<\/a><\/strong><\/li>\n<\/ul>\n<p>Para a secret\u00e1ria da Educa\u00e7\u00e3o em exerc\u00edcio, Stefanie Eskrereski, o Agiliza Educa\u00e7\u00e3o j\u00e1 \u00e9 uma marca do governo Leite. \"<em>Ele reduz a burocracia e d\u00e1 mais autonomia para as escolas, com transpar\u00eancia e participa\u00e7\u00e3o da comunidade escolar. O programa tamb\u00e9m incentiva a economia local, j\u00e1 que boa parte das compras e servi\u00e7os acaba sendo feita na pr\u00f3pria comunidade onde a escola est\u00e1 inserida<\/em>\", aponta Stefanie.<\/p>\n<p><strong>Mais resolutivo<\/strong><\/p>\n<p>O programa acelera a resolu\u00e7\u00e3o de problemas pontuais que n\u00e3o exigem grandes obras de infraestrutura, uma vez que os recursos podem ser utilizados em despesas de custeio, como compra de materiais did\u00e1ticos e itens de limpeza; na contrata\u00e7\u00e3o de servi\u00e7os de pintura, reparos b\u00e1sico em redes hidr\u00e1ulicas e el\u00e9tricas; ou na aquisi\u00e7\u00e3o de materiais permanentes, que abrangem equipamentos menores para laborat\u00f3rios de ci\u00eancia ou de inform\u00e1tica, para cozinha, bem como brinquedos para \u00e1reas infantis, entre outros.<\/p>\n<ul>\n<li><strong><a href=\"https:\/\/www.estado.rs.gov.br\/governador-eduardo-leite-acompanha-primeiro-dia-de-entrega-dos-cartoes-do-programa-pe-no-futuro-a-estudantes-da-rede-estadual\" target=\"_blank\" rel=\"noopener\">Governador Eduardo Leite acompanha primeiro dia de entrega dos cart\u00f5es do Programa P\u00e9 no Futuro a estudantes da Rede Estadual<\/a><\/strong><\/li>\n<\/ul>\n<p>A forma de aplicar os recursos segue os crit\u00e9rios definidos pela Lei de Gest\u00e3o Democr\u00e1tica das Escolas, valorizando a participa\u00e7\u00e3o da comunidade escolar na tomada de decis\u00f5es e na prioriza\u00e7\u00e3o da aplica\u00e7\u00e3o dos valores e respeitando a legisla\u00e7\u00e3o de licita\u00e7\u00f5es. Para assegurar a transpar\u00eancia, os diretores tamb\u00e9m precisam apresentar um plano de aplica\u00e7\u00e3o \u00e0s Coordenadorias Regionais de Educa\u00e7\u00e3o (CREs), que deve ser entregue em at\u00e9 180 dias ap\u00f3s o cr\u00e9dito ser disponibilizado.<\/p>\n<p>Desde a sua cria\u00e7\u00e3o, em 2022, o Programa Agiliza Educa\u00e7\u00e3o j\u00e1 repassou R$ 925 milh\u00f5es para as escolas, sendo R$ 305 milh\u00f5es somente em 2025.<\/p>\n<hr \/>\n<h6><strong>GOV RS | Texto: Ascom Seduc | Edi\u00e7\u00e3o: Secom<\/strong><\/h6>\n\n\n<center><iframe loading=\"lazy\" class=\"jmvplayer\" src=\"https:\/\/player.jmvstream.com\/lvw\/YYGWo5wfZuZ8fEW7Qoq1ISwhLSEDhU\" allowfullscreen allow=\"autoplay; fullscreen\" frameborder=\"0\" width=\"640\" height=\"360\" ><\/iframe><\/center>\n<\/div><\/div>","protected":false},"excerpt":{"rendered":"<p>Programa Agiliza Educa\u00e7\u00e3o acelera a resolu\u00e7\u00e3o de problemas pontuais que n\u00e3o exigem grandes obras de infraestrutura O governo do Estado anunciou, nesta ter\u00e7a-feira (30\/12), um repasse extra de R$ 125 milh\u00f5es para as escolas da Rede Estadual por meio do Programa Agiliza Educa\u00e7\u00e3o. Os valores ser\u00e3o destinados diretamente nas contas de cada institui\u00e7\u00e3o de ensino, [&hellip;]<\/p>\n","protected":false},"author":4,"featured_media":81493,"comment_status":"open","ping_status":"open","sticky":false,"template":"","format":"standard","meta":{"footnotes":""},"categories":[1],"tags":[],"class_list":["post-81492","post","type-post","status-publish","format-standard","has-post-thumbnail","hentry","category-sem-categoria"],"_links":{"self":[{"href":"http:\/\/sol.fm.br\/radio\/wp-json\/wp\/v2\/posts\/81492","targetHints":{"allow":["GET"]}}],"collection":[{"href":"http:\/\/sol.fm.br\/radio\/wp-json\/wp\/v2\/posts"}],"about":[{"href":"http:\/\/sol.fm.br\/radio\/wp-json\/wp\/v2\/types\/post"}],"author":[{"embeddable":true,"href":"http:\/\/sol.fm.br\/radio\/wp-json\/wp\/v2\/users\/4"}],"replies":[{"embeddable":true,"href":"http:\/\/sol.fm.br\/radio\/wp-json\/wp\/v2\/comments?post=81492"}],"version-history":[{"count":1,"href":"http:\/\/sol.fm.br\/radio\/wp-json\/wp\/v2\/posts\/81492\/revisions"}],"predecessor-version":[{"id":81494,"href":"http:\/\/sol.fm.br\/radio\/wp-json\/wp\/v2\/posts\/81492\/revisions\/81494"}],"wp:featuredmedia":[{"embeddable":true,"href":"http:\/\/sol.fm.br\/radio\/wp-json\/wp\/v2\/media\/81493"}],"wp:attachment":[{"href":"http:\/\/sol.fm.br\/radio\/wp-json\/wp\/v2\/media?parent=81492"}],"wp:term":[{"taxonomy":"category","embeddable":true,"href":"http:\/\/sol.fm.br\/radio\/wp-json\/wp\/v2\/categories?post=81492"},{"taxonomy":"post_tag","embeddable":true,"href":"http:\/\/sol.fm.br\/radio\/wp-json\/wp\/v2\/tags?post=81492"}],"curies":[{"name":"wp","href":"https:\/\/api.w.org\/{rel}","templated":true}]}}