{"id":81498,"date":"2025-12-31T20:06:52","date_gmt":"2025-12-31T23:06:52","guid":{"rendered":"http:\/\/sol.fm.br\/radio\/?p=81498"},"modified":"2025-12-31T20:06:54","modified_gmt":"2025-12-31T23:06:54","slug":"governo-do-estado-alerta-que-nota-fiscal-gaucha-nao-faz-contato-com-participantes-pelo-whatsapp","status":"publish","type":"post","link":"http:\/\/sol.fm.br\/radio\/governo-do-estado-alerta-que-nota-fiscal-gaucha-nao-faz-contato-com-participantes-pelo-whatsapp\/","title":{"rendered":"Governo do Estado alerta que Nota Fiscal Ga\u00facha n\u00e3o faz contato com participantes pelo WhatsApp"},"content":{"rendered":"<div id=\"dslc-theme-content\"><div id=\"dslc-theme-content-inner\"><p style=\"text-align: center;\"><em>Canais oficiais do programa s\u00e3o exclusivamente o aplicativo e o site<\/em><\/p>\n<p dir=\"ltr\">O governo do Estado, por meio da Secretaria da Fazenda (Sefaz), alerta que o Programa Nota Fiscal Ga\u00facha (NFG) n\u00e3o realiza contatos com seus cadastrados via WhatsApp. Caso o contribuinte receba mensagens por esse canal em nome do programa, a orienta\u00e7\u00e3o \u00e9 n\u00e3o interagir e comunicar o ocorrido \u00e0 gest\u00e3o do NFG, por meio do formul\u00e1rio dispon\u00edvel abaixo:<\/p>\n<ul>\n<li dir=\"ltr\"><a href=\"https:\/\/atendimento.receita.rs.gov.br\/nfg-cidadao\" target=\"_blank\" rel=\"noopener\"><strong>Formul\u00e1rio cidad\u00e3o<\/strong><\/a><\/li>\n<\/ul>\n<p dir=\"ltr\">Os canais oficiais do NFG s\u00e3o exclusivamente o aplicativo e o site do programa, com acesso via login gov.br, plataformas nas quais est\u00e3o publicadas as informa\u00e7\u00f5es corretas. Os \u00fanicos contatos diretos feitos com os participantes ocorrem por e-mail ou por SMS para o telefone cadastrado.<\/p>\n<p dir=\"ltr\">Com cerca de 4,2 milh\u00f5es de participantes, o NFG incentiva os consumidores a solicitarem a inclus\u00e3o do n\u00famero do CPF na nota fiscal no momento da compra, promovendo a cidadania fiscal. A iniciativa contribui para que as vendas sejam devidamente declaradas pelas empresas, ajudando a combater a informalidade e a concorr\u00eancia desleal.<\/p>\n<hr \/>\n<h6><strong>GOV RS | Texto: Ascom Sefaz | Edi\u00e7\u00e3o: Secom<\/strong><\/h6>\n\n\n<center><iframe loading=\"lazy\" class=\"jmvplayer\" src=\"https:\/\/player.jmvstream.com\/lvw\/YYGWo5wfZuZ8fEW7Qoq1ISwhLSEDhU\" allowfullscreen allow=\"autoplay; fullscreen\" frameborder=\"0\" width=\"640\" height=\"360\" ><\/iframe><\/center>\n<\/div><\/div>","protected":false},"excerpt":{"rendered":"<p>Canais oficiais do programa s\u00e3o exclusivamente o aplicativo e o site O governo do Estado, por meio da Secretaria da Fazenda (Sefaz), alerta que o Programa Nota Fiscal Ga\u00facha (NFG) n\u00e3o realiza contatos com seus cadastrados via WhatsApp. Caso o contribuinte receba mensagens por esse canal em nome do programa, a orienta\u00e7\u00e3o \u00e9 n\u00e3o interagir [&hellip;]<\/p>\n","protected":false},"author":4,"featured_media":81499,"comment_status":"open","ping_status":"open","sticky":false,"template":"","format":"standard","meta":{"footnotes":""},"categories":[1],"tags":[],"class_list":["post-81498","post","type-post","status-publish","format-standard","has-post-thumbnail","hentry","category-sem-categoria"],"_links":{"self":[{"href":"http:\/\/sol.fm.br\/radio\/wp-json\/wp\/v2\/posts\/81498","targetHints":{"allow":["GET"]}}],"collection":[{"href":"http:\/\/sol.fm.br\/radio\/wp-json\/wp\/v2\/posts"}],"about":[{"href":"http:\/\/sol.fm.br\/radio\/wp-json\/wp\/v2\/types\/post"}],"author":[{"embeddable":true,"href":"http:\/\/sol.fm.br\/radio\/wp-json\/wp\/v2\/users\/4"}],"replies":[{"embeddable":true,"href":"http:\/\/sol.fm.br\/radio\/wp-json\/wp\/v2\/comments?post=81498"}],"version-history":[{"count":1,"href":"http:\/\/sol.fm.br\/radio\/wp-json\/wp\/v2\/posts\/81498\/revisions"}],"predecessor-version":[{"id":81500,"href":"http:\/\/sol.fm.br\/radio\/wp-json\/wp\/v2\/posts\/81498\/revisions\/81500"}],"wp:featuredmedia":[{"embeddable":true,"href":"http:\/\/sol.fm.br\/radio\/wp-json\/wp\/v2\/media\/81499"}],"wp:attachment":[{"href":"http:\/\/sol.fm.br\/radio\/wp-json\/wp\/v2\/media?parent=81498"}],"wp:term":[{"taxonomy":"category","embeddable":true,"href":"http:\/\/sol.fm.br\/radio\/wp-json\/wp\/v2\/categories?post=81498"},{"taxonomy":"post_tag","embeddable":true,"href":"http:\/\/sol.fm.br\/radio\/wp-json\/wp\/v2\/tags?post=81498"}],"curies":[{"name":"wp","href":"https:\/\/api.w.org\/{rel}","templated":true}]}}