{"id":81511,"date":"2025-12-31T21:54:05","date_gmt":"2026-01-01T00:54:05","guid":{"rendered":"http:\/\/sol.fm.br\/radio\/?p=81511"},"modified":"2025-12-31T21:54:07","modified_gmt":"2026-01-01T00:54:07","slug":"rio-grande-do-sul-registra-mais-de-82-mil-vagas-de-carteira-assinada-nos-onze-primeiros-meses-de-2025","status":"publish","type":"post","link":"http:\/\/sol.fm.br\/radio\/rio-grande-do-sul-registra-mais-de-82-mil-vagas-de-carteira-assinada-nos-onze-primeiros-meses-de-2025\/","title":{"rendered":"Rio Grande do Sul registra mais de 82 mil vagas de carteira assinada nos onze primeiros meses de 2025"},"content":{"rendered":"<div id=\"dslc-theme-content\"><div id=\"dslc-theme-content-inner\"><p class=\"artigo__subtitulo\" style=\"text-align: center;\"><em>Resultado \u00e9 de 1.528.430 contrata\u00e7\u00f5es e 1.445.503 desligamentos, entre janeiro e novembro<\/em><\/p>\n<p>O Rio Grande do Sul registrou 82.927 mil novas vagas com carteira assinada nos onze primeiros meses de 2025, resultado de 1.528.430 contrata\u00e7\u00f5es e 1.445.503 desligamentos, entre janeiro e novembro. S\u00e3o quase 20 mil postos a mais do que o saldo de todo o ano de 2024 (63.503). Os dados s\u00e3o do Cadastro Geral de Empregados e Desempregados (Novo Caged), do Minist\u00e9rio do Trabalho e Emprego (MTE), divulgado nesta ter\u00e7a-feira (30\/12).<\/p>\n<p>O Estado ocupa a s\u00e9tima posi\u00e7\u00e3o no ranking das unidades federativas com maior saldo positivo no ano, permanecendo atr\u00e1s de S\u00e3o Paulo (535,7 mil), Minas Gerais (151,5 mil), Paran\u00e1 (131,9 mil), Bahia (113,7 mil), Rio de Janeiro (124,3 mil) e Santa Catarina (106,9 mil).<\/p>\n<ul>\n<li><strong><a href=\"https:\/\/estado.rs.gov.br\/governador-eduardo-leite-assina-convenios-do-programa-rs-qualificacao-recomecar\" target=\"_blank\" rel=\"noopener\">Governador Eduardo Leite assina conv\u00eanios do Programa RS Qualifica\u00e7\u00e3o Recome\u00e7ar<\/a><\/strong><\/li>\n<\/ul>\n<p>\u201c<em>Estamos levando a qualifica\u00e7\u00e3o profissional a todos os cantos do Rio Grande do Sul, o que possibilita ao trabalhador mais oportunidades. Isso reflete nos n\u00fameros positivos que temos visto continuamente\u201d<\/em>, destaca o secret\u00e1rio de Trabalho e Desenvolvimento Profissional, Gilmar Sossella.<\/p>\n<p>A Regi\u00e3o Sul, por sua vez, ocupou o terceiro lugar na gera\u00e7\u00e3o de empregos no pa\u00eds, com 321.735 novos postos, em uma classifica\u00e7\u00e3o liderada pela Regi\u00e3o Sudeste, com 835.410 vagas formais, seguida do Nordeste, com 407.113.<\/p>\n<p><strong>N\u00fameros de novembro<\/strong><\/p>\n<p>Em novembro, o Rio Grande do Sul apresentou saldo de 4.635 vagas formais, a partir de 116.038 contrata\u00e7\u00f5es e 111.403 desligamentos no m\u00eas. Os n\u00fameros indicam um crescimento expressivo em rela\u00e7\u00e3o \u00e0 outubro, quando o Estado registrou apenas 170 novos postos com carteira assinada, devido ao desempenho desfavor\u00e1vel da ind\u00fastria.<\/p>\n<ul>\n<li><strong><a href=\"https:\/\/estado.rs.gov.br\/governo-leite-inicia-cursos-itinerantes-do-programa-carretas-do-saber-em-11-municipios-gauchos\" target=\"_blank\" rel=\"noopener\">Governo Leite inicia cursos itinerantes do Programa Carretas do Saber em 11 munic\u00edpios ga\u00fachos<\/a><\/strong><\/li>\n<\/ul>\n<p>O setor do com\u00e9rcio liderou o ranking de empregos formais criados por grupamento de atividades no m\u00eas, com 4.197 novos postos de trabalho. A agropecu\u00e1ria ocupou a segunda posi\u00e7\u00e3o, com a gera\u00e7\u00e3o de 2.258 vagas, seguido dos servi\u00e7os, com 1.712 postos. J\u00e1 a constru\u00e7\u00e3o e a ind\u00fastria apresentaram saldo negativo no m\u00eas, com menos 619 e menos 2.913 empregos.<\/p>\n<p>Os cinco munic\u00edpios com maior n\u00famero de vagas formais criadas em novembro foram:<\/p>\n<ul>\n<li>Porto Alegre (1.978)<\/li>\n<li>Pelotas (1.722)<\/li>\n<li>Santa Rosa (1.199)<\/li>\n<li>Vacaria (652)<\/li>\n<li>Morro Redondo (393)<\/li>\n<\/ul>\n<hr \/>\n<h6><strong>GOV RS | Texto: Mariana Souza\/Ascom STDP | Edi\u00e7\u00e3o: Secom<\/strong><\/h6>\n\n\n<center><iframe loading=\"lazy\" class=\"jmvplayer\" src=\"https:\/\/player.jmvstream.com\/lvw\/YYGWo5wfZuZ8fEW7Qoq1ISwhLSEDhU\" allowfullscreen allow=\"autoplay; fullscreen\" frameborder=\"0\" width=\"640\" height=\"360\" ><\/iframe><\/center>\n<\/div><\/div>","protected":false},"excerpt":{"rendered":"<p>Resultado \u00e9 de 1.528.430 contrata\u00e7\u00f5es e 1.445.503 desligamentos, entre janeiro e novembro O Rio Grande do Sul registrou 82.927 mil novas vagas com carteira assinada nos onze primeiros meses de 2025, resultado de 1.528.430 contrata\u00e7\u00f5es e 1.445.503 desligamentos, entre janeiro e novembro. S\u00e3o quase 20 mil postos a mais do que o saldo de todo [&hellip;]<\/p>\n","protected":false},"author":4,"featured_media":81512,"comment_status":"open","ping_status":"open","sticky":false,"template":"","format":"standard","meta":{"footnotes":""},"categories":[1],"tags":[],"class_list":["post-81511","post","type-post","status-publish","format-standard","has-post-thumbnail","hentry","category-sem-categoria"],"_links":{"self":[{"href":"http:\/\/sol.fm.br\/radio\/wp-json\/wp\/v2\/posts\/81511","targetHints":{"allow":["GET"]}}],"collection":[{"href":"http:\/\/sol.fm.br\/radio\/wp-json\/wp\/v2\/posts"}],"about":[{"href":"http:\/\/sol.fm.br\/radio\/wp-json\/wp\/v2\/types\/post"}],"author":[{"embeddable":true,"href":"http:\/\/sol.fm.br\/radio\/wp-json\/wp\/v2\/users\/4"}],"replies":[{"embeddable":true,"href":"http:\/\/sol.fm.br\/radio\/wp-json\/wp\/v2\/comments?post=81511"}],"version-history":[{"count":1,"href":"http:\/\/sol.fm.br\/radio\/wp-json\/wp\/v2\/posts\/81511\/revisions"}],"predecessor-version":[{"id":81513,"href":"http:\/\/sol.fm.br\/radio\/wp-json\/wp\/v2\/posts\/81511\/revisions\/81513"}],"wp:featuredmedia":[{"embeddable":true,"href":"http:\/\/sol.fm.br\/radio\/wp-json\/wp\/v2\/media\/81512"}],"wp:attachment":[{"href":"http:\/\/sol.fm.br\/radio\/wp-json\/wp\/v2\/media?parent=81511"}],"wp:term":[{"taxonomy":"category","embeddable":true,"href":"http:\/\/sol.fm.br\/radio\/wp-json\/wp\/v2\/categories?post=81511"},{"taxonomy":"post_tag","embeddable":true,"href":"http:\/\/sol.fm.br\/radio\/wp-json\/wp\/v2\/tags?post=81511"}],"curies":[{"name":"wp","href":"https:\/\/api.w.org\/{rel}","templated":true}]}}