{"id":81515,"date":"2025-12-31T22:02:46","date_gmt":"2026-01-01T01:02:46","guid":{"rendered":"http:\/\/sol.fm.br\/radio\/?p=81515"},"modified":"2025-12-31T22:02:47","modified_gmt":"2026-01-01T01:02:47","slug":"rio-grande-do-sul-e-o-terceiro-estado-que-mais-recebeu-turistas-estrangeiros-em-2025","status":"publish","type":"post","link":"http:\/\/sol.fm.br\/radio\/rio-grande-do-sul-e-o-terceiro-estado-que-mais-recebeu-turistas-estrangeiros-em-2025\/","title":{"rendered":"Rio Grande do Sul \u00e9 o terceiro Estado que mais recebeu turistas estrangeiros em 2025"},"content":{"rendered":"<div id=\"dslc-theme-content\"><div id=\"dslc-theme-content-inner\"><p class=\"artigo__subtitulo\" style=\"text-align: center;\"><em>Destino registrou a chegada de 1,4 milh\u00e3o de visitantes internacionais entre janeiro e novembro<\/em><\/p>\n<p>O Rio Grande do Sul consolidou sua posi\u00e7\u00e3o de destaque no turismo internacional em 2025 ao receber 1,4 milh\u00e3o de turistas estrangeiros\u00a0entre janeiro e novembro, o que representa um crescimento de 86,4%\u00a0em rela\u00e7\u00e3o ao mesmo per\u00edodo do ano passado. O resultado garantiu ao Estado a terceira coloca\u00e7\u00e3o no ranking nacional, atr\u00e1s apenas de S\u00e3o Paulo e do Rio de Janeiro, em um ano hist\u00f3rico para o Brasil, que ultrapassou a marca de 9 milh\u00f5es de visitantes internacionais. Os dados s\u00e3o do Instituto Brasileiro de Turismo (Embratur), do Minist\u00e9rio do Turismo e da Pol\u00edcia Federal.<\/p>\n<p>O resultado expressivo est\u00e1 diretamente associado a uma estrat\u00e9gia cont\u00ednua de promo\u00e7\u00e3o tur\u00edstica adotada pelo governo do Estado, com foco na presen\u00e7a do destino nas quatro esta\u00e7\u00f5es. Ao longo do ano, foram desenvolvidas campanhas de inverno e de ver\u00e3o, valorizando a diversidade de experi\u00eancias e estimulando a circula\u00e7\u00e3o de visitantes em diferentes per\u00edodos, com o objetivo de reduzir a sazonalidade e fortalecer o turismo como atividade permanente da economia ga\u00facha.\u00a0<\/p>\n<ul>\n<li>\n<p><a href=\"https:\/\/estado.rs.gov.br\/governo-do-estado-prepara-temporada-de-verao-e-destaca-diversidade-de-atrativos\" target=\"_blank\" rel=\"noopener\"><strong>Governo do Estado prepara temporada de ver\u00e3o e destaca diversidade de atrativos<\/strong><\/a><\/p>\n<\/li>\n<li>\n<p><a href=\"https:\/\/estado.rs.gov.br\/leite-lanca-programa-o-sul-tche-espera-para-fortalecer-turismo-gaucho\" target=\"_blank\" rel=\"noopener\"><strong>Leite lan\u00e7a Programa O Sul Tch\u00ea Espera para fortalecer turismo ga\u00facho<\/strong><\/a><\/p>\n<\/li>\n<\/ul>\n<p>O secret\u00e1rio de Turismo, Ronaldo Santini, destacou que os n\u00fameros refletem um trabalho estruturado e integrado. \u201c<em>Isso mostra que o Rio Grande do Sul est\u00e1 diferente. Temos apostado em uma estrat\u00e9gia de promo\u00e7\u00e3o cont\u00ednua, mostrando que o Estado tem atrativos durante todo o ano. As campanhas de inverno e de ver\u00e3o ajudam a posicionar nossos destinos, ampliar o fluxo de visitantes e fortalecer toda a cadeia do turismo\u201d<\/em>, afirmou.\u00a0<\/p>\n<ul>\n<li><a href=\"https:\/\/estado.rs.gov.br\/governo-lanca-campanha-mercadologica-para-afirmar-rio-grande-do-sul-como-destino-de-inverno\" target=\"_blank\" rel=\"noopener\"><strong>Governo lan\u00e7a campanha mercadol\u00f3gica para afirmar Rio Grande do Sul como destino de inverno<\/strong><\/a><\/li>\n<\/ul>\n<p><strong>Presen\u00e7a internacional e fortalecimento de mercados<\/strong>\u00a0<\/p>\n<p>Outro fator determinante para o desempenho registrado em 2025 \u00e9 a presen\u00e7a constante do Rio Grande do Sul em feiras e eventos internacionais de turismo, considerados estrat\u00e9gicos para a atra\u00e7\u00e3o de visitantes.\u00a0O Estado marcou presen\u00e7a em agendas como a Feira Internacional de Turismo da Am\u00e9rica Latina (FIT), em Buenos Aires, na Argentina, e a Bolsa de Turismo de Lisboa (BTL), em Portugal, al\u00e9m de outras feiras e encontros internacionais voltados \u00e0 promo\u00e7\u00e3o de destinos. Essas a\u00e7\u00f5es ampliam a visibilidade no exterior e fortalecem a rela\u00e7\u00e3o com mercados priorit\u00e1rios, especialmente os pa\u00edses do Mercosul.\u00a0<\/p>\n<ul>\n<li><a href=\"https:\/\/estado.rs.gov.br\/leite-lidera-comitiva-gaucha-na-argentina-e-lanca-campanha-turistica-de-verao\" target=\"_blank\" rel=\"noopener\"><strong>Leite lidera comitiva ga\u00facha na Argentina e lan\u00e7a campanha tur\u00edstica de ver\u00e3o<\/strong><\/a><\/li>\n<\/ul>\n<p><strong>Turismo como estrat\u00e9gia de desenvolvimento<\/strong>\u00a0<\/p>\n<p>Segundo Santini, o avan\u00e7o do turismo internacional confirma o setor como um dos vetores estrat\u00e9gicos de desenvolvimento. \u201c<em>O turismo gera emprego, renda e movimenta a economia local, desde os grandes centros at\u00e9 os pequenos munic\u00edpios. Seguiremos investindo em promo\u00e7\u00e3o, qualifica\u00e7\u00e3o e infraestrutura para consolidar o Rio Grande do Sul como uma das principais portas de entrada do turismo internacional no Brasil<\/em>\u201d, destacou.\u00a0<\/p>\n<p>Com resultados consistentes em 2025, o Rio Grande do Sul projeta a continuidade dessa trajet\u00f3ria positiva, apostando na promo\u00e7\u00e3o permanente, na presen\u00e7a internacional e na valoriza\u00e7\u00e3o de seus m\u00faltiplos destinos para ampliar ainda mais seu protagonismo no turismo brasileiro e internacional.\u00a0<\/p>\n<hr \/>\n<h6><strong>GOV RS | Texto: Bernardo Zamperetti\/Ascom Setur | Edi\u00e7\u00e3o: Secom | Foto: Bernardo Zamperetti\/Ascom Setur<\/strong><\/h6>\n\n\n<center><iframe loading=\"lazy\" class=\"jmvplayer\" src=\"https:\/\/player.jmvstream.com\/lvw\/YYGWo5wfZuZ8fEW7Qoq1ISwhLSEDhU\" allowfullscreen allow=\"autoplay; fullscreen\" frameborder=\"0\" width=\"640\" height=\"360\" ><\/iframe><\/center>\n<\/div><\/div>","protected":false},"excerpt":{"rendered":"<p>Destino registrou a chegada de 1,4 milh\u00e3o de visitantes internacionais entre janeiro e novembro O Rio Grande do Sul consolidou sua posi\u00e7\u00e3o de destaque no turismo internacional em 2025 ao receber 1,4 milh\u00e3o de turistas estrangeiros\u00a0entre janeiro e novembro, o que representa um crescimento de 86,4%\u00a0em rela\u00e7\u00e3o ao mesmo per\u00edodo do ano passado. O resultado [&hellip;]<\/p>\n","protected":false},"author":4,"featured_media":81516,"comment_status":"open","ping_status":"open","sticky":false,"template":"","format":"standard","meta":{"footnotes":""},"categories":[1],"tags":[],"class_list":["post-81515","post","type-post","status-publish","format-standard","has-post-thumbnail","hentry","category-sem-categoria"],"_links":{"self":[{"href":"http:\/\/sol.fm.br\/radio\/wp-json\/wp\/v2\/posts\/81515","targetHints":{"allow":["GET"]}}],"collection":[{"href":"http:\/\/sol.fm.br\/radio\/wp-json\/wp\/v2\/posts"}],"about":[{"href":"http:\/\/sol.fm.br\/radio\/wp-json\/wp\/v2\/types\/post"}],"author":[{"embeddable":true,"href":"http:\/\/sol.fm.br\/radio\/wp-json\/wp\/v2\/users\/4"}],"replies":[{"embeddable":true,"href":"http:\/\/sol.fm.br\/radio\/wp-json\/wp\/v2\/comments?post=81515"}],"version-history":[{"count":1,"href":"http:\/\/sol.fm.br\/radio\/wp-json\/wp\/v2\/posts\/81515\/revisions"}],"predecessor-version":[{"id":81517,"href":"http:\/\/sol.fm.br\/radio\/wp-json\/wp\/v2\/posts\/81515\/revisions\/81517"}],"wp:featuredmedia":[{"embeddable":true,"href":"http:\/\/sol.fm.br\/radio\/wp-json\/wp\/v2\/media\/81516"}],"wp:attachment":[{"href":"http:\/\/sol.fm.br\/radio\/wp-json\/wp\/v2\/media?parent=81515"}],"wp:term":[{"taxonomy":"category","embeddable":true,"href":"http:\/\/sol.fm.br\/radio\/wp-json\/wp\/v2\/categories?post=81515"},{"taxonomy":"post_tag","embeddable":true,"href":"http:\/\/sol.fm.br\/radio\/wp-json\/wp\/v2\/tags?post=81515"}],"curies":[{"name":"wp","href":"https:\/\/api.w.org\/{rel}","templated":true}]}}