{"id":81522,"date":"2026-01-05T09:13:02","date_gmt":"2026-01-05T12:13:02","guid":{"rendered":"http:\/\/sol.fm.br\/radio\/?p=81522"},"modified":"2026-01-05T09:13:05","modified_gmt":"2026-01-05T12:13:05","slug":"porto-alegre-inicia-o-ano-com-mobilizacao-coletiva-em-defesa-da-saude-mental","status":"publish","type":"post","link":"http:\/\/sol.fm.br\/radio\/porto-alegre-inicia-o-ano-com-mobilizacao-coletiva-em-defesa-da-saude-mental\/","title":{"rendered":"Porto Alegre inicia o ano com mobiliza\u00e7\u00e3o coletiva em defesa da sa\u00fade mental"},"content":{"rendered":"<div id=\"dslc-theme-content\"><div id=\"dslc-theme-content-inner\"><p style=\"text-align: center;\"><em>Caminhada Janeiro Branco reuniu comunidade e entidades m\u00e9dicas como a AMRIGS para estimular preven\u00e7\u00e3o, acolhimento e cuidado emocional<\/em><\/p>\n<p style=\"text-align: center;\">A 5\u00aa Caminhada Janeiro Branco foi realizada em Porto Alegre e reuniu a popula\u00e7\u00e3o no Parque Farroupilha, em um ato simb\u00f3lico de conscientiza\u00e7\u00e3o sobre a import\u00e2ncia da sa\u00fade mental. A iniciativa foi promovida pelo Gabinete da Vereadora Psic\u00f3loga Tanise Sabino, em parceria com o Gabinete do Deputado Elizandro Sabino, e contou com a participa\u00e7\u00e3o do presidente da Associa\u00e7\u00e3o M\u00e9dica do Rio Grande do Sul (AMRIGS), Dr. Gerson Junqueira Jr.<br \/><br \/>A proposta do movimento foi estimular uma reflex\u00e3o qualificada sobre o cuidado emocional, fortalecer iniciativas comunit\u00e1rias de acolhimento e incentivar a busca por apoio profissional sempre que necess\u00e1rio. Entre os temas destacados durante esteve o crescimento expressivo dos atendimentos relacionados ao uso abusivo de \u00e1lcool e outras drogas, realidade que tem provocado sobrecarga nos Centros de Aten\u00e7\u00e3o Psicossocial da Capital. Para a Associa\u00e7\u00e3o M\u00e9dica do Rio Grande do Sul (AMRIGS), o cen\u00e1rio exige pol\u00edticas integradas, acompanhamento cont\u00ednuo e estrat\u00e9gias preventivas mais eficazes.<br \/><br \/><em>\u201cPrecisamos de diagn\u00f3stico e tratamento corretos, mas, principalmente, de acesso amplo ao atendimento, tanto na sa\u00fade p\u00fablica quanto na sa\u00fade privada, para esses pacientes. Temos, hoje, em Porto Alegre, duas emerg\u00eancias e mais 16 pontos de atendimento, o que n\u00e3o \u00e9 um n\u00famero pequeno, mas ainda insuficiente. H\u00e1 uma demanda muito grande de pacientes com depend\u00eancia de \u00e1lcool e outras drogas; cerca de 80% do que chega aos nossos CAPS s\u00e3o esses casos<\/em>\u201d, afirmou o presidente da AMRIGS, Dr. Gerson Junqueira Jr.<br \/><br \/>Para a vereadora psic\u00f3loga Tanise Sabino, organizadora da caminhada, a iniciativa cumpriu um papel essencial de aproxima\u00e7\u00e3o com a comunidade.<br \/><br \/><em>\u201cEm 2025, uma luta muito importante para n\u00f3s foi a quest\u00e3o do fechamento das emerg\u00eancias psiqui\u00e1tricas. N\u00f3s nos posicionamos contra esse fechamento e conseguimos impedir e postergar esse processo. Hoje, temos a informa\u00e7\u00e3o de que ele est\u00e1 suspenso por tempo indeterminado, com o governo avaliando a situa\u00e7\u00e3o, e era exatamente isso que ped\u00edamos: tempo para pensar, porque entendemos que esses espa\u00e7os s\u00e3o fundamentais, como a Unidade do IAPI e a da Cruzeiro, para atender pessoas em situa\u00e7\u00e3o de crise\u201d<\/em>, destacou.<br \/><br \/>A parlamentar lembrou, ainda, que os \u00edndices de ansiedade, depress\u00e3o e suic\u00eddio seguem como um grave problema refor\u00e7ando a necessidade de pol\u00edticas p\u00fablicas eficazes.<br \/><br \/>\u201c<em>Quando a mente adoece, todo o restante adoece, e por isso esse \u00e9 um tema que devemos trabalhar o ano inteiro<\/em>\u201d, declarou a vereadora.<br \/><br \/>Antes da caminhada, a mensagem da secret\u00e1ria adjunta da Sa\u00fade de Porto Alegre, Jaqueline C\u00e9sar Rocha foi de otimismo e uni\u00e3o. <br \/><br \/>\u201c<em>A ideia \u00e9 que possamos dar as m\u00e3os e caminhar juntos para que seja uma manh\u00e3 muito boa para todos e traga, al\u00e9m de for\u00e7a e uni\u00e3o, uma energia positiva, porque isso \u00e9 muito importante para a sa\u00fade mental\u201d<\/em>, disse <br \/><br \/>O cuidado com o outro e a aten\u00e7\u00e3o \u00e0s rela\u00e7\u00f5es humanas tamb\u00e9m foram ressaltados como atitudes essenciais para fortalecer v\u00ednculos e promover o bem-estar coletivo. Empatia, acolhimento e escuta ativa aparecem como gestos simples, mas capazes de transformar realidades no dia a dia, seja no ambiente familiar, profissional ou social.<br \/><br \/>\u201c<em>Que a gente possa, de fato, olhar o outro com muito mais amor. \u00c9 esse olhar fraterno e acolhedor que faz a diferen\u00e7a, porque muitas vezes ao nosso lado existe algu\u00e9m que est\u00e1 precisando, n\u00e3o apenas dentro da fam\u00edlia, mas tamb\u00e9m entre colegas de trabalho, amigos ou at\u00e9 em uma academia. \u00c0s vezes, basta ouvir um pouco mais, falar menos e prestar aten\u00e7\u00e3o no olhar do outro\u201d<\/em>, disse a primeira-dama do munic\u00edpio de Porto Alegre, Val\u00e9ria Leopoldina.<br \/><br \/>O Janeiro Branco \u00e9 realizado no in\u00edcio do ano por simbolizar um per\u00edodo de recome\u00e7os, planejamento e reflex\u00e3o, quando muitas pessoas revisitam prioridades e projetos de vida. Colocar a sa\u00fade mental em evid\u00eancia nesse momento estrat\u00e9gico contribui para estimular o autocuidado desde os primeiros dias do ano, refor\u00e7ando a preven\u00e7\u00e3o e a busca por apoio antes que o sofrimento emocional se intensifique.<br \/><img loading=\"lazy\" decoding=\"async\" class=\"alignnone size-medium wp-image-81524\" src=\"http:\/\/sol.fm.br\/radio\/wp-content\/uploads\/2026\/01\/1.1-400x300.jpg\" alt=\"\" width=\"400\" height=\"300\" srcset=\"http:\/\/sol.fm.br\/radio\/wp-content\/uploads\/2026\/01\/1.1-400x300.jpg 400w, http:\/\/sol.fm.br\/radio\/wp-content\/uploads\/2026\/01\/1.1-768x576.jpg 768w, http:\/\/sol.fm.br\/radio\/wp-content\/uploads\/2026\/01\/1.1-1536x1152.jpg 1536w, http:\/\/sol.fm.br\/radio\/wp-content\/uploads\/2026\/01\/1.1-2048x1536.jpg 2048w\" sizes=\"auto, (max-width: 400px) 100vw, 400px\" \/> <img loading=\"lazy\" decoding=\"async\" class=\"alignnone size-medium wp-image-81526\" src=\"http:\/\/sol.fm.br\/radio\/wp-content\/uploads\/2026\/01\/12-400x300.jpg\" alt=\"\" width=\"400\" height=\"300\" srcset=\"http:\/\/sol.fm.br\/radio\/wp-content\/uploads\/2026\/01\/12-400x300.jpg 400w, http:\/\/sol.fm.br\/radio\/wp-content\/uploads\/2026\/01\/12-768x576.jpg 768w, http:\/\/sol.fm.br\/radio\/wp-content\/uploads\/2026\/01\/12-1536x1152.jpg 1536w, http:\/\/sol.fm.br\/radio\/wp-content\/uploads\/2026\/01\/12-2048x1536.jpg 2048w\" sizes=\"auto, (max-width: 400px) 100vw, 400px\" \/> <img loading=\"lazy\" decoding=\"async\" class=\"alignnone size-medium wp-image-81527\" src=\"http:\/\/sol.fm.br\/radio\/wp-content\/uploads\/2026\/01\/13-400x300.jpg\" alt=\"\" width=\"400\" height=\"300\" srcset=\"http:\/\/sol.fm.br\/radio\/wp-content\/uploads\/2026\/01\/13-400x300.jpg 400w, http:\/\/sol.fm.br\/radio\/wp-content\/uploads\/2026\/01\/13-768x576.jpg 768w, http:\/\/sol.fm.br\/radio\/wp-content\/uploads\/2026\/01\/13-1536x1152.jpg 1536w, http:\/\/sol.fm.br\/radio\/wp-content\/uploads\/2026\/01\/13-2048x1536.jpg 2048w\" sizes=\"auto, (max-width: 400px) 100vw, 400px\" \/> <img loading=\"lazy\" decoding=\"async\" class=\"alignnone size-medium wp-image-81528\" src=\"http:\/\/sol.fm.br\/radio\/wp-content\/uploads\/2026\/01\/14-400x300.jpg\" alt=\"\" width=\"400\" height=\"300\" srcset=\"http:\/\/sol.fm.br\/radio\/wp-content\/uploads\/2026\/01\/14-400x300.jpg 400w, http:\/\/sol.fm.br\/radio\/wp-content\/uploads\/2026\/01\/14-768x576.jpg 768w, http:\/\/sol.fm.br\/radio\/wp-content\/uploads\/2026\/01\/14-1536x1152.jpg 1536w, http:\/\/sol.fm.br\/radio\/wp-content\/uploads\/2026\/01\/14-2048x1536.jpg 2048w\" sizes=\"auto, (max-width: 400px) 100vw, 400px\" \/><br \/><strong>Sobre a AMRIGS<\/strong><\/p>\n<p>A Associa\u00e7\u00e3o M\u00e9dica do Rio Grande do Sul \u00e9 uma organiza\u00e7\u00e3o sem fins lucrativos voltada para a atualiza\u00e7\u00e3o do conhecimento t\u00e9cnico-cient\u00edfico e para a realiza\u00e7\u00e3o de debates cient\u00edfico-culturais relacionados \u00e0 sa\u00fade, \u00e0 Medicina e \u00e0 vida profissional. Desde o momento de sua funda\u00e7\u00e3o em 1951, a AMRIGS integra a vida do m\u00e9dico em todas as etapas da profiss\u00e3o, tendo como objetivos:<\/p>\n<ul>\n<li>Fomentar a ci\u00eancia e a cultura m\u00e9dica;<\/li>\n<li>Promover a defesa profissional;<\/li>\n<li>Fortalecer o associativismo e a representatividade m\u00e9dica;<\/li>\n<li>Ser influenciadora como entidade protagonista de a\u00e7\u00f5es em prol da sa\u00fade.<\/li>\n<\/ul>\n<hr \/>\n<h6><strong>PlayPress | AMRIGS - Associa\u00e7\u00e3o M\u00e9dica do Rio Grande do Sul | Reda\u00e7\u00e3o e fotos: Marcelo Matusiak<\/strong><\/h6>\n\n\n<center><iframe loading=\"lazy\" class=\"jmvplayer\" src=\"https:\/\/player.jmvstream.com\/lvw\/YYGWo5wfZuZ8fEW7Qoq1ISwhLSEDhU\" allowfullscreen allow=\"autoplay; fullscreen\" frameborder=\"0\" width=\"640\" height=\"360\" ><\/iframe><\/center>\n<\/div><\/div>","protected":false},"excerpt":{"rendered":"<p>Caminhada Janeiro Branco reuniu comunidade e entidades m\u00e9dicas como a AMRIGS para estimular preven\u00e7\u00e3o, acolhimento e cuidado emocional A 5\u00aa Caminhada Janeiro Branco foi realizada em Porto Alegre e reuniu a popula\u00e7\u00e3o no Parque Farroupilha, em um ato simb\u00f3lico de conscientiza\u00e7\u00e3o sobre a import\u00e2ncia da sa\u00fade mental. A iniciativa foi promovida pelo Gabinete da Vereadora [&hellip;]<\/p>\n","protected":false},"author":4,"featured_media":81523,"comment_status":"open","ping_status":"open","sticky":false,"template":"","format":"standard","meta":{"footnotes":""},"categories":[1],"tags":[],"class_list":["post-81522","post","type-post","status-publish","format-standard","has-post-thumbnail","hentry","category-sem-categoria"],"_links":{"self":[{"href":"http:\/\/sol.fm.br\/radio\/wp-json\/wp\/v2\/posts\/81522","targetHints":{"allow":["GET"]}}],"collection":[{"href":"http:\/\/sol.fm.br\/radio\/wp-json\/wp\/v2\/posts"}],"about":[{"href":"http:\/\/sol.fm.br\/radio\/wp-json\/wp\/v2\/types\/post"}],"author":[{"embeddable":true,"href":"http:\/\/sol.fm.br\/radio\/wp-json\/wp\/v2\/users\/4"}],"replies":[{"embeddable":true,"href":"http:\/\/sol.fm.br\/radio\/wp-json\/wp\/v2\/comments?post=81522"}],"version-history":[{"count":1,"href":"http:\/\/sol.fm.br\/radio\/wp-json\/wp\/v2\/posts\/81522\/revisions"}],"predecessor-version":[{"id":81529,"href":"http:\/\/sol.fm.br\/radio\/wp-json\/wp\/v2\/posts\/81522\/revisions\/81529"}],"wp:featuredmedia":[{"embeddable":true,"href":"http:\/\/sol.fm.br\/radio\/wp-json\/wp\/v2\/media\/81523"}],"wp:attachment":[{"href":"http:\/\/sol.fm.br\/radio\/wp-json\/wp\/v2\/media?parent=81522"}],"wp:term":[{"taxonomy":"category","embeddable":true,"href":"http:\/\/sol.fm.br\/radio\/wp-json\/wp\/v2\/categories?post=81522"},{"taxonomy":"post_tag","embeddable":true,"href":"http:\/\/sol.fm.br\/radio\/wp-json\/wp\/v2\/tags?post=81522"}],"curies":[{"name":"wp","href":"https:\/\/api.w.org\/{rel}","templated":true}]}}