{"id":81536,"date":"2026-01-05T09:28:34","date_gmt":"2026-01-05T12:28:34","guid":{"rendered":"http:\/\/sol.fm.br\/radio\/?p=81536"},"modified":"2026-01-05T09:28:36","modified_gmt":"2026-01-05T12:28:36","slug":"fase-de-testes-do-sistema-de-apuracao-do-imposto-sobre-bens-e-servicos-inicia-na-segunda-feira-5","status":"publish","type":"post","link":"http:\/\/sol.fm.br\/radio\/fase-de-testes-do-sistema-de-apuracao-do-imposto-sobre-bens-e-servicos-inicia-na-segunda-feira-5\/","title":{"rendered":"Fase de testes do sistema de apura\u00e7\u00e3o do Imposto sobre Bens e Servi\u00e7os inicia na segunda-feira (5)"},"content":{"rendered":"<div id=\"dslc-theme-content\"><div id=\"dslc-theme-content-inner\"><p class=\"artigo__subtitulo\" style=\"text-align: center;\"><em>Iniciativa coordenada pelo Comit\u00ea Gestor ter\u00e1 participa\u00e7\u00e3o inicial de 123 empresas<\/em><\/p>\n<p dir=\"ltr\">O projeto piloto do sistema de apura\u00e7\u00e3o assistida do Imposto sobre Bens e Servi\u00e7os (IBS), coordenado pelo Comit\u00ea Gestor do IBS (CGIBS), inicia na segunda-feira (5\/1). A iniciativa, que representa mais um passo na implementa\u00e7\u00e3o gradual da Reforma Tribut\u00e1ria do Consumo (RTC), foi regulamentada pela Portaria 85\/2025. O objetivo \u00e9 testar, em \u00e2mbito nacional, a solu\u00e7\u00e3o tecnol\u00f3gica de apura\u00e7\u00e3o do novo tributo desenvolvida pelo Rio Grande do Sul, com apoio de outros Estados e munic\u00edpios.<\/p>\n<p dir=\"ltr\">A fase de testes ter\u00e1 dura\u00e7\u00e3o inicial de tr\u00eas meses. Para esta etapa, foram\u00a0<a href=\"https:\/\/www.cgibs.gov.br\/upload\/arquivos\/202512\/26151212-lista-das-empresas-piloto-apuracao-ibs.pdf\" target=\"_blank\" rel=\"noopener\"><strong>selecionadas 123 empresas<\/strong><\/a>\u00a0que emitem Nota Fiscal Eletr\u00f4nica (NF-e), modelo 55, utilizada em opera\u00e7\u00f5es entre empresas, conforme os crit\u00e9rios definidos pelo CGIBS e divulgados na\u00a0<a href=\"https:\/\/diariooficial.rs.gov.br\/materia?id=1357440\" target=\"_blank\" rel=\"noopener\"><strong>Portaria 85\/2025<\/strong><\/a>. No segundo trimestre, o n\u00famero de participantes dever\u00e1 aumentar. As cartas-convite, com o termo de ades\u00e3o, j\u00e1 foram encaminhadas para as empresas aptas para integrar o piloto.<\/p>\n<p dir=\"ltr\"><strong>Foco em seguran\u00e7a e diretrizes nacionais<\/strong><\/p>\n<p dir=\"ltr\">O ambiente de testes tem o objetivo de identificar oportunidades de melhoria, ajustar fluxos de informa\u00e7\u00e3o e preparar os sistemas para o uso em larga escala, j\u00e1 adaptados ao novo modelo de tributa\u00e7\u00e3o. Nesta primeira etapa, ser\u00e1 aplicada uma al\u00edquota teste de 0,1% do IBS para fins de simula\u00e7\u00e3o, sem cobran\u00e7a efetiva ou efeitos fiscais para os contribuintes. A estimativa \u00e9 que a valida\u00e7\u00e3o dos documentos fiscais do IBS de todo o pa\u00eds alcance\u00a0 um processamento de aproximadamente 70 bilh\u00f5es de transa\u00e7\u00f5es por ano.<\/p>\n<p dir=\"ltr\">A realiza\u00e7\u00e3o do projeto-piloto est\u00e1 alinhada \u00e0s a\u00e7\u00f5es previstas no edital de chamamento p\u00fablico 1\/2025, publicado no Di\u00e1rio Oficial da Uni\u00e3o, que selecionou o Rio Grande do Sul para o desenvolvimento do m\u00f3dulo de apura\u00e7\u00e3o do IBS. A solu\u00e7\u00e3o foi desenvolvida pela Receita Estadual ga\u00facha, em parceria com a Procergs.<\/p>\n<p dir=\"ltr\">\u201c<em>O projeto-piloto constitui uma etapa de matura\u00e7\u00e3o e testes das funcionalidades que integrar\u00e3o a solu\u00e7\u00e3o nacional do IBS e ser\u00e1 fundamental para garantir uma transi\u00e7\u00e3o gradual, segura e alinhada \u00e0s diretrizes do Comit\u00ea Gestor<\/em>\u201d, explica o subsecret\u00e1rio da Receita Estadual, Ricardo Neves Pereira.\u00a0<\/p>\n<p dir=\"ltr\"><a href=\"https:\/\/atendimento.receita.rs.gov.br\/faq-piloto-rtc-ibs\" target=\"_blank\" rel=\"noopener\"><strong>Perguntas Frequentes (FAQ) com informa\u00e7\u00f5es detalhadas sobre o funcionamento do projeto<\/strong><\/a>\u00a0est\u00e3o dispon\u00edveis para consulta.<\/p>\n<hr \/>\n<h6 dir=\"ltr\"><strong>GOV RS | Texto: Ascom Sefaz | Edi\u00e7\u00e3o: Secom<\/strong><\/h6>\n\n\n<center><iframe loading=\"lazy\" class=\"jmvplayer\" src=\"https:\/\/player.jmvstream.com\/lvw\/YYGWo5wfZuZ8fEW7Qoq1ISwhLSEDhU\" allowfullscreen allow=\"autoplay; fullscreen\" frameborder=\"0\" width=\"640\" height=\"360\" ><\/iframe><\/center>\n<\/div><\/div>","protected":false},"excerpt":{"rendered":"<p>Iniciativa coordenada pelo Comit\u00ea Gestor ter\u00e1 participa\u00e7\u00e3o inicial de 123 empresas O projeto piloto do sistema de apura\u00e7\u00e3o assistida do Imposto sobre Bens e Servi\u00e7os (IBS), coordenado pelo Comit\u00ea Gestor do IBS (CGIBS), inicia na segunda-feira (5\/1). A iniciativa, que representa mais um passo na implementa\u00e7\u00e3o gradual da Reforma Tribut\u00e1ria do Consumo (RTC), foi regulamentada [&hellip;]<\/p>\n","protected":false},"author":4,"featured_media":81537,"comment_status":"open","ping_status":"open","sticky":false,"template":"","format":"standard","meta":{"footnotes":""},"categories":[1],"tags":[],"class_list":["post-81536","post","type-post","status-publish","format-standard","has-post-thumbnail","hentry","category-sem-categoria"],"_links":{"self":[{"href":"http:\/\/sol.fm.br\/radio\/wp-json\/wp\/v2\/posts\/81536","targetHints":{"allow":["GET"]}}],"collection":[{"href":"http:\/\/sol.fm.br\/radio\/wp-json\/wp\/v2\/posts"}],"about":[{"href":"http:\/\/sol.fm.br\/radio\/wp-json\/wp\/v2\/types\/post"}],"author":[{"embeddable":true,"href":"http:\/\/sol.fm.br\/radio\/wp-json\/wp\/v2\/users\/4"}],"replies":[{"embeddable":true,"href":"http:\/\/sol.fm.br\/radio\/wp-json\/wp\/v2\/comments?post=81536"}],"version-history":[{"count":1,"href":"http:\/\/sol.fm.br\/radio\/wp-json\/wp\/v2\/posts\/81536\/revisions"}],"predecessor-version":[{"id":81538,"href":"http:\/\/sol.fm.br\/radio\/wp-json\/wp\/v2\/posts\/81536\/revisions\/81538"}],"wp:featuredmedia":[{"embeddable":true,"href":"http:\/\/sol.fm.br\/radio\/wp-json\/wp\/v2\/media\/81537"}],"wp:attachment":[{"href":"http:\/\/sol.fm.br\/radio\/wp-json\/wp\/v2\/media?parent=81536"}],"wp:term":[{"taxonomy":"category","embeddable":true,"href":"http:\/\/sol.fm.br\/radio\/wp-json\/wp\/v2\/categories?post=81536"},{"taxonomy":"post_tag","embeddable":true,"href":"http:\/\/sol.fm.br\/radio\/wp-json\/wp\/v2\/tags?post=81536"}],"curies":[{"name":"wp","href":"https:\/\/api.w.org\/{rel}","templated":true}]}}