{"id":81552,"date":"2026-01-06T09:40:53","date_gmt":"2026-01-06T12:40:53","guid":{"rendered":"http:\/\/sol.fm.br\/radio\/?p=81552"},"modified":"2026-01-06T09:40:55","modified_gmt":"2026-01-06T12:40:55","slug":"feiras-de-verao-reforcam-momento-de-retomada-e-investimento-da-ovinocultura-gaucha","status":"publish","type":"post","link":"http:\/\/sol.fm.br\/radio\/feiras-de-verao-reforcam-momento-de-retomada-e-investimento-da-ovinocultura-gaucha\/","title":{"rendered":"Feiras de ver\u00e3o refor\u00e7am momento de retomada e investimento da ovinocultura ga\u00facha"},"content":{"rendered":"<div id=\"dslc-theme-content\"><div id=\"dslc-theme-content-inner\"><p style=\"text-align: center;\"><em>Ciclo no Rio Grande do Sul come\u00e7a em janeiro com foco em gen\u00e9tica, valoriza\u00e7\u00e3o da l\u00e3 e da carne ovina<\/em><\/p>\n<p>O ciclo de feiras de ver\u00e3o da ovinocultura no Rio Grande do Sul inicia em janeiro com expectativa positiva entre criadores, t\u00e9cnicos e entidades do setor. A sequ\u00eancia de eventos ocorre em um cen\u00e1rio de melhora nos pre\u00e7os da l\u00e3 e da carne ovina, o que reacende o interesse por investimentos em gen\u00e9tica e qualifica\u00e7\u00e3o dos rebanhos.<\/p>\n<p>A programa\u00e7\u00e3o no Estado come\u00e7a com a 18\u00aa Agrovino, de 13 a 17 de janeiro, em Bag\u00e9 (RS). Na sequ\u00eancia, ocorre a 48\u00aa Feira de Ovinos de Ver\u00e3o, de 22 a 24 de janeiro, em Sant'Ana do Livramento (RS). O calend\u00e1rio segue com a 42\u00aa Feovelha, de 28 de janeiro a 2 de fevereiro, em Pinheiro Machado (RS), continua com a 48\u00aa Expofeira de Ovinos de Ver\u00e3o, de 4 a 8 de fevereiro, em Herval (RS), e se encerra com a 52\u00aa Exposi\u00e7\u00e3o de Ovinos Meia L\u00e3, em Jaguar\u00e3o (RS), de 27 de fevereiro a 1\u00ba de mar\u00e7o.<\/p>\n<p>De acordo com o presidente da Associa\u00e7\u00e3o Brasileira de Criadores de Ovinos (Arco), Edemundo Gressler, o momento \u00e9 de retomada gradual, mas consistente. \u201c<em>Estamos observando uma melhora clara no mercado da l\u00e3, especialmente das l\u00e3s mais finas, que voltaram a ter valoriza\u00e7\u00e3o e remunera\u00e7\u00e3o mais significativa ao produtor. N\u00e3o \u00e9 um cen\u00e1rio de euforia, mas \u00e9 um avan\u00e7o importante em rela\u00e7\u00e3o ao que viv\u00edamos\u201d<\/em>, avalia.<\/p>\n<p>Na cadeia da carne ovina, o cen\u00e1rio tamb\u00e9m \u00e9 favor\u00e1vel. Segundo Gressler, o pre\u00e7o do quilo do cordeiro tem girado em torno de R$ 14, patamar considerado positivo para a atividade. \u201c<em>A valoriza\u00e7\u00e3o da carne ovina, somada \u00e0 recupera\u00e7\u00e3o do pre\u00e7o da l\u00e3, cria um ambiente mais seguro e atrativo para o produtor. Isso nos coloca diante de um novo momento da ovinocultura como atividade com boa remunera\u00e7\u00e3o dentro do agro\u201d<\/em>, observa.<\/p>\n<p>Esse contexto, conforme o dirigente, se reflete diretamente no papel das feiras de ver\u00e3o. <em>\u201cQuando o mercado reage, o investimento volta. E o investimento passa, principalmente, pela aquisi\u00e7\u00e3o de reprodutores e matrizes superiores, animais selecionados, avaliados por t\u00e9cnicos e que representam o avan\u00e7o gen\u00e9tico dos rebanhos<\/em>\u201d, explica.<\/p>\n<p>Gressler destaca que as feiras concentram o que h\u00e1 de melhor na produ\u00e7\u00e3o ovina. \u201c<em>O produtor leva para a exposi\u00e7\u00e3o os seus melhores animais. \u00c9 uma oportunidade \u00fanica para quem busca gen\u00e9tica de alto n\u00edvel, tanto para produ\u00e7\u00e3o de l\u00e3 quanto de carne. As feiras de ver\u00e3o cumprem exatamente esse papel de conectar o momento do mercado com a necessidade de investimento em gen\u00e9tica\u201d<\/em>, afirma.<\/p>\n<p>Al\u00e9m da comercializa\u00e7\u00e3o e dos julgamentos, o presidente da Arco ressalta a import\u00e2ncia institucional e social dos eventos. <em>\u201cAs exposi\u00e7\u00f5es envolvem muito mais do que neg\u00f3cios. Elas re\u00fanem campeonatos, julgamentos, mostras de artesanato e toda uma estrutura que exige dedica\u00e7\u00e3o dos sindicatos e entidades organizadoras. Fazer uma feira n\u00e3o \u00e9 simples, e esse trabalho precisa ser reconhecido<\/em>\u201d, pontua.<\/p>\n<p>Outro fator que refor\u00e7a a relev\u00e2ncia do calend\u00e1rio \u00e9 o alinhamento com o per\u00edodo reprodutivo dos rebanhos. \u201c<em>Muitos plant\u00e9is est\u00e3o em fase de encarneiramento ou entrar\u00e3o nesse per\u00edodo entre janeiro e mar\u00e7o. A compra de reprodutores agora \u00e9 estrat\u00e9gica, porque se encaixa diretamente no ciclo produtivo\u201d,<\/em> explica Gressler.<\/p>\n<p>Para o dirigente, as feiras de ver\u00e3o consolidam um chamado claro ao produtor. \u201c<em>O momento positivo da ovinocultura nos conduz ao investimento em gen\u00e9tica. Manter a qualidade das l\u00e3s, avan\u00e7ar na precocidade dos cordeiros e acelerar o ganho de peso s\u00e3o objetivos que s\u00f3 se alcan\u00e7am com gen\u00e9tica. \u00c9 isso que esse ciclo de exposi\u00e7\u00f5es oferece<\/em>\u201d, resume.<\/p>\n<hr \/>\n<h6><strong>AgroEffective | Assessoria de Comunica\u00e7\u00e3o da Associa\u00e7\u00e3o Brasileira de Criadores de Ovinos (Arco) | <span style=\"font-size: revert; color: initial;\">Foto: Robispierre Giuliani\/Divulga\u00e7\u00e3o |\u00a0<\/span>Texto: Nestor Tipa J\u00fanior\/AgroEffective<\/strong><\/h6>\n\n\n<center><iframe loading=\"lazy\" class=\"jmvplayer\" src=\"https:\/\/player.jmvstream.com\/lvw\/YYGWo5wfZuZ8fEW7Qoq1ISwhLSEDhU\" allowfullscreen allow=\"autoplay; fullscreen\" frameborder=\"0\" width=\"640\" height=\"360\" ><\/iframe><\/center>\n<\/div><\/div>","protected":false},"excerpt":{"rendered":"<p>Ciclo no Rio Grande do Sul come\u00e7a em janeiro com foco em gen\u00e9tica, valoriza\u00e7\u00e3o da l\u00e3 e da carne ovina O ciclo de feiras de ver\u00e3o da ovinocultura no Rio Grande do Sul inicia em janeiro com expectativa positiva entre criadores, t\u00e9cnicos e entidades do setor. A sequ\u00eancia de eventos ocorre em um cen\u00e1rio de [&hellip;]<\/p>\n","protected":false},"author":4,"featured_media":81553,"comment_status":"open","ping_status":"open","sticky":false,"template":"","format":"standard","meta":{"footnotes":""},"categories":[1],"tags":[],"class_list":["post-81552","post","type-post","status-publish","format-standard","has-post-thumbnail","hentry","category-sem-categoria"],"_links":{"self":[{"href":"http:\/\/sol.fm.br\/radio\/wp-json\/wp\/v2\/posts\/81552","targetHints":{"allow":["GET"]}}],"collection":[{"href":"http:\/\/sol.fm.br\/radio\/wp-json\/wp\/v2\/posts"}],"about":[{"href":"http:\/\/sol.fm.br\/radio\/wp-json\/wp\/v2\/types\/post"}],"author":[{"embeddable":true,"href":"http:\/\/sol.fm.br\/radio\/wp-json\/wp\/v2\/users\/4"}],"replies":[{"embeddable":true,"href":"http:\/\/sol.fm.br\/radio\/wp-json\/wp\/v2\/comments?post=81552"}],"version-history":[{"count":1,"href":"http:\/\/sol.fm.br\/radio\/wp-json\/wp\/v2\/posts\/81552\/revisions"}],"predecessor-version":[{"id":81554,"href":"http:\/\/sol.fm.br\/radio\/wp-json\/wp\/v2\/posts\/81552\/revisions\/81554"}],"wp:featuredmedia":[{"embeddable":true,"href":"http:\/\/sol.fm.br\/radio\/wp-json\/wp\/v2\/media\/81553"}],"wp:attachment":[{"href":"http:\/\/sol.fm.br\/radio\/wp-json\/wp\/v2\/media?parent=81552"}],"wp:term":[{"taxonomy":"category","embeddable":true,"href":"http:\/\/sol.fm.br\/radio\/wp-json\/wp\/v2\/categories?post=81552"},{"taxonomy":"post_tag","embeddable":true,"href":"http:\/\/sol.fm.br\/radio\/wp-json\/wp\/v2\/tags?post=81552"}],"curies":[{"name":"wp","href":"https:\/\/api.w.org\/{rel}","templated":true}]}}