{"id":81555,"date":"2026-01-06T09:44:53","date_gmt":"2026-01-06T12:44:53","guid":{"rendered":"http:\/\/sol.fm.br\/radio\/?p=81555"},"modified":"2026-01-06T09:44:56","modified_gmt":"2026-01-06T12:44:56","slug":"o-que-micro-e-pequenas-empresas-precisam-fazer-para-crescer-de-forma-consistente-em-2026","status":"publish","type":"post","link":"http:\/\/sol.fm.br\/radio\/o-que-micro-e-pequenas-empresas-precisam-fazer-para-crescer-de-forma-consistente-em-2026\/","title":{"rendered":"O que micro e pequenas empresas precisam fazer para crescer de forma consistente em 2026"},"content":{"rendered":"<div id=\"dslc-theme-content\"><div id=\"dslc-theme-content-inner\"><p style=\"text-align: center;\"><em>Digitaliza\u00e7\u00e3o e acesso a tecnologias acess\u00edveis ser\u00e3o determinantes para que empreendedores aproveitem as oportunidades no pr\u00f3ximo ano<\/em><\/p>\n<p>De acordo com o Sebrae, mais de 80% das micro e pequenas empresas brasileiras pretendem investir em digitaliza\u00e7\u00e3o nos pr\u00f3ximos meses, um indicador claro de que o empreendedor j\u00e1 reconhece a tecnologia como fator decisivo de sobreviv\u00eancia e crescimento. Em um cen\u00e1rio econ\u00f4mico mais competitivo, inst\u00e1vel e digitalizado, a prepara\u00e7\u00e3o para 2026 exige mais do que boas ideias: requer organiza\u00e7\u00e3o, dados e estrat\u00e9gia.<\/p>\n<p>Nesse contexto, pequenas empresas deixam de ter a digitaliza\u00e7\u00e3o como diferencial e passam a encar\u00e1-la como base para manter a opera\u00e7\u00e3o saud\u00e1vel e conquistar espa\u00e7o. O pr\u00f3ximo ano promete novas din\u00e2micas de consumo, maior exig\u00eancia por parte do cliente e avan\u00e7o acelerado de tecnologias acess\u00edveis. Para quem se planeja, as oportunidades s\u00e3o numerosas; para quem ignora as mudan\u00e7as, os riscos aumentam.<\/p>\n<p><em>\u201c2026 ser\u00e1 um ano de ajustes e avan\u00e7os. A empresa que souber olhar para seus n\u00fameros, usar dados e incorporar ferramentas acess\u00edveis no dia a dia ter\u00e1 muito mais chances de prosperar\u201d<\/em>, afirma Renato Rodrigues, CEO da Softcom, empresa refer\u00eancia nacional em softwares de gest\u00e3o.<\/p>\n<p>A seguir, ele destaca estrat\u00e9gias pr\u00e1ticas para empreendedores iniciarem o ano de forma mais segura, eficiente e preparada.<\/p>\n<p><strong>Digitaliza\u00e7\u00e3o: o caminho mais acess\u00edvel para crescer<\/strong><\/p>\n<p>Ferramentas digitais deixaram de ser privil\u00e9gio das grandes empresas. Hoje, micro e pequenos neg\u00f3cios t\u00eam acesso a sistemas de gest\u00e3o, emiss\u00e3o fiscal integrada, controle de estoque e plataformas de vendas on-line que profissionalizam a opera\u00e7\u00e3o e reduzem erros.<br \/>A ado\u00e7\u00e3o dessas solu\u00e7\u00f5es aumenta a competitividade e libera o empreendedor para se dedicar ao que realmente importa: estrat\u00e9gia e atendimento.<\/p>\n<p><strong>Dados como b\u00fassola para decis\u00f5es mais inteligentes<\/strong><\/p>\n<p>Quando organiza\u00e7\u00e3o e tecnologia trabalham juntas, o empreendedor passa a acessar relat\u00f3rios em tempo real, entender o comportamento do cliente, identificar produtos mais rent\u00e1veis e prever tend\u00eancias. Essa vis\u00e3o, segundo Renato, reduz falhas operacionais e melhora o desempenho ao longo do ano, especialmente em segmentos din\u00e2micos como varejo, alimenta\u00e7\u00e3o e servi\u00e7os.<\/p>\n<p>Apesar das incertezas, 2026 tamb\u00e9m se apresenta como um ano promissor para quem deseja iniciar um neg\u00f3cio. Segundo a Associa\u00e7\u00e3o Brasileira de Franchising (ABF), o setor de franquias segue em expans\u00e3o, oferecendo suporte, padroniza\u00e7\u00e3o e menor risco para iniciantes.<\/p>\n<p>No campo da tecnologia, esse modelo se fortalece ainda mais, permitindo que novos empreendedores entrem em um mercado crescente sem precisar dominar, sozinhos, ferramentas complexas ou desenvolver solu\u00e7\u00f5es do zero.<\/p>\n<p>\u201c<em>Empreender com tecnologia significa participar de um setor que cresce acima da m\u00e9dia e que ser\u00e1 ainda mais necess\u00e1rio em 2026. O modelo de franquia oferece suporte, treinamento e inova\u00e7\u00e3o cont\u00ednua, o que d\u00e1 mais seguran\u00e7a a quem est\u00e1 come\u00e7ando\u201d<\/em>, explica Renato.<\/p>\n<p>Para o executivo, prosperar no pr\u00f3ximo ano n\u00e3o significa fazer tudo de uma vez, mas avan\u00e7ar de forma cont\u00ednua e estrat\u00e9gica: organizar finan\u00e7as, digitalizar processos, analisar dados e se conectar a redes de apoio, sejam associa\u00e7\u00f5es, comunidades empresariais ou franquias.<\/p>\n<p>\u201c<em>Micro e pequenas empresas s\u00e3o a espinha dorsal da economia brasileira. Quando elas t\u00eam acesso a ferramentas acess\u00edveis e orienta\u00e7\u00e3o adequada, crescem n\u00e3o apenas em faturamento, mas tamb\u00e9m em vis\u00e3o, efici\u00eancia e capacidade de inovar<\/em>\u201d, conclui.<\/p>\n<p>\u00a0<\/p>\n<p><strong>Sobre a Softcom<\/strong><\/p>\n<p>Fundada em 1999, em Jo\u00e3o Pessoa (PB), a Softcom \u00e9 hoje uma rede de franquias de tecnologia e refer\u00eancia nacional em softwares de gest\u00e3o voltados para micro e pequenas empresas. Sua plataforma re\u00fane solu\u00e7\u00f5es completas para vendas, financeiro, estoque e fiscal, oferecendo ainda integra\u00e7\u00e3o com aplicativos de delivery e seguran\u00e7a em nuvem. Entre os diferenciais, destacam-se a intelig\u00eancia artificial pr\u00f3pria DRIKA IA, que auxilia empreendedores em decis\u00f5es estrat\u00e9gicas, e o aplicativo que coloca o controle do neg\u00f3cio na palma da m\u00e3o. Reconhecida como Super Integradora iFood, a franquia j\u00e1 impacta milhares de empreendedores em diversas regi\u00f5es do Brasil, levando inova\u00e7\u00e3o e simplicidade para o dia a dia do pequeno varejo.<\/p>\n<hr \/>\n<h6><strong>Lucky Assessoria de Comunica\u00e7\u00e3o | Foto: Freepik<\/strong><\/h6>\n\n\n<center><iframe loading=\"lazy\" class=\"jmvplayer\" src=\"https:\/\/player.jmvstream.com\/lvw\/YYGWo5wfZuZ8fEW7Qoq1ISwhLSEDhU\" allowfullscreen allow=\"autoplay; fullscreen\" frameborder=\"0\" width=\"640\" height=\"360\" ><\/iframe><\/center>\n<\/div><\/div>","protected":false},"excerpt":{"rendered":"<p>Digitaliza\u00e7\u00e3o e acesso a tecnologias acess\u00edveis ser\u00e3o determinantes para que empreendedores aproveitem as oportunidades no pr\u00f3ximo ano De acordo com o Sebrae, mais de 80% das micro e pequenas empresas brasileiras pretendem investir em digitaliza\u00e7\u00e3o nos pr\u00f3ximos meses, um indicador claro de que o empreendedor j\u00e1 reconhece a tecnologia como fator decisivo de sobreviv\u00eancia e [&hellip;]<\/p>\n","protected":false},"author":4,"featured_media":81556,"comment_status":"open","ping_status":"open","sticky":false,"template":"","format":"standard","meta":{"footnotes":""},"categories":[1],"tags":[],"class_list":["post-81555","post","type-post","status-publish","format-standard","has-post-thumbnail","hentry","category-sem-categoria"],"_links":{"self":[{"href":"http:\/\/sol.fm.br\/radio\/wp-json\/wp\/v2\/posts\/81555","targetHints":{"allow":["GET"]}}],"collection":[{"href":"http:\/\/sol.fm.br\/radio\/wp-json\/wp\/v2\/posts"}],"about":[{"href":"http:\/\/sol.fm.br\/radio\/wp-json\/wp\/v2\/types\/post"}],"author":[{"embeddable":true,"href":"http:\/\/sol.fm.br\/radio\/wp-json\/wp\/v2\/users\/4"}],"replies":[{"embeddable":true,"href":"http:\/\/sol.fm.br\/radio\/wp-json\/wp\/v2\/comments?post=81555"}],"version-history":[{"count":1,"href":"http:\/\/sol.fm.br\/radio\/wp-json\/wp\/v2\/posts\/81555\/revisions"}],"predecessor-version":[{"id":81557,"href":"http:\/\/sol.fm.br\/radio\/wp-json\/wp\/v2\/posts\/81555\/revisions\/81557"}],"wp:featuredmedia":[{"embeddable":true,"href":"http:\/\/sol.fm.br\/radio\/wp-json\/wp\/v2\/media\/81556"}],"wp:attachment":[{"href":"http:\/\/sol.fm.br\/radio\/wp-json\/wp\/v2\/media?parent=81555"}],"wp:term":[{"taxonomy":"category","embeddable":true,"href":"http:\/\/sol.fm.br\/radio\/wp-json\/wp\/v2\/categories?post=81555"},{"taxonomy":"post_tag","embeddable":true,"href":"http:\/\/sol.fm.br\/radio\/wp-json\/wp\/v2\/tags?post=81555"}],"curies":[{"name":"wp","href":"https:\/\/api.w.org\/{rel}","templated":true}]}}