{"id":81561,"date":"2026-01-06T10:20:18","date_gmt":"2026-01-06T13:20:18","guid":{"rendered":"http:\/\/sol.fm.br\/radio\/?p=81561"},"modified":"2026-01-06T10:20:20","modified_gmt":"2026-01-06T13:20:20","slug":"abertas-inscricoes-para-a-36a-abertura-oficial-da-colheita-do-arroz-e-graos-em-terras-baixas","status":"publish","type":"post","link":"http:\/\/sol.fm.br\/radio\/abertas-inscricoes-para-a-36a-abertura-oficial-da-colheita-do-arroz-e-graos-em-terras-baixas\/","title":{"rendered":"Abertas inscri\u00e7\u00f5es para a 36\u00aa Abertura Oficial da Colheita do Arroz e Gr\u00e3os em Terras Baixas"},"content":{"rendered":"<div id=\"dslc-theme-content\"><div id=\"dslc-theme-content-inner\"><p style=\"text-align: center;\"><i data-olk-copy-source=\"MessageBody\">Evento ocorre de 24 a 26 de fevereiro, em Cap\u00e3o do Le\u00e3o (RS), e deve reunir cerca de 21 mil visitantes<\/i><\/p>\n<p><i data-olk-copy-source=\"MessageBody\"><br clear=\"none\" \/><\/i>A Federa\u00e7\u00e3o das Associa\u00e7\u00f5es de Arrozeiros do Rio Grande do Sul (Federarroz) abriu as inscri\u00e7\u00f5es para a 36\u00aa Abertura Oficial da Colheita do Arroz e Gr\u00e3os em Terras Baixas, que ser\u00e1 realizada de 24 a 26 de fevereiro, na Esta\u00e7\u00e3o Terras Baixas da Empresa Brasileira de Pesquisa Agropecu\u00e1ria (Embrapa) Clima Temperado, em Cap\u00e3o do Le\u00e3o (RS).<br clear=\"none\" \/><br clear=\"none\" \/>As inscri\u00e7\u00f5es s\u00e3o gratuitas e devem ser feitas de forma antecipada. O cadastro pr\u00e9vio permite acesso mais r\u00e1pido ao evento e evita filas no credenciamento presencial, que ser\u00e1 realizado por meio de leitura de QR Code.<br clear=\"none\" \/><br clear=\"none\" \/>Realizada em um cen\u00e1rio desafiador para a cadeia produtiva do arroz, a Abertura Oficial da Colheita mant\u00e9m o papel de espa\u00e7o para troca de informa\u00e7\u00f5es, debate t\u00e9cnico e integra\u00e7\u00e3o do setor. Ao longo de 35 edi\u00e7\u00f5es anteriores, o evento acompanhou diferentes ciclos da atividade arrozeira, incluindo per\u00edodos de alta, estabilidade e retra\u00e7\u00e3o da produ\u00e7\u00e3o.<br clear=\"none\" \/><br clear=\"none\" \/>A expectativa da organiza\u00e7\u00e3o \u00e9 receber cerca de 21 mil visitantes de diversas regi\u00f5es do Brasil e do exterior. A programa\u00e7\u00e3o prev\u00ea a participa\u00e7\u00e3o de 230 expositores entre a Feira e o Roteiro T\u00e9cnico, al\u00e9m de aproximadamente 50 Vitrines Tecnol\u00f3gicas voltadas a alternativas sustent\u00e1veis de rota\u00e7\u00e3o com o arroz, como soja, milho, sorgo e forrageiras.<br clear=\"none\" \/><br clear=\"none\" \/>O evento tamb\u00e9m contar\u00e1 com tecnologias direcionadas \u00e0 efici\u00eancia no manejo da lavoura de arroz, com foco na aplica\u00e7\u00e3o pr\u00e1tica no dia a dia de produtores, t\u00e9cnicos e equipes de campo. Est\u00e3o previstas mais de 100 horas de conte\u00fado distribu\u00eddas entre o Audit\u00f3rio Frederico Costa, a Arena de Inova\u00e7\u00e3o, o Roteiro T\u00e9cnico e os estandes da Embrapa e do Instituto Rio Grandense do Arroz (Irga), entre outros espa\u00e7os.<br clear=\"none\" \/><br clear=\"none\" \/>As Homenagens P\u00e1 do Arroz est\u00e3o programadas para o dia 24 de fevereiro, \u00e0s 18h30min. A cerim\u00f4nia oficial de abertura da 36\u00aa Abertura Oficial da Colheita do Arroz e Gr\u00e3os em Terras Baixas ocorrer\u00e1 no encerramento do evento, no dia 26, \u00e0s 16h30min.<br clear=\"none\" \/><br clear=\"none\" \/>A programa\u00e7\u00e3o completa ser\u00e1 divulgada em breve e estar\u00e1 dispon\u00edvel no site\u00a0<a title=\"http:\/\/www.colheitadoarroz.com.br\" href=\"http:\/\/www.colheitadoarroz.com.br\/\" target=\"_blank\" rel=\"noreferrer noopener\" shape=\"rect\" data-auth=\"NotApplicable\" data-linkindex=\"0\">www.colheitadoarroz.com.br<\/a>. Mais informa\u00e7\u00f5es podem ser obtidas nos canais oficiais da Federarroz.<\/p>\n<hr \/>\n<h6><strong>AgroEffective | Assessoria de Comunica\u00e7\u00e3o da Federa\u00e7\u00e3o das Associa\u00e7\u00f5es de Arrozeiros do Rio Grande do Sul (Federarroz) | Foto: J\u00f4 Folha\/Divulga\u00e7\u00e3o | Texto: Artur Chagas\/AgroEffective<\/strong><br \/><br \/><\/h6>\n\n\n<center><iframe loading=\"lazy\" class=\"jmvplayer\" src=\"https:\/\/player.jmvstream.com\/lvw\/YYGWo5wfZuZ8fEW7Qoq1ISwhLSEDhU\" allowfullscreen allow=\"autoplay; fullscreen\" frameborder=\"0\" width=\"640\" height=\"360\" ><\/iframe><\/center>\n<\/div><\/div>","protected":false},"excerpt":{"rendered":"<p>Evento ocorre de 24 a 26 de fevereiro, em Cap\u00e3o do Le\u00e3o (RS), e deve reunir cerca de 21 mil visitantes A Federa\u00e7\u00e3o das Associa\u00e7\u00f5es de Arrozeiros do Rio Grande do Sul (Federarroz) abriu as inscri\u00e7\u00f5es para a 36\u00aa Abertura Oficial da Colheita do Arroz e Gr\u00e3os em Terras Baixas, que ser\u00e1 realizada de 24 [&hellip;]<\/p>\n","protected":false},"author":4,"featured_media":81562,"comment_status":"open","ping_status":"open","sticky":false,"template":"","format":"standard","meta":{"footnotes":""},"categories":[1],"tags":[],"class_list":["post-81561","post","type-post","status-publish","format-standard","has-post-thumbnail","hentry","category-sem-categoria"],"_links":{"self":[{"href":"http:\/\/sol.fm.br\/radio\/wp-json\/wp\/v2\/posts\/81561","targetHints":{"allow":["GET"]}}],"collection":[{"href":"http:\/\/sol.fm.br\/radio\/wp-json\/wp\/v2\/posts"}],"about":[{"href":"http:\/\/sol.fm.br\/radio\/wp-json\/wp\/v2\/types\/post"}],"author":[{"embeddable":true,"href":"http:\/\/sol.fm.br\/radio\/wp-json\/wp\/v2\/users\/4"}],"replies":[{"embeddable":true,"href":"http:\/\/sol.fm.br\/radio\/wp-json\/wp\/v2\/comments?post=81561"}],"version-history":[{"count":1,"href":"http:\/\/sol.fm.br\/radio\/wp-json\/wp\/v2\/posts\/81561\/revisions"}],"predecessor-version":[{"id":81563,"href":"http:\/\/sol.fm.br\/radio\/wp-json\/wp\/v2\/posts\/81561\/revisions\/81563"}],"wp:featuredmedia":[{"embeddable":true,"href":"http:\/\/sol.fm.br\/radio\/wp-json\/wp\/v2\/media\/81562"}],"wp:attachment":[{"href":"http:\/\/sol.fm.br\/radio\/wp-json\/wp\/v2\/media?parent=81561"}],"wp:term":[{"taxonomy":"category","embeddable":true,"href":"http:\/\/sol.fm.br\/radio\/wp-json\/wp\/v2\/categories?post=81561"},{"taxonomy":"post_tag","embeddable":true,"href":"http:\/\/sol.fm.br\/radio\/wp-json\/wp\/v2\/tags?post=81561"}],"curies":[{"name":"wp","href":"https:\/\/api.w.org\/{rel}","templated":true}]}}