{"id":81775,"date":"2026-01-13T20:58:56","date_gmt":"2026-01-13T23:58:56","guid":{"rendered":"http:\/\/sol.fm.br\/radio\/?p=81775"},"modified":"2026-01-13T20:58:58","modified_gmt":"2026-01-13T23:58:58","slug":"acelerando-para-a-europa-campeao-da-formula-4-heitor-dallagnol-mira-a-formula-3-em-2026","status":"publish","type":"post","link":"http:\/\/sol.fm.br\/radio\/acelerando-para-a-europa-campeao-da-formula-4-heitor-dallagnol-mira-a-formula-3-em-2026\/","title":{"rendered":"Acelerando para a Europa: campe\u00e3o da F\u00f3rmula 4, Heitor Dall\u2019Agnol mira a F\u00f3rmula 3 em 2026"},"content":{"rendered":"<div id=\"dslc-theme-content\"><div id=\"dslc-theme-content-inner\"><p style=\"text-align: center;\"><em>Com o apoio da Rede de Farm\u00e1cias S\u00e3o Jo\u00e3o, piloto de Passo Fundo\/RS vive fase decisiva da carreira internacional e inspira dentro e fora das pistas.<\/em><\/p>\n<p><br \/>Depois de uma temporada hist\u00f3rica, o piloto passo-fundense Heitor Dall\u2019Agnol retornou ao Kart\u00f3dromo da Rosel\u00e2ndia em Passo Fundo (RS), onde iniciou sua trajet\u00f3ria no automobilismo. Em 2025, o jovem talento do norte ga\u00facho estreou na F\u00f3rmula 4 Brasil, conquistando o t\u00edtulo nacional, trof\u00e9u de melhor estreante e diversas vit\u00f3rias ao longo do campeonato.<\/p>\n<p><img loading=\"lazy\" decoding=\"async\" class=\"size-medium wp-image-81780 alignright\" src=\"http:\/\/sol.fm.br\/radio\/wp-content\/uploads\/2026\/01\/102-300x400.jpeg\" alt=\"\" width=\"300\" height=\"400\" srcset=\"http:\/\/sol.fm.br\/radio\/wp-content\/uploads\/2026\/01\/102-300x400.jpeg 300w, http:\/\/sol.fm.br\/radio\/wp-content\/uploads\/2026\/01\/102-768x1024.jpeg 768w, http:\/\/sol.fm.br\/radio\/wp-content\/uploads\/2026\/01\/102-1152x1536.jpeg 1152w, http:\/\/sol.fm.br\/radio\/wp-content\/uploads\/2026\/01\/102-1536x2048.jpeg 1536w, http:\/\/sol.fm.br\/radio\/wp-content\/uploads\/2026\/01\/102-scaled.jpeg 1920w\" sizes=\"auto, (max-width: 300px) 100vw, 300px\" \/><\/p>\n<p><em>\u201c\u00c9 sempre muito bom voltar para Passo Fundo. Foi um dos meus melhores anos no automobilismo e estar aqui, perto de quem me acompanha desde o in\u00edcio, me deixa muito feliz<\/em>\u201d, destacou o piloto.<\/p>\n<p>O desempenho na F\u00f3rmula 4 consolida Heitor como um dos principais nomes da nova gera\u00e7\u00e3o do automobilismo brasileiro. Com o sonho de chegar \u00e0 F\u00f3rmula 1, o piloto j\u00e1 acompanhou de perto Grandes Pr\u00eamios em circuitos como Monza e Interlagos, al\u00e9m de manter contato com empres\u00e1rios do setor e equipes internacionais.<\/p>\n<p>O pr\u00f3ximo desafio ser\u00e1 na Europa. Em 2026, Heitor disputa a Eurocup-3, categoria de base que integra o caminho rumo \u00e0 F\u00f3rmula 3 Europeia e, posteriormente, \u00e0 F\u00f3rmula 1. A competi\u00e7\u00e3o conta com carros de 270 cavalos de pot\u00eancia, um grid com mais de 30 pilotos e oito etapas ao longo da temporada.<\/p>\n<p><em>\u201cQuero chegar \u00e0 F\u00f3rmula 1. E ver que o esfor\u00e7o que come\u00e7ou aqui no kart\u00f3dromo est\u00e1 ganhando propor\u00e7\u00f5es internacionais \u00e9 muito gratificante<\/em>\u201d, disse.<\/p>\n<p><img loading=\"lazy\" decoding=\"async\" class=\"alignnone size-medium wp-image-81777 aligncenter\" src=\"http:\/\/sol.fm.br\/radio\/wp-content\/uploads\/2026\/01\/103-400x267.jpeg\" alt=\"\" width=\"400\" height=\"267\" srcset=\"http:\/\/sol.fm.br\/radio\/wp-content\/uploads\/2026\/01\/103-400x267.jpeg 400w, http:\/\/sol.fm.br\/radio\/wp-content\/uploads\/2026\/01\/103-768x512.jpeg 768w, http:\/\/sol.fm.br\/radio\/wp-content\/uploads\/2026\/01\/103-600x400.jpeg 600w, http:\/\/sol.fm.br\/radio\/wp-content\/uploads\/2026\/01\/103-1536x1023.jpeg 1536w, http:\/\/sol.fm.br\/radio\/wp-content\/uploads\/2026\/01\/103.jpeg 1600w\" sizes=\"auto, (max-width: 400px) 100vw, 400px\" \/><br \/><strong>Parceria com a Rede de Farm\u00e1cias S\u00e3o Jo\u00e3o<\/strong><\/p>\n<p>Para viabilizar a temporada europeia, o or\u00e7amento estimado \u00e9 de aproximadamente R$ 10 milh\u00f5es. Parte desse valor j\u00e1 est\u00e1 assegurada com o apoio de empresas que acreditam no projeto e no potencial do piloto. Entre elas, est\u00e1 a Rede de Farm\u00e1cias S\u00e3o Jo\u00e3o,<\/p>\n<p>que confirmou a parceria com Heitor Dall\u2019Agnol. Em visita a sede da empresa em Passo Fundo, o piloto entregou um prot\u00f3tipo do carro campe\u00e3o da F\u00f3rmula 4 para o presidente da Rede, Pedro Henrique Brair.<\/p>\n<p><img loading=\"lazy\" decoding=\"async\" class=\"size-medium wp-image-81778 alignleft\" src=\"http:\/\/sol.fm.br\/radio\/wp-content\/uploads\/2026\/01\/104-400x201.jpeg\" alt=\"\" width=\"400\" height=\"201\" srcset=\"http:\/\/sol.fm.br\/radio\/wp-content\/uploads\/2026\/01\/104-400x201.jpeg 400w, http:\/\/sol.fm.br\/radio\/wp-content\/uploads\/2026\/01\/104-768x385.jpeg 768w, http:\/\/sol.fm.br\/radio\/wp-content\/uploads\/2026\/01\/104-1536x771.jpeg 1536w, http:\/\/sol.fm.br\/radio\/wp-content\/uploads\/2026\/01\/104.jpeg 1600w\" sizes=\"auto, (max-width: 400px) 100vw, 400px\" \/><\/p>\n<p>\u201c<em>Esse presente a gente vai guardar com muito carinho, zelo e estaremos juntos nessa jornada em 2026, porque acreditamos no potencial do Heitor, sabemos da luta da fam\u00edlia por esse objetivo de vida e torcemos, apesar da dificuldade, pelo t\u00edtulo do menino na F\u00f3rmula 3<\/em>\u201d, salienta o presidente da Rede.<\/p>\n<p>A parceria refor\u00e7a o compromisso da Rede de Farm\u00e1cias S\u00e3o Jo\u00e3o com o incentivo ao esporte, o desenvolvimento de jovens talentos e o apoio a projetos que levam o nome do Brasil para o cen\u00e1rio internacional.<\/p>\n<p><br \/><strong>Inspira\u00e7\u00e3o fora das pistas<\/strong><\/p>\n<p>Al\u00e9m dos resultados nas pistas, Heitor tamb\u00e9m se destaca pelo envolvimento em a\u00e7\u00f5es sociais nos per\u00edodos em que est\u00e1 longe das competi\u00e7\u00f5es. Recentemente, o piloto visitou crian\u00e7as em tratamento hospitalar, levando palavras de incentivo e inspira\u00e7\u00e3o.<\/p>\n<p><img loading=\"lazy\" decoding=\"async\" class=\"size-medium wp-image-81779 alignleft\" src=\"http:\/\/sol.fm.br\/radio\/wp-content\/uploads\/2026\/01\/101-300x400.jpeg\" alt=\"\" width=\"300\" height=\"400\" srcset=\"http:\/\/sol.fm.br\/radio\/wp-content\/uploads\/2026\/01\/101-300x400.jpeg 300w, http:\/\/sol.fm.br\/radio\/wp-content\/uploads\/2026\/01\/101-768x1023.jpeg 768w, http:\/\/sol.fm.br\/radio\/wp-content\/uploads\/2026\/01\/101.jpeg 961w\" sizes=\"auto, (max-width: 300px) 100vw, 300px\" \/><\/p>\n<p>Durante uma dessas visitas, conheceu Lorenzo, que revelou o sonho de pilotar um kart. Sensibilizado, Heitor prometeu realizar o desejo assim que o menino recebesse alta. A promessa foi cumprida no primeiro dia fora do hospital, no Kart\u00f3dromo de Passo Fundo.<\/p>\n<p>Acompanhado da fam\u00edlia, Lorenzo teve o primeiro contato com o kartismo ao lado do \u00eddolo. Foram cerca de dez voltas na pista, com Heitor guiando o trajeto e orientando o menino que nunca havia pilotado. A m\u00e3e de Lorenzo, Aline Scarparo, ressaltou o significado especial desse gesto do Heitor.<\/p>\n<p>\u201c<em>Hoje ele est\u00e1 muito feliz. Aproveitamos o dia da alta para viver esse momento diferente e marcante em nossas vidas<\/em>\u201d, relatou.<\/p>\n<p>Mais do que conquistas esportivas, a trajet\u00f3ria de Heitor Dall\u2019Agnol evidencia como o automobilismo pode ser uma poderosa ferramenta de empatia, inspira\u00e7\u00e3o e cidadania, deixando marcas positivas que v\u00e3o muito al\u00e9m das competi\u00e7\u00f5es.<\/p>\n<hr \/>\n<h6><strong>Rede de Farm\u00e1cias S\u00e3o Jo\u00e3o<\/strong><\/h6>\n\n\n<center><iframe loading=\"lazy\" class=\"jmvplayer\" src=\"https:\/\/player.jmvstream.com\/lvw\/YYGWo5wfZuZ8fEW7Qoq1ISwhLSEDhU\" allowfullscreen allow=\"autoplay; fullscreen\" frameborder=\"0\" width=\"640\" height=\"360\" ><\/iframe><\/center>\n<\/div><\/div>","protected":false},"excerpt":{"rendered":"<p>Com o apoio da Rede de Farm\u00e1cias S\u00e3o Jo\u00e3o, piloto de Passo Fundo\/RS vive fase decisiva da carreira internacional e inspira dentro e fora das pistas. Depois de uma temporada hist\u00f3rica, o piloto passo-fundense Heitor Dall\u2019Agnol retornou ao Kart\u00f3dromo da Rosel\u00e2ndia em Passo Fundo (RS), onde iniciou sua trajet\u00f3ria no automobilismo. Em 2025, o jovem [&hellip;]<\/p>\n","protected":false},"author":4,"featured_media":81776,"comment_status":"open","ping_status":"open","sticky":false,"template":"","format":"standard","meta":{"footnotes":""},"categories":[1],"tags":[],"class_list":["post-81775","post","type-post","status-publish","format-standard","has-post-thumbnail","hentry","category-sem-categoria"],"_links":{"self":[{"href":"http:\/\/sol.fm.br\/radio\/wp-json\/wp\/v2\/posts\/81775","targetHints":{"allow":["GET"]}}],"collection":[{"href":"http:\/\/sol.fm.br\/radio\/wp-json\/wp\/v2\/posts"}],"about":[{"href":"http:\/\/sol.fm.br\/radio\/wp-json\/wp\/v2\/types\/post"}],"author":[{"embeddable":true,"href":"http:\/\/sol.fm.br\/radio\/wp-json\/wp\/v2\/users\/4"}],"replies":[{"embeddable":true,"href":"http:\/\/sol.fm.br\/radio\/wp-json\/wp\/v2\/comments?post=81775"}],"version-history":[{"count":1,"href":"http:\/\/sol.fm.br\/radio\/wp-json\/wp\/v2\/posts\/81775\/revisions"}],"predecessor-version":[{"id":81781,"href":"http:\/\/sol.fm.br\/radio\/wp-json\/wp\/v2\/posts\/81775\/revisions\/81781"}],"wp:featuredmedia":[{"embeddable":true,"href":"http:\/\/sol.fm.br\/radio\/wp-json\/wp\/v2\/media\/81776"}],"wp:attachment":[{"href":"http:\/\/sol.fm.br\/radio\/wp-json\/wp\/v2\/media?parent=81775"}],"wp:term":[{"taxonomy":"category","embeddable":true,"href":"http:\/\/sol.fm.br\/radio\/wp-json\/wp\/v2\/categories?post=81775"},{"taxonomy":"post_tag","embeddable":true,"href":"http:\/\/sol.fm.br\/radio\/wp-json\/wp\/v2\/tags?post=81775"}],"curies":[{"name":"wp","href":"https:\/\/api.w.org\/{rel}","templated":true}]}}