{"id":81785,"date":"2026-01-14T09:35:19","date_gmt":"2026-01-14T12:35:19","guid":{"rendered":"http:\/\/sol.fm.br\/radio\/?p=81785"},"modified":"2026-01-14T09:35:21","modified_gmt":"2026-01-14T12:35:21","slug":"caminhos-para-solucionar-a-crise-de-empatia","status":"publish","type":"post","link":"http:\/\/sol.fm.br\/radio\/caminhos-para-solucionar-a-crise-de-empatia\/","title":{"rendered":"Caminhos para solucionar a crise de empatia"},"content":{"rendered":"<div id=\"dslc-theme-content\"><div id=\"dslc-theme-content-inner\"><p style=\"text-align: center;\"><span data-olk-copy-source=\"MessageBody\"><em>Especialista em ambientes de colabora\u00e7\u00e3o, Semadar Marques discute em seu livro que criar uma cultura de colabora\u00e7\u00e3o n\u00e3o \u00e9 apenas desej\u00e1vel, mas essencial para organiza\u00e7\u00f5es que buscam enfrentar desafios contempor\u00e2neos como sustentabilidade, diversidade e inova\u00e7\u00e3o<\/em><\/span><\/p>\n<p data-olk-copy-source=\"MessageBody\">A humanidade enfrenta hoje os efeitos de uma crise causada pelo colapso da empatia: polariza\u00e7\u00e3o, extremismo, desconex\u00e3o familiar e esgotamento no trabalho. No livro\u00a0<em>Colabora\u00e7\u00e3o: a \u00fanica solu\u00e7\u00e3o<\/em>, publicado pela editora\u00a0Alta Books, a administradora e refer\u00eancia em ambientes de colabora\u00e7\u00e3o\u00a0Semadar Marques<strong>,\u00a0<\/strong>apresenta ferramentas pr\u00e1ticas para enfrentar esse cen\u00e1rio, promovendo rela\u00e7\u00f5es mais humanas e ambientes coletivos sustent\u00e1veis.<\/p>\n<p>O livro mostra que a colabora\u00e7\u00e3o n\u00e3o \u00e9 apenas uma estrat\u00e9gia corporativa, mas uma necessidade urgente para organiza\u00e7\u00f5es que desejam inovar e lidar com problemas complexos, das mudan\u00e7as clim\u00e1ticas \u00e0s desigualdades sociais, desafios que s\u00f3 podem ser superados pela intelig\u00eancia coletiva. Ambientes psicologicamente seguros s\u00e3o, segundo ela, o ponto de partida para liberar criatividade, engajar talentos e fortalecer a sa\u00fade mental e relacional das equipes.<\/p>\n<p>Na obra, a especialista analisa como comportamentos defensivos, o medo de exposi\u00e7\u00e3o e a dificuldade de reconhecer fragilidades geram lideran\u00e7as r\u00edgidas, equipes inseguras e culturas que bloqueiam o di\u00e1logo e afetam toda a sociedade. Para ela, problemas complexos n\u00e3o podem ser enfrentados com l\u00f3gicas individualistas ou competitivas, \u00e9 preciso desenvolver consci\u00eancia emocional, praticar conversas corajosas e criar espa\u00e7os onde as pessoas se sintam seguras para contribuir.<\/p>\n<p>Ao fomentar a colabora\u00e7\u00e3o, as organiza\u00e7\u00f5es destravam seu potencial inovador e se alinham ao trip\u00e9 ESG. Para Semadar, pr\u00e1ticas ambientais, sociais e de governan\u00e7a s\u00f3 prosperam quando as equipes atuam de forma integrada e orientada a um prop\u00f3sito comum. Modelos de lideran\u00e7a centrados em controle, afirma ela, enfraquecem o esfor\u00e7o coletivo e desmotivam pessoas, enquanto lideran\u00e7as que fortalecem a autoestima e o di\u00e1logo criam bases s\u00f3lidas para a criatividade compartilhada.<\/p>\n<p>Ao longo das p\u00e1ginas, a especialista apresenta caminhos pr\u00e1ticos para fortalecer a intelig\u00eancia coletiva, enfatizando a import\u00e2ncia de ambientes psicologicamente seguros e emp\u00e1ticos, nos quais vulnerabilidade e confian\u00e7a deixam de ser vistas como fraqueza e passam a ser alicerces de criatividade e inova\u00e7\u00e3o. Semadar relaciona essa perspectiva a temas como sa\u00fade emocional, comportamento humano, moderniza\u00e7\u00e3o da gest\u00e3o p\u00fablica e privada, e sustentabilidade, argumentando que esses pilares dependem de v\u00ednculos saud\u00e1veis para prosperar.<\/p>\n<p>Combinando refer\u00eancias cient\u00edficas, experi\u00eancias pessoais e metodologias de facilita\u00e7\u00e3o, Semadar mostra que questionar paradigmas como escassez, autocobran\u00e7a excessiva, hierarquias r\u00edgidas e consumo emocionalmente compensat\u00f3rio \u00e9 essencial para frear o adoecimento coletivo. Para a administradora, reconstruir v\u00ednculos exige uma mudan\u00e7a de consci\u00eancia sobre como ressignificar conflitos, revisar vieses inconscientes, conduzir conversas dif\u00edceis e tomar decis\u00f5es em conjunto.<\/p>\n<p><strong><em>Colabora\u00e7\u00e3o: a \u00fanica solu\u00e7\u00e3o<\/em><\/strong>\u00a0oferece reflex\u00f5es valiosas para l\u00edderes, educadores, estudantes, gestores p\u00fablicos e todos que desejam compreender como rela\u00e7\u00f5es mais emp\u00e1ticas podem transformar organiza\u00e7\u00f5es e comunidades. Ao integrar desenvolvimento humano, colabora\u00e7\u00e3o, \u00e9tica e impacto social, essa leitura refor\u00e7a que a coopera\u00e7\u00e3o \u00e9 a \u00fanica maneira de construir ambientes mais justos, conscientes e capazes de enfrentar os desafios complexos do mundo.<\/p>\n<p><strong>Ficha t\u00e9cnica<\/strong><\/p>\n<p><strong>T\u00edtulo:<\/strong>\u00a0<span class=\"x_yiv8535794736ydpdceefd30yiv3471407138TextRun x_yiv8535794736ydpdceefd30yiv3471407138SCXW138974840 x_yiv8535794736ydpdceefd30yiv3471407138BCX0\" lang=\"PT-BR\"><span class=\"x_yiv8535794736ydpdceefd30yiv3471407138NormalTextRun x_yiv8535794736ydpdceefd30yiv3471407138SCXW138974840 x_yiv8535794736ydpdceefd30yiv3471407138BCX0\">Co<\/span><span class=\"x_yiv8535794736ydpdceefd30yiv3471407138NormalTextRun x_yiv8535794736ydpdceefd30yiv3471407138SCXW138974840 x_yiv8535794736ydpdceefd30yiv3471407138BCX0\">labora\u00e7\u00e3o:<\/span><span class=\"x_yiv8535794736ydpdceefd30yiv3471407138NormalTextRun x_yiv8535794736ydpdceefd30yiv3471407138SCXW138974840 x_yiv8535794736ydpdceefd30yiv3471407138BCX0\">\u00a0a \u00fanica solu\u00e7\u00e3o<\/span><span class=\"x_yiv8535794736ydpdceefd30yiv3471407138NormalTextRun x_yiv8535794736ydpdceefd30yiv3471407138SCXW138974840 x_yiv8535794736ydpdceefd30yiv3471407138BCX0\">\u00a0- Como fazer emergir a intelig\u00eancia coletiva que traz resultados sustent\u00e1veis<\/span><\/span><span class=\"x_yiv8535794736ydpdceefd30yiv3471407138LineBreakBlob x_yiv8535794736ydpdceefd30yiv3471407138BlobObject x_yiv8535794736ydpdceefd30yiv3471407138DragDrop x_yiv8535794736ydpdceefd30yiv3471407138SCXW138974840 x_yiv8535794736ydpdceefd30yiv3471407138BCX0\"><span class=\"x_yiv8535794736ydpdceefd30yiv3471407138SCXW138974840 x_yiv8535794736ydpdceefd30yiv3471407138BCX0\">\u00a0<\/span><\/span><br clear=\"none\" \/><strong>Autoria:\u00a0<\/strong>Semadar Marques<strong><br clear=\"none\" \/><\/strong><strong>Editora:<\/strong>\u00a0Alta Books<br clear=\"none\" \/><strong>P\u00e1ginas:<\/strong>\u00a0160<br clear=\"none\" \/><strong>ISBN:<\/strong> 978-8550821573<br clear=\"none\" \/><strong>Link de venda:<\/strong>\u00a0<a title=\"https:\/\/amzn.to\/3M6rUuR\" href=\"https:\/\/amzn.to\/3M6rUuR\" target=\"_blank\" rel=\"noreferrer noopener\" shape=\"rect\" data-auth=\"NotApplicable\" data-linkindex=\"0\">Amazon<\/a><\/p>\n<p>\u00a0<\/p>\n<p><img loading=\"lazy\" decoding=\"async\" class=\"wp-image-81787 alignleft\" src=\"http:\/\/sol.fm.br\/radio\/wp-content\/uploads\/2026\/01\/1.0-1-267x400.jpg\" alt=\"\" width=\"238\" height=\"357\" srcset=\"http:\/\/sol.fm.br\/radio\/wp-content\/uploads\/2026\/01\/1.0-1-267x400.jpg 267w, http:\/\/sol.fm.br\/radio\/wp-content\/uploads\/2026\/01\/1.0-1.jpg 668w\" sizes=\"auto, (max-width: 238px) 100vw, 238px\" \/><\/p>\n<p><strong data-olk-copy-source=\"MessageBody\">Sobre a autora<\/strong><\/p>\n<p>Formada em Administra\u00e7\u00e3o pela Pontif\u00edcia Universidade Cat\u00f3lica do Rio Grande do Sul (PUC-RS), Semadar Marques \u00e9 especialista na constru\u00e7\u00e3o de ambientes colaborativos em equipes e h\u00e1 mais de 16 anos atua como gestora p\u00fablica em Porto Alegre (RS). Ao longo de sua trajet\u00f3ria, liderou equipes, facilitou processos de transforma\u00e7\u00e3o cultural e desenvolveu projetos que integram gest\u00e3o p\u00fablica, sa\u00fade emocional e pr\u00e1ticas colaborativas. Estudiosa do comportamento humano e das metodologias de facilita\u00e7\u00e3o, atua tamb\u00e9m na forma\u00e7\u00e3o de l\u00edderes e equipes, promovendo ambientes psicologicamente seguros, di\u00e1logo transparente e intelig\u00eancia coletiva. \u00c9 m\u00e3e de um adolescente de 14 anos, o Samuel e da Alice, uma linda garotinha at\u00edpica de 5 anos.<\/p>\n<hr \/>\n<h6><strong>LC \u2013 Ag\u00eancia de Comunica\u00e7\u00e3o | Fotos: Divulga\u00e7\u00e3o - Alta Books e Arquivo pessoal<\/strong><\/h6>\n\n\n<center><iframe loading=\"lazy\" class=\"jmvplayer\" src=\"https:\/\/player.jmvstream.com\/lvw\/YYGWo5wfZuZ8fEW7Qoq1ISwhLSEDhU\" allowfullscreen allow=\"autoplay; fullscreen\" frameborder=\"0\" width=\"640\" height=\"360\" ><\/iframe><\/center>\n<\/div><\/div>","protected":false},"excerpt":{"rendered":"<p>Especialista em ambientes de colabora\u00e7\u00e3o, Semadar Marques discute em seu livro que criar uma cultura de colabora\u00e7\u00e3o n\u00e3o \u00e9 apenas desej\u00e1vel, mas essencial para organiza\u00e7\u00f5es que buscam enfrentar desafios contempor\u00e2neos como sustentabilidade, diversidade e inova\u00e7\u00e3o A humanidade enfrenta hoje os efeitos de uma crise causada pelo colapso da empatia: polariza\u00e7\u00e3o, extremismo, desconex\u00e3o familiar e esgotamento [&hellip;]<\/p>\n","protected":false},"author":4,"featured_media":81786,"comment_status":"open","ping_status":"open","sticky":false,"template":"","format":"standard","meta":{"footnotes":""},"categories":[1],"tags":[],"class_list":["post-81785","post","type-post","status-publish","format-standard","has-post-thumbnail","hentry","category-sem-categoria"],"_links":{"self":[{"href":"http:\/\/sol.fm.br\/radio\/wp-json\/wp\/v2\/posts\/81785","targetHints":{"allow":["GET"]}}],"collection":[{"href":"http:\/\/sol.fm.br\/radio\/wp-json\/wp\/v2\/posts"}],"about":[{"href":"http:\/\/sol.fm.br\/radio\/wp-json\/wp\/v2\/types\/post"}],"author":[{"embeddable":true,"href":"http:\/\/sol.fm.br\/radio\/wp-json\/wp\/v2\/users\/4"}],"replies":[{"embeddable":true,"href":"http:\/\/sol.fm.br\/radio\/wp-json\/wp\/v2\/comments?post=81785"}],"version-history":[{"count":1,"href":"http:\/\/sol.fm.br\/radio\/wp-json\/wp\/v2\/posts\/81785\/revisions"}],"predecessor-version":[{"id":81788,"href":"http:\/\/sol.fm.br\/radio\/wp-json\/wp\/v2\/posts\/81785\/revisions\/81788"}],"wp:featuredmedia":[{"embeddable":true,"href":"http:\/\/sol.fm.br\/radio\/wp-json\/wp\/v2\/media\/81786"}],"wp:attachment":[{"href":"http:\/\/sol.fm.br\/radio\/wp-json\/wp\/v2\/media?parent=81785"}],"wp:term":[{"taxonomy":"category","embeddable":true,"href":"http:\/\/sol.fm.br\/radio\/wp-json\/wp\/v2\/categories?post=81785"},{"taxonomy":"post_tag","embeddable":true,"href":"http:\/\/sol.fm.br\/radio\/wp-json\/wp\/v2\/tags?post=81785"}],"curies":[{"name":"wp","href":"https:\/\/api.w.org\/{rel}","templated":true}]}}