{"id":81789,"date":"2026-01-14T09:53:26","date_gmt":"2026-01-14T12:53:26","guid":{"rendered":"http:\/\/sol.fm.br\/radio\/?p=81789"},"modified":"2026-01-14T09:53:29","modified_gmt":"2026-01-14T12:53:29","slug":"o-que-esta-sendo-feito-para-recuperar-as-moradias-afetadas-pelas-enchentes","status":"publish","type":"post","link":"http:\/\/sol.fm.br\/radio\/o-que-esta-sendo-feito-para-recuperar-as-moradias-afetadas-pelas-enchentes\/","title":{"rendered":"O que est\u00e1 sendo feito para recuperar as moradias afetadas pelas enchentes?"},"content":{"rendered":"<div id=\"dslc-theme-content\"><div id=\"dslc-theme-content-inner\"><p style=\"text-align: center;\"><em>Explica a\u00ed! \u00e9 uma s\u00e9rie de publica\u00e7\u00f5es que esclarece, de maneira objetiva e direta, as principais iniciativas do governo<\/em><\/p>\n<p>\u00a0<\/p>\n<p><em>O governo publica uma s\u00e9rie de conte\u00fados sobre as principais entregas do Estado para a popula\u00e7\u00e3o. Com um material direto, simples e informativo, o Explica a\u00ed! apresenta respostas did\u00e1ticas para que as pessoas possam entender facilmente cada a\u00e7\u00e3o.<\/em><\/p>\n<h3><em>Edi\u00e7\u00e3o #24: habita\u00e7\u00e3o<\/em><\/h3>\n<ul>\n<li><strong>O que est\u00e1 sendo feito para recuperar as moradias afetadas pelas enchentes?<\/strong><\/li>\n<\/ul>\n<p>O governo do Estado est\u00e1 desenvolvendo o Programa A Casa \u00e9 Sua em tr\u00eas modalidades para atender as fam\u00edlias atingidas pelas enchentes.<\/p>\n<ul>\n<li><strong>O que \u00e9 o Programa A Casa \u00e9 Sua?<\/strong><\/li>\n<\/ul>\n<p>\u00c9 o programa habitacional permanente do Estado, executado pela Secretaria de Habita\u00e7\u00e3o e Regulariza\u00e7\u00e3o Fundi\u00e1ria (Sehab).<\/p>\n<ul>\n<li><strong>Quais as modalidades do Programa A Casa \u00e9 Sua?<\/strong><br \/><br \/>\n<ul>\n<li>Munic\u00edpio Resili\u00eancia\/Calamidade<\/li>\n<li>Calamidades Moradias Tempor\u00e1rias<\/li>\n<li>Calamidades Moradias Definitivas<\/li>\n<\/ul>\n<\/li>\n<\/ul>\n<ul>\n<li><strong>Qual o objetivo deste programa?<\/strong><\/li>\n<\/ul>\n<p>Garantir dignidade habitacional e seguran\u00e7a para fam\u00edlias por meio da constru\u00e7\u00e3o de moradias de interesse social, reduzindo o d\u00e9ficit habitacional hist\u00f3rico do estado.<\/p>\n<ul>\n<li><strong>Qual o investimento do Estado?<\/strong><\/li>\n<\/ul>\n<p>S\u00e3o R$ 80 mil por unidade no Programa A Casa \u00e9 Sua Munic\u00edpio - Resili\u00eancia (que prev\u00ea contrapartida das prefeituras). J\u00e1 no Programa A Casa \u00e9 Sua Calamidade, os valores variam entre R$ 146.971,49 mil e R$ 159.999,99 para casas definitivas, dependendo da modalidade de constru\u00e7\u00e3o (nestes casos, n\u00e3o h\u00e1 contrapartida das prefeituras).<\/p>\n<p><img loading=\"lazy\" decoding=\"async\" class=\"alignnone size-medium wp-image-81791 aligncenter\" src=\"http:\/\/sol.fm.br\/radio\/wp-content\/uploads\/2026\/01\/21-1-400x267.jpg\" alt=\"\" width=\"400\" height=\"267\" srcset=\"http:\/\/sol.fm.br\/radio\/wp-content\/uploads\/2026\/01\/21-1-400x267.jpg 400w, http:\/\/sol.fm.br\/radio\/wp-content\/uploads\/2026\/01\/21-1-768x512.jpg 768w, http:\/\/sol.fm.br\/radio\/wp-content\/uploads\/2026\/01\/21-1-600x400.jpg 600w, http:\/\/sol.fm.br\/radio\/wp-content\/uploads\/2026\/01\/21-1.jpg 945w\" sizes=\"auto, (max-width: 400px) 100vw, 400px\" \/><\/p>\n<ul>\n<li><strong>O programa faz parte do Plano Rio Grande?<\/strong><\/li>\n<\/ul>\n<p>Sim. Essas a\u00e7\u00f5es fazem parte do\u00a0<a href=\"https:\/\/planoriogrande.rs.gov.br\/inicial\" target=\"_blank\" rel=\"noopener\"><strong>Plano Rio Grande<\/strong><\/a>, programa de Estado liderado pelo governador Eduardo Leite, criado para proteger a popula\u00e7\u00e3o, reconstruir o Rio Grande do Sul e torn\u00e1-lo ainda mais forte e resiliente, preparado para o futuro.<\/p>\n<ul>\n<li><strong><a href=\"https:\/\/estado.rs.gov.br\/governador-anuncia-investimento-de-r-226-06-milhoes-para-reconstrucao-habitacional-em-eldorado-do-sul\">Governador anuncia investimento de R$ 226 milh\u00f5es para reconstru\u00e7\u00e3o habitacional em Eldorado do Sul<\/a><\/strong>\u00a0<br \/><br \/><\/li>\n<li><strong><a href=\"https:\/\/estado.rs.gov.br\/leite-vistoria-obras-de-casas-definitivas-em-encantado-no-vale-do-taquari\">Leite vistoria obras de casas definitivas em Encantado, no Vale do Taquari<br \/><br \/><\/a><\/strong><\/li>\n<li><strong><a href=\"https:\/\/estado.rs.gov.br\/regiao-noroeste-recebe-investimento-de-r-9-5-milhoes-em-habitacoes-de-interesse-social\">Regi\u00e3o Noroeste recebe investimento de R$ 9,5 milh\u00f5es em habita\u00e7\u00f5es de interesse social<br \/><br \/><\/a><\/strong><\/li>\n<li><strong><a href=\"https:\/\/estado.rs.gov.br\/governo-oficializa-compra-de-terreno-para-construcao-de-473-casas-definitivas-em-eldorado-do-sul\">Governo oficializa compra de terreno para constru\u00e7\u00e3o de 473 casas definitivas em Eldorado do Sul<\/a><\/strong><\/li>\n<\/ul>\n<p>\u00a0<\/p>\n<ul>\n<li><strong>Quantas moradias j\u00e1 foram entregues?<\/strong>\n<ul>\n<li>243 unidades da modalidade Munic\u00edpio Resili\u00eancia<\/li>\n<li>625 unidades tempor\u00e1rias da modalidade Calamidades<\/li>\n<li>39 unidades definitivas da modalidade Calamidades\u00a0<\/li>\n<\/ul>\n<\/li>\n<\/ul>\n<ul>\n<li><strong>Quantas moradias ser\u00e3o constru\u00eddas?<\/strong>\n<ul>\n<li>1.761 unidades habitacionais na modalidade Munic\u00edpio<\/li>\n<li>2.866 na modalidade Calamidades<\/li>\n<\/ul>\n<\/li>\n<\/ul>\n<ul>\n<li><strong>Como s\u00e3o as moradias entregues?<\/strong><\/li>\n<\/ul>\n<p>As unidades habitacionais devem ter entre 44 metros quadrados e 53,3 metros quadrados de \u00e1rea constru\u00edda, com dois dormit\u00f3rios, sala, cozinha, banheiro e \u00e1rea para tanque, de acordo com os h\u00e1bitos e costumes da popula\u00e7\u00e3o contemplada.<\/p>\n<ul>\n<li><strong>Quem pode receber?<\/strong><\/li>\n<\/ul>\n<p>A a\u00e7\u00e3o beneficia fam\u00edlias de baixa renda e moradoras de \u00e1reas urbanas, selecionados pelas prefeituras e fam\u00edlias que perderam suas casas nas enchentes.<\/p>\n<p><img loading=\"lazy\" decoding=\"async\" class=\"alignnone size-medium wp-image-81792 aligncenter\" src=\"http:\/\/sol.fm.br\/radio\/wp-content\/uploads\/2026\/01\/22-400x300.jpg\" alt=\"\" width=\"400\" height=\"300\" srcset=\"http:\/\/sol.fm.br\/radio\/wp-content\/uploads\/2026\/01\/22-400x300.jpg 400w, http:\/\/sol.fm.br\/radio\/wp-content\/uploads\/2026\/01\/22-768x575.jpg 768w, http:\/\/sol.fm.br\/radio\/wp-content\/uploads\/2026\/01\/22.jpg 945w\" sizes=\"auto, (max-width: 400px) 100vw, 400px\" \/><\/p>\n<p><strong>Em quais cidades est\u00e3o sendo constru\u00eddas as moradias da modalidade Munic\u00edpio Resili\u00eancia?<\/strong><\/p>\n<ul>\n<li>Ajuricaba<\/li>\n<li>Alegrete<\/li>\n<li>Bozano<\/li>\n<li>Camaqu\u00e3<\/li>\n<li>Camargo<\/li>\n<li>Campo Bom<\/li>\n<li>Campos Borges<\/li>\n<li>Caxias do Sul<\/li>\n<li>Chapada<\/li>\n<li>Chiapetta<\/li>\n<li>Coxilha<\/li>\n<li>Cruz Alta<\/li>\n<li>Dois Irm\u00e3os das Miss\u00f5es<\/li>\n<li>Erval Grande<\/li>\n<li>Espumoso<\/li>\n<li>Farroupilha<\/li>\n<li>Fazenda Villanova<\/li>\n<li>Feliz<\/li>\n<li>Ibia\u00e7\u00e1<\/li>\n<li>Iju\u00ed<\/li>\n<li>Lagoa dos Tr\u00eas Cantos<\/li>\n<li>Lavras do Sul<\/li>\n<li>Marau<\/li>\n<li>Montenegro<\/li>\n<li>Morro Redondo<\/li>\n<li>Nova Alvorada<\/li>\n<li>Nova Esperan\u00e7a do Sul<\/li>\n<li>Novo Barreiro<\/li>\n<li>Panambi<\/li>\n<li>Parob\u00e9<\/li>\n<li>Pelotas<\/li>\n<li>Pinhal<\/li>\n<li>Rodeio Bonito<\/li>\n<li>Salvador das Miss\u00f5es<\/li>\n<li>Santa Rosa<\/li>\n<li>Santiago<\/li>\n<li>Santo Angelo<\/li>\n<li>Santo Antonio do Palma<\/li>\n<li>Santo Augusto<\/li>\n<li>S\u00e3o Borja<\/li>\n<li>S\u00e3o Jo\u00e3o da Urtiga<\/li>\n<li>S\u00e3o Louren\u00e7o do Sul<\/li>\n<li>Sarandi<\/li>\n<li>Seberi<\/li>\n<li>S\u00e9rio<\/li>\n<li>Taquara<\/li>\n<li>Torres<\/li>\n<li>Tr\u00eas de Maio<\/li>\n<li>Tupanci do Sul<\/li>\n<li>Ubiretama<\/li>\n<li>Uruguaiana<\/li>\n<li>Vacaria<\/li>\n<li>Ven\u00e2ncio Aires<\/li>\n<li>Viam\u00e3o<\/li>\n<li>Vila Maria\u00a0<\/li>\n<\/ul>\n<p><img loading=\"lazy\" decoding=\"async\" class=\"alignnone size-medium wp-image-81793 aligncenter\" src=\"http:\/\/sol.fm.br\/radio\/wp-content\/uploads\/2026\/01\/23-400x266.jpg\" alt=\"\" width=\"400\" height=\"266\" srcset=\"http:\/\/sol.fm.br\/radio\/wp-content\/uploads\/2026\/01\/23-400x266.jpg 400w, http:\/\/sol.fm.br\/radio\/wp-content\/uploads\/2026\/01\/23-768x511.jpg 768w, http:\/\/sol.fm.br\/radio\/wp-content\/uploads\/2026\/01\/23-600x400.jpg 600w, http:\/\/sol.fm.br\/radio\/wp-content\/uploads\/2026\/01\/23.jpg 945w\" sizes=\"auto, (max-width: 400px) 100vw, 400px\" \/><\/p>\n<ul>\n<li><strong>Como \u00e9 o A Casa \u00e9 Sua - Calamidades?<\/strong><\/li>\n<\/ul>\n<p>O programa tem o objetivo de promover a pol\u00edtica habitacional de emerg\u00eancia, com unidades habitacionais permanentes. De forma in\u00e9dita, as unidades habitacionais ser\u00e3o adquiridas pelo Estado.<\/p>\n<ul>\n<li><strong>Qual o investimento do Estado nessa modalidade?<\/strong>\n<ul>\n<li>R$ 83,3 milh\u00f5es nas tempor\u00e1rias<\/li>\n<li>R$ 403 milh\u00f5es nas definitivas<\/li>\n<\/ul>\n<\/li>\n<\/ul>\n<ul>\n<li><strong>Quais as cidades contempladas?<\/strong><\/li>\n<\/ul>\n<p>Munic\u00edpios com situa\u00e7\u00e3o de calamidade p\u00fablica reconhecida, conforme o Decreto 57.600, de 4 de maio de 2024.<\/p>\n<ul>\n<li><strong>Quais os munic\u00edpios beneficiados?<\/strong>\n<ul>\n<li>Tempor\u00e1rias\n<ul>\n<li>Arroio do Meio<\/li>\n<li>Canoas<\/li>\n<li>Cruzeiro do Sul<\/li>\n<li>Eldorado do Sul<\/li>\n<li>Encantado<\/li>\n<li>Estrela<\/li>\n<li>Porto Alegre<\/li>\n<li>Rio Pardo<\/li>\n<li>S\u00e3o Jer\u00f4nimo<\/li>\n<li>Triunfo<\/li>\n<\/ul>\n<\/li>\n<li>Definitivas\n<ul>\n<li>Agudo<\/li>\n<li>Antonio Prado<\/li>\n<li>Arroio do Meio<\/li>\n<li>Bento Gon\u00e7alves<\/li>\n<li>Campo Bom<\/li>\n<li>Candel\u00e1ria<\/li>\n<li>Canoas<\/li>\n<li>Caxias do Sul<\/li>\n<li>Cotipor\u00e3<\/li>\n<li>Cruzeiro do Sul<\/li>\n<li>Dona Francisca<\/li>\n<li>Eldorado do Sul<\/li>\n<li>Encantado<\/li>\n<li>Encruzilhada do Sul<\/li>\n<li>Estrela<\/li>\n<li>Faxinal do Soturno<\/li>\n<li>Feliz<\/li>\n<li>Ibirub\u00e1<\/li>\n<li>Iju\u00ed<\/li>\n<li>Igrejinha<\/li>\n<li>Lajeado<\/li>\n<li>Marques de Souza<\/li>\n<li>Montenegro<\/li>\n<li>Mu\u00e7um<\/li>\n<li>Nova Br\u00e9scia<\/li>\n<li>Novo Hamburgo<\/li>\n<li>Parob\u00e9<\/li>\n<li>Pinhal<\/li>\n<li>Porto Alegre<\/li>\n<li>Putinga<\/li>\n<li>Relvado<\/li>\n<li>Rio Pardo<\/li>\n<li>Roca Sales<\/li>\n<li>Rolante<\/li>\n<li>Salvador do Sul<\/li>\n<li>Santa Tereza<\/li>\n<li>S\u00e3o Francisco de Paula<\/li>\n<li>S\u00e3o Jer\u00f4nimo<\/li>\n<li>S\u00e3o Jo\u00e3o do Pol\u00easine<\/li>\n<li>S\u00e3o Jos\u00e9 do Herval<\/li>\n<li>S\u00e3o Jos\u00e9 do Norte<\/li>\n<li>S\u00e3o Leopoldo<\/li>\n<li>S\u00e3o Sebasti\u00e3o do Ca\u00ed<\/li>\n<li>Serafina Corr\u00eaa<\/li>\n<li>Sobradinho<\/li>\n<li>Taquara<\/li>\n<li>Triunfo<\/li>\n<li>Tupanciret\u00e3<\/li>\n<li>Vale Real<\/li>\n<li>Ven\u00e2ncio Aires<\/li>\n<li>Vera Cruz\u00a0<\/li>\n<\/ul>\n<\/li>\n<\/ul>\n<\/li>\n<\/ul>\n<ul>\n<li><strong>Quantos munic\u00edpios ser\u00e3o beneficiados?<\/strong>\n<ul>\n<li>10 nas tempor\u00e1rias<\/li>\n<li>54 nas definitivas\u00a0<\/li>\n<\/ul>\n<\/li>\n<\/ul>\n<ul>\n<li><strong>Quais as outras entregas em habita\u00e7\u00e3o?<\/strong>\u00a0\n<ul>\n<li>Subs\u00eddio para 8.586 contratos de aquisi\u00e7\u00e3o da casa pr\u00f3pria;<\/li>\n<li>Cinco desapropria\u00e7\u00f5es de terrenos para constru\u00e7\u00e3o de casas definitivas;<\/li>\n<li>Aquisi\u00e7\u00e3o de um loteamento urbanizado para constru\u00e7\u00e3o de 473 casas definitivas em Eldorado do Sul;<\/li>\n<li>Recursos para infraestrutura de terrenos em 7 munic\u00edpios.\u00a0<\/li>\n<\/ul>\n<\/li>\n<\/ul>\n<figure class=\"artigo__ilustracao\"><img loading=\"lazy\" decoding=\"async\" class=\"alignnone size-medium wp-image-81794 aligncenter\" src=\"http:\/\/sol.fm.br\/radio\/wp-content\/uploads\/2026\/01\/24-400x300.jpg\" alt=\"\" width=\"400\" height=\"300\" srcset=\"http:\/\/sol.fm.br\/radio\/wp-content\/uploads\/2026\/01\/24-400x300.jpg 400w, http:\/\/sol.fm.br\/radio\/wp-content\/uploads\/2026\/01\/24-768x575.jpg 768w, http:\/\/sol.fm.br\/radio\/wp-content\/uploads\/2026\/01\/24.jpg 945w\" sizes=\"auto, (max-width: 400px) 100vw, 400px\" \/><\/figure>\n<ul>\n<li><strong><a href=\"https:\/\/www.estado.rs.gov.br\/governo-leite-entrega-moradias-temporarias-para-afetados-pela-enchente-em-eldorado-do-sul\" target=\"_blank\" rel=\"noopener\">Governo Leite entrega moradias tempor\u00e1rias para afetados pela enchente em Eldorado do Sul<\/a><br \/><br \/><\/strong><\/li>\n<li><strong><a href=\"https:\/\/www.estado.rs.gov.br\/leite-entrega-em-mucum-30-casas-definitivas-doadas-pelo-movimento-uniao-br-com-aporte-do-estado-e-da-prefeitura\" target=\"_blank\" rel=\"noopener\">Leite entrega em Mu\u00e7um 30 casas definitivas doadas pelo Movimento Uni\u00e3o BR com aporte do Estado e da prefeitura<\/a><br \/><br \/><\/strong><\/li>\n<li><a href=\"https:\/\/www.estado.rs.gov.br\/governador-eduardo-leite-entrega-primeiras-moradias-definitivas-em-encantado\" target=\"_blank\" rel=\"noopener\"><strong>Governador Eduardo Leite entrega primeiras moradias definitivas em Encantado pelo Programa A Casa \u00e9 Sua \u2013 Calamidade<br \/><br \/><\/strong><\/a><\/li>\n<li><strong><a href=\"https:\/\/www.estado.rs.gov.br\/governador-eduardo-leite-entrega-84-casas-definitivas-em-quatro-municipios\" target=\"_blank\" rel=\"noopener\">Governador Eduardo Leite entrega 84 casas definitivas em quatro munic\u00edpios<\/a><br \/><br \/><\/strong><\/li>\n<li><a href=\"https:\/\/www.estado.rs.gov.br\/governador-eduardo-leite-entrega-25-moradias-definitivas-em-nova-brescia-pelo-programa-a-casa-e-sua-calamidade\" target=\"_blank\" rel=\"noopener\"><strong>Governador Eduardo Leite entrega 25 moradias definitivas em Nova Br\u00e9scia pelo Programa A Casa \u00e9 Sua \u2013 Calamidade<br \/><br \/><\/strong><\/a><\/li>\n<li><a href=\"https:\/\/www.estado.rs.gov.br\/governador-eduardo-leite-entrega-15-casas-definitivas-em-nova-alvorada-pelo-programa-a-casa-e-sua-municipio-resiliencia\" target=\"_blank\" rel=\"noopener\"><strong>Governador Eduardo Leite entrega 15 casas definitivas em Nova Alvorada pelo Programa A Casa \u00e9 Sua - Munic\u00edpio Resili\u00eancia<br \/><br \/><\/strong><\/a><\/li>\n<li><strong><a href=\"https:\/\/estado.rs.gov.br\/governador-eduardo-leite-entrega-32-moradias-em-farroupilha\">Governador Eduardo Leite entrega 32 moradias em Farroupilha<br \/><br \/><\/a><\/strong><\/li>\n<li><strong><a href=\"https:\/\/estado.rs.gov.br\/governo-do-estado-entrega-mais-20-moradias-temporarias-em-rio-pardo\">Governo do Estado entrega mais 20 moradias tempor\u00e1rias em Rio Pardo<br \/><br \/><\/a><\/strong><\/li>\n<li><strong><a href=\"https:\/\/estado.rs.gov.br\/governador-entrega-31-moradias-em-pelotas-pelo-programa-a-casa-e-sua-municipio-resiliencia\">Governador entrega 31 moradias em Pelotas pelo Programa A Casa \u00e9 Sua - Munic\u00edpio Resili\u00eancia<br \/><br \/><\/a><\/strong><\/li>\n<li><strong><a href=\"https:\/\/estado.rs.gov.br\/eduardo-leite-entrega-20-moradias-definitivas-em-santo-antonio-do-palma\">Eduardo Leite entrega 20 moradias definitivas em Santo Ant\u00f4nio do Palma<br \/><br \/><\/a><\/strong><\/li>\n<li><strong><a href=\"https:\/\/estado.rs.gov.br\/governador-eduardo-leite-entrega-30-moradias-definitivas-em-santiago\">Governador Eduardo Leite entrega 30 moradias definitivas em Santiago<br \/><br \/><\/a><\/strong><\/li>\n<li><strong><a href=\"https:\/\/estado.rs.gov.br\/governo-investe-r-150-milhoes-na-reconstrucao-habitacional-no-vale-do-taquari\">Governo investe R$ 150 milh\u00f5es na reconstru\u00e7\u00e3o habitacional no Vale do Taquari<br \/><br \/><\/a><\/strong><\/li>\n<li><strong><a href=\"https:\/\/estado.rs.gov.br\/governo-do-estado-entrega-mais-30-moradias-temporarias-em-cruzeiro-do-sul\">Governo do Estado entrega mais 30 moradias tempor\u00e1rias em Cruzeiro do Sul<\/a><\/strong><strong>\u00a0<\/strong><\/li>\n<\/ul>\n<h3><strong>Explica A\u00ed!<\/strong><\/h3>\n<ul>\n<li>\n<p><a href=\"https:\/\/www.estado.rs.gov.br\/como-o-programa-pe-no-futuro-incentiva-estudantes-a-permanecer-nas-escolas\" target=\"_blank\" rel=\"noopener\"><strong>Edi\u00e7\u00e3o #23:\u00a0Como o Programa P\u00e9 no Futuro incentiva estudantes a permanecer nas escolas?<br \/><\/strong><\/a><\/p>\n<\/li>\n<li><strong><a href=\"https:\/\/www.estado.rs.gov.br\/programa-partiu-futuro-reconstrucao-como-o-estado-tem-gerado-oportunidades-para-jovens-atingidos-pelas-enchentes-de-2024\" target=\"_blank\" rel=\"noopener\">Edi\u00e7\u00e3o #22: Programa Partiu Futuro Reconstru\u00e7\u00e3o: como o Estado tem gerado oportunidades para jovens atingidos pelas enchentes de 2024<\/a><br \/><br \/><\/strong><\/li>\n<li><a href=\"https:\/\/www.estado.rs.gov.br\/como-o-programa-sus-gaucho-implantado-pelo-governo-leite-beneficia-a-populacao\" target=\"_blank\" rel=\"noopener\"><strong>Edi\u00e7\u00e3o #21:\u00a0Como o Programa SUS Ga\u00facho implantado pelo governo Leite beneficia a popula\u00e7\u00e3o?<br \/><br \/><\/strong><\/a><\/li>\n<li><a href=\"https:\/\/www.estado.rs.gov.br\/cinco-anos-de-salarios-em-dia-marcam-compromisso-do-governo-leite-com-servidores-e-gestao-fiscal-equilibrada\" target=\"_blank\" rel=\"noopener\"><strong>Edi\u00e7\u00e3o #20: Cinco anos de sal\u00e1rios em dia marcam compromisso do governo Leite com servidores e gest\u00e3o fiscal equilibrada<\/strong><\/a><\/li>\n<\/ul>\n<ul>\n<li><strong><a href=\"https:\/\/www.estado.rs.gov.br\/como-o-programa-pro-esporte-rs-esta-transformando-a-area-e-ajudando-no-surgimento-de-novos-atletas\" target=\"_blank\" rel=\"noopener\">Edi\u00e7\u00e3o #19: Como o Programa Pr\u00f3-Esporte RS est\u00e1 transformando a \u00e1rea e ajudando no surgimento de novos atletas?<\/a><br \/><br \/><\/strong><\/li>\n<li><strong><a href=\"https:\/\/www.estado.rs.gov.br\/por-que-o-governo-do-estado-esta-fazendo-concessoes-de-rodovias-do-chamado-bloco-1\" target=\"_blank\" rel=\"noopener\">Edi\u00e7\u00e3o #18:\u00a0Por que o governo do Estado est\u00e1 fazendo concess\u00f5es de rodovias do chamado Bloco 1?<\/a><br \/><br \/><\/strong><\/li>\n<li><strong><a href=\"https:\/\/www.estado.rs.gov.br\/governo-leite-leva-iniciativas-de-adaptacao-climatica-a-cop30-em-belem-como-o-rs-reforca-protagonismo-global-pelo-clima\" target=\"_blank\" rel=\"noopener\">Edi\u00e7\u00e3o #17:\u00a0Governo Leite leva iniciativas de adapta\u00e7\u00e3o clim\u00e1tica \u00e0 COP30 em Bel\u00e9m. Como o RS refor\u00e7a protagonismo global pelo clima?<br \/><br \/><\/a><\/strong><\/li>\n<li><strong><a href=\"https:\/\/www.estado.rs.gov.br\/o-que-e-o-programa-carretas-do-saber-que-leva-cursos-tecnicos-a-cidades-do-interior-do-rio-grande-do-sul\" target=\"_blank\" rel=\"noopener\">Edi\u00e7\u00e3o #16: O que \u00e9 o Programa Carretas do Saber que leva cursos t\u00e9cnicos a cidades do interior do Rio Grande do Sul?<\/a><\/strong><strong><br \/><br \/><\/strong><\/li>\n<li><a href=\"https:\/\/www.estado.rs.gov.br\/quais-as-principais-vantagens-do-sistema-free-flow-implantado-em-rodovias-do-rio-grande-do-sul\" target=\"_blank\" rel=\"noopener\"><strong>Edi\u00e7\u00e3o #15:\u00a0<\/strong><strong>Quais as principais vantagens do sistema free flow implantado em rodovias do Rio Grande do Sul?<\/strong><strong><br \/><\/strong><\/a><\/li>\n<\/ul>\n<ul>\n<li><strong><a href=\"https:\/\/www.estado.rs.gov.br\/governo-leite-investe-mais-de-r-758-milhoes-na-pavimentacao-de-acessos-municipais-como-isso-afeta-as-comunidades\" target=\"_blank\" rel=\"noopener\">Edi\u00e7\u00e3o #14:\u00a0Governo Leite investe mais de R$ 758 milh\u00f5es na pavimenta\u00e7\u00e3o de acessos municipais. Como isso afeta as comunidades?<\/a><\/strong><\/li>\n<\/ul>\n<ul>\n<li><a href=\"https:\/\/www.estado.rs.gov.br\/como-funciona-a-bonificacao-para-os-profissionais-da-educacao-e-estudantes-da-rede-estadual-do-rio-grande-do-sul\" target=\"_blank\" rel=\"noopener\"><strong>Edi\u00e7\u00e3o #13:\u00a0Como funciona a bonifica\u00e7\u00e3o para os profissionais da educa\u00e7\u00e3o e estudantes da Rede Estadual do Rio Grande do Sul?<br \/><br \/><\/strong><\/a><\/li>\n<li><a href=\"https:\/\/www.estado.rs.gov.br\/como-o-programa-porta-de-entrada-ajudara-familias-com-renda-de-ate-cinco-salarios-minimos-a-realizarem-o-sonho-da-casa-propria\" target=\"_blank\" rel=\"noopener\"><strong>Edi\u00e7\u00e3o #12: Como o programa Porta de Entrada ajudar\u00e1 fam\u00edlias com renda de at\u00e9 cinco sal\u00e1rios m\u00ednimos a realizarem o sonho da casa pr\u00f3pria?<br \/><br \/><\/strong><\/a><\/li>\n<\/ul>\n<ul>\n<li><strong><a href=\"https:\/\/www.estado.rs.gov.br\/como-o-programa-familia-gaucha-ajudara-a-reduzir-vulnerabilidades-sociais-no-estado\" target=\"_blank\" rel=\"noopener\">Edi\u00e7\u00e3o #11: Como o Programa Fam\u00edlia Ga\u00facha ajudar\u00e1 a reduzir vulnerabilidades sociais no Estado?<\/a><br \/><br \/><\/strong><\/li>\n<\/ul>\n<ul>\n<li><a href=\"https:\/\/www.estado.rs.gov.br\/o-que-e-a-campanha-ganha-ganha-farroupilha-que-segue-ate-dia-20-9\" target=\"_blank\" rel=\"noopener\"><strong>Edi\u00e7\u00e3o #10: O que \u00e9 a Campanha Ganha-Ganha Farroupilha, que segue at\u00e9 dia 20\/9?<br \/><br \/><\/strong><\/a><\/li>\n<\/ul>\n<ul>\n<li><strong><a href=\"https:\/\/www.estado.rs.gov.br\/quais-programas-do-governo-do-estado-sao-direcionados-ao-homem-do-campo\" target=\"_blank\" rel=\"noopener\">Edi\u00e7\u00e3o #9: De que forma o governo do Estado fortalece o agroneg\u00f3cio?<br \/><br \/><\/a><\/strong><\/li>\n<\/ul>\n<ul>\n<li><strong><a href=\"https:\/\/www.estado.rs.gov.br\/quais-as-vantagens-para-consumidores-e-lojistas-na-campanha-ganha-ganha-farroupilha\" target=\"_blank\" rel=\"noopener\">Edi\u00e7\u00e3o #8:\u00a0Quais os benef\u00edcios para consumidores e lojistas na Campanha Ganha-Ganha Farroupilha?<br \/><br \/><\/a><\/strong><\/li>\n<\/ul>\n<ul>\n<li><a href=\"https:\/\/estado.rs.gov.br\/qual-a-importancia-da-construcao-das-barragens-dos-arroios-taquarembo-e-jaguari-nas-regioes-de-dom-pedrito-e-de-sao-gabriel\" target=\"_blank\" rel=\"noopener\"><strong>Edi\u00e7\u00e3o #7:\u00a0Qual a import\u00e2ncia da constru\u00e7\u00e3o das barragens dos Arroios Taquaremb\u00f3 e Jaguari nas regi\u00f5es de Dom Pedrito e de S\u00e3o Gabriel?<br \/><\/strong><\/a><\/li>\n<\/ul>\n<ul>\n<li><strong><a href=\"https:\/\/estado.rs.gov.br\/como-o-governo-do-estado-esta-investindo-na-alfabetizacao-das-criancas\">Edi\u00e7\u00e3o #6:\u00a0Como o desassoreamento de c\u00f3rregos e de rios pode prevenir alagamentos e melhorar a vaz\u00e3o?<br \/><br \/><\/a><\/strong><\/li>\n<li><strong><a href=\"https:\/\/estado.rs.gov.br\/como-o-governo-do-estado-esta-investindo-na-alfabetizacao-das-criancas\">Edi\u00e7\u00e3o #5:\u00a0Como o Estado est\u00e1 investindo na alfabetiza\u00e7\u00e3o das crian\u00e7as?<br \/><br \/><\/a><\/strong><\/li>\n<li><strong><a href=\"https:\/\/www.estado.rs.gov.br\/quem-tem-direito-a-receber-precatorios-do-estado-na-9-rodada-de-conciliacao\">Edi\u00e7\u00e3o #4:\u00a0Quem tem direito a receber precat\u00f3rios do Estado na 9\u00aa rodada de concilia\u00e7\u00e3o?<br \/><br \/><\/a><\/strong><\/li>\n<li><a href=\"https:\/\/estado.rs.gov.br\/por-que-o-governo-esta-apoiando-a-prorrogacao-das-dividas-de-credito-rural\"><strong>Edi\u00e7\u00e3o #3: Por que o governo est\u00e1 apoiando a prorroga\u00e7\u00e3o das d\u00edvidas de cr\u00e9dito rural?<br \/><br \/><\/strong><\/a><\/li>\n<li><strong><a href=\"https:\/\/www.estado.rs.gov.br\/o-estado-esta-fazendo-dragagem-no-guaiba\">Edi\u00e7\u00e3o #2: O Estado est\u00e1 fazendo dragagem no Gua\u00edba?<br \/><br \/><\/a><\/strong><\/li>\n<li><strong><a href=\"https:\/\/www.estado.rs.gov.br\/por-que-e-importante-fazer-batimetria-em-rios-e-lagos-como-guaiba\">Edi\u00e7\u00e3o #1: Por que \u00e9 importante fazer batimetria em rios e lagos, como Gua\u00edba?<\/a><\/strong><\/li>\n<\/ul>\n<hr \/>\n<h6><strong>GOV RS | Fonte: Ascom Sehab | Edi\u00e7\u00e3o: Anderson Machado\/Secom | Fotos:Mauricio Tonetto\/Secom\u00a0<\/strong><\/h6>\n\n\n<center><iframe loading=\"lazy\" class=\"jmvplayer\" src=\"https:\/\/player.jmvstream.com\/lvw\/YYGWo5wfZuZ8fEW7Qoq1ISwhLSEDhU\" allowfullscreen allow=\"autoplay; fullscreen\" frameborder=\"0\" width=\"640\" height=\"360\" ><\/iframe><\/center>\n<\/div><\/div>","protected":false},"excerpt":{"rendered":"<p>Explica a\u00ed! \u00e9 uma s\u00e9rie de publica\u00e7\u00f5es que esclarece, de maneira objetiva e direta, as principais iniciativas do governo \u00a0 O governo publica uma s\u00e9rie de conte\u00fados sobre as principais entregas do Estado para a popula\u00e7\u00e3o. Com um material direto, simples e informativo, o Explica a\u00ed! apresenta respostas did\u00e1ticas para que as pessoas possam entender [&hellip;]<\/p>\n","protected":false},"author":4,"featured_media":81790,"comment_status":"open","ping_status":"open","sticky":false,"template":"","format":"standard","meta":{"footnotes":""},"categories":[1],"tags":[],"class_list":["post-81789","post","type-post","status-publish","format-standard","has-post-thumbnail","hentry","category-sem-categoria"],"_links":{"self":[{"href":"http:\/\/sol.fm.br\/radio\/wp-json\/wp\/v2\/posts\/81789","targetHints":{"allow":["GET"]}}],"collection":[{"href":"http:\/\/sol.fm.br\/radio\/wp-json\/wp\/v2\/posts"}],"about":[{"href":"http:\/\/sol.fm.br\/radio\/wp-json\/wp\/v2\/types\/post"}],"author":[{"embeddable":true,"href":"http:\/\/sol.fm.br\/radio\/wp-json\/wp\/v2\/users\/4"}],"replies":[{"embeddable":true,"href":"http:\/\/sol.fm.br\/radio\/wp-json\/wp\/v2\/comments?post=81789"}],"version-history":[{"count":1,"href":"http:\/\/sol.fm.br\/radio\/wp-json\/wp\/v2\/posts\/81789\/revisions"}],"predecessor-version":[{"id":81795,"href":"http:\/\/sol.fm.br\/radio\/wp-json\/wp\/v2\/posts\/81789\/revisions\/81795"}],"wp:featuredmedia":[{"embeddable":true,"href":"http:\/\/sol.fm.br\/radio\/wp-json\/wp\/v2\/media\/81790"}],"wp:attachment":[{"href":"http:\/\/sol.fm.br\/radio\/wp-json\/wp\/v2\/media?parent=81789"}],"wp:term":[{"taxonomy":"category","embeddable":true,"href":"http:\/\/sol.fm.br\/radio\/wp-json\/wp\/v2\/categories?post=81789"},{"taxonomy":"post_tag","embeddable":true,"href":"http:\/\/sol.fm.br\/radio\/wp-json\/wp\/v2\/tags?post=81789"}],"curies":[{"name":"wp","href":"https:\/\/api.w.org\/{rel}","templated":true}]}}