{"id":81806,"date":"2026-01-14T10:39:20","date_gmt":"2026-01-14T13:39:20","guid":{"rendered":"http:\/\/sol.fm.br\/radio\/?p=81806"},"modified":"2026-01-14T10:39:22","modified_gmt":"2026-01-14T13:39:22","slug":"italia-retira-taxa-de-cidadania-para-menores","status":"publish","type":"post","link":"http:\/\/sol.fm.br\/radio\/italia-retira-taxa-de-cidadania-para-menores\/","title":{"rendered":"It\u00e1lia retira taxa de cidadania para menores"},"content":{"rendered":"<div id=\"dslc-theme-content\"><div id=\"dslc-theme-content-inner\"><p style=\"text-align: center;\"><i data-olk-copy-source=\"MessageBody\">Nova lei garante gratuidade nos pedidos e amplia acesso para descendentes em todo o mundo<\/i><\/p>\n<div>\n<p>O governo italiano anunciou uma mudan\u00e7a significativa no processo de reconhecimento da cidadania para menores de idade. Desde 1\u00ba de janeiro de 2026, n\u00e3o h\u00e1 mais cobran\u00e7a da taxa de 250 euros para todos os menores, tanto os nascidos antes quanto depois de 25 de maio de 2025, desde que o pedido seja apresentado a partir de 1\u00ba de janeiro de 2026. N\u00e3o h\u00e1 reembolso para solicita\u00e7\u00f5es feitas antes dessa data, medida que j\u00e1 repercute entre fam\u00edlias brasileiras com ascend\u00eancia italiana.<\/p>\n<p>A decis\u00e3o foi inclu\u00edda na Lei Or\u00e7ament\u00e1ria de 2026 e altera de forma definitiva o procedimento de aquisi\u00e7\u00e3o da cidadania para filhos de cidad\u00e3os italianos por descend\u00eancia. Desta forma, o processo se torna mais acess\u00edvel e inclusivo, ampliando o alcance da cidadania italiana e eliminando d\u00favidas sobre a validade para todas as crian\u00e7as, independentemente da data de nascimento.<\/p>\n<p>Felipe Lemos, Diretor da Rotunno Cidadania, avalia que a medida traz benef\u00edcios pr\u00e1ticos e simb\u00f3licos: \u201c<em>O fim da taxa de 250 euros representa n\u00e3o apenas economia para as fam\u00edlias, mas tamb\u00e9m um reconhecimento da import\u00e2ncia de facilitar o acesso \u00e0 cidadania para os filhos de descendentes italianos\u201d<\/em>.<\/p>\n<p>Ele acrescenta que a decis\u00e3o fortalece o v\u00ednculo cultural entre It\u00e1lia e comunidades de descendentes espalhadas pelo mundo: <em>\u201cEssa mudan\u00e7a aproxima ainda mais os brasileiros de suas ra\u00edzes, permitindo que a cidadania seja transmitida sem barreiras financeiras\u201d.<\/em><\/p>\n<p>A altera\u00e7\u00e3o refor\u00e7a o compromisso do governo italiano em modernizar seus processos e reduzir burocracias. Para especialistas, trata-se de um passo importante na valoriza\u00e7\u00e3o da cidadania como direito e n\u00e3o como privil\u00e9gio. No Brasil, fam\u00edlias que planejavam solicitar a cidadania para seus filhos, agora podem faz\u00ea-lo sem custos adicionais, o que deve aumentar o n\u00famero de pedidos em consulados de cidades como S\u00e3o Paulo, Rio de Janeiro e Curitiba.<\/p>\n<p>O governo refor\u00e7ou que a cidadania para menores \u00e9 um direito garantido e que n\u00e3o deve estar condicionado a taxas administrativas. Essa mudan\u00e7a consolida uma tend\u00eancia de simplifica\u00e7\u00e3o nos processos de cidadania, j\u00e1 observada em outros pa\u00edses europeus. Para Felipe Lemos, o efeito ser\u00e1 duradouro: \u201c<em>Estamos diante de uma conquista que vai beneficiar gera\u00e7\u00f5es. A cidadania italiana para menores agora \u00e9 um direito pleno, sem barreiras financeiras\u201d.<\/em><\/p>\n<hr \/>\n<h6><strong>Ag\u00eancia Alma<\/strong><\/h6>\n<\/div>\n\n\n<center><iframe loading=\"lazy\" class=\"jmvplayer\" src=\"https:\/\/player.jmvstream.com\/lvw\/YYGWo5wfZuZ8fEW7Qoq1ISwhLSEDhU\" allowfullscreen allow=\"autoplay; fullscreen\" frameborder=\"0\" width=\"640\" height=\"360\" ><\/iframe><\/center>\n<\/div><\/div>","protected":false},"excerpt":{"rendered":"<p>Nova lei garante gratuidade nos pedidos e amplia acesso para descendentes em todo o mundo O governo italiano anunciou uma mudan\u00e7a significativa no processo de reconhecimento da cidadania para menores de idade. Desde 1\u00ba de janeiro de 2026, n\u00e3o h\u00e1 mais cobran\u00e7a da taxa de 250 euros para todos os menores, tanto os nascidos antes [&hellip;]<\/p>\n","protected":false},"author":4,"featured_media":81807,"comment_status":"open","ping_status":"open","sticky":false,"template":"","format":"standard","meta":{"footnotes":""},"categories":[1],"tags":[],"class_list":["post-81806","post","type-post","status-publish","format-standard","has-post-thumbnail","hentry","category-sem-categoria"],"_links":{"self":[{"href":"http:\/\/sol.fm.br\/radio\/wp-json\/wp\/v2\/posts\/81806","targetHints":{"allow":["GET"]}}],"collection":[{"href":"http:\/\/sol.fm.br\/radio\/wp-json\/wp\/v2\/posts"}],"about":[{"href":"http:\/\/sol.fm.br\/radio\/wp-json\/wp\/v2\/types\/post"}],"author":[{"embeddable":true,"href":"http:\/\/sol.fm.br\/radio\/wp-json\/wp\/v2\/users\/4"}],"replies":[{"embeddable":true,"href":"http:\/\/sol.fm.br\/radio\/wp-json\/wp\/v2\/comments?post=81806"}],"version-history":[{"count":1,"href":"http:\/\/sol.fm.br\/radio\/wp-json\/wp\/v2\/posts\/81806\/revisions"}],"predecessor-version":[{"id":81808,"href":"http:\/\/sol.fm.br\/radio\/wp-json\/wp\/v2\/posts\/81806\/revisions\/81808"}],"wp:featuredmedia":[{"embeddable":true,"href":"http:\/\/sol.fm.br\/radio\/wp-json\/wp\/v2\/media\/81807"}],"wp:attachment":[{"href":"http:\/\/sol.fm.br\/radio\/wp-json\/wp\/v2\/media?parent=81806"}],"wp:term":[{"taxonomy":"category","embeddable":true,"href":"http:\/\/sol.fm.br\/radio\/wp-json\/wp\/v2\/categories?post=81806"},{"taxonomy":"post_tag","embeddable":true,"href":"http:\/\/sol.fm.br\/radio\/wp-json\/wp\/v2\/tags?post=81806"}],"curies":[{"name":"wp","href":"https:\/\/api.w.org\/{rel}","templated":true}]}}