{"id":81820,"date":"2026-01-14T11:03:28","date_gmt":"2026-01-14T14:03:28","guid":{"rendered":"http:\/\/sol.fm.br\/radio\/?p=81820"},"modified":"2026-01-14T11:03:30","modified_gmt":"2026-01-14T14:03:30","slug":"bndes-disponibiliza-mais-r-153-bilhoes-para-programas-do-plano-safra-2025-26","status":"publish","type":"post","link":"http:\/\/sol.fm.br\/radio\/bndes-disponibiliza-mais-r-153-bilhoes-para-programas-do-plano-safra-2025-26\/","title":{"rendered":"BNDES disponibiliza mais R$ 15,3 bilh\u00f5es para programas do Plano Safra 2025-26"},"content":{"rendered":"<div id=\"dslc-theme-content\"><div id=\"dslc-theme-content-inner\"><p style=\"text-align: center;\"><i data-olk-copy-source=\"MessageBody\">Banco j\u00e1 aprovou R$ 30,8 bilh\u00f5es em cr\u00e9dito no Plano Safra 2025\/26 e no produto BNDES Cr\u00e9dito Rural<\/i><\/p>\n<div>\n<p>O\u00a0Banco Nacional de Desenvolvimento Econ\u00f4mico e Social (BNDES), disponibilizou nesta ter\u00e7a-feira, 13, mais R$ 15,3 bilh\u00f5es para opera\u00e7\u00f5es de cr\u00e9dito rural no \u00e2mbito de programas do Plano Safra 2025-2026. Deste montante, R$ 10,4 bilh\u00f5es ser\u00e3o destinados \u00e0s linhas voltadas para agricultura empresarial e R$ 4,9 bilh\u00f5es para agricultura familiar.<\/p>\n<p>Leia mais na\u00a0Ag\u00eancia BNDES de Not\u00edcias:\u00a0<a title=\"https:\/\/agenciadenoticias.bndes.gov.br\/agro\/BNDES-disponibiliza-mais-R$-153-bilhoes-para-programas-do-Plano-Safra-2025-26\/\" href=\"https:\/\/agenciadenoticias.bndes.gov.br\/agro\/BNDES-disponibiliza-mais-R$-153-bilhoes-para-programas-do-Plano-Safra-2025-26\/\" target=\"_blank\" rel=\"noreferrer noopener\" shape=\"rect\" data-auth=\"NotApplicable\" data-linkindex=\"0\">https:\/\/agenciadenoticias.bndes.gov.br\/agro\/BNDES-disponibiliza-mais-R$-153-bilhoes-para-programas-do-Plano-Safra-2025-26\/<\/a>\u00a0<\/p>\n<hr \/>\n<h6><strong>Imprensa - BNDES<\/strong><\/h6>\n<\/div>\n\n\n<center><iframe loading=\"lazy\" class=\"jmvplayer\" src=\"https:\/\/player.jmvstream.com\/lvw\/YYGWo5wfZuZ8fEW7Qoq1ISwhLSEDhU\" allowfullscreen allow=\"autoplay; fullscreen\" frameborder=\"0\" width=\"640\" height=\"360\" ><\/iframe><\/center>\n<\/div><\/div>","protected":false},"excerpt":{"rendered":"<p>Banco j\u00e1 aprovou R$ 30,8 bilh\u00f5es em cr\u00e9dito no Plano Safra 2025\/26 e no produto BNDES Cr\u00e9dito Rural O\u00a0Banco Nacional de Desenvolvimento Econ\u00f4mico e Social (BNDES), disponibilizou nesta ter\u00e7a-feira, 13, mais R$ 15,3 bilh\u00f5es para opera\u00e7\u00f5es de cr\u00e9dito rural no \u00e2mbito de programas do Plano Safra 2025-2026. Deste montante, R$ 10,4 bilh\u00f5es ser\u00e3o destinados \u00e0s [&hellip;]<\/p>\n","protected":false},"author":4,"featured_media":81821,"comment_status":"open","ping_status":"open","sticky":false,"template":"","format":"standard","meta":{"footnotes":""},"categories":[1],"tags":[],"class_list":["post-81820","post","type-post","status-publish","format-standard","has-post-thumbnail","hentry","category-sem-categoria"],"_links":{"self":[{"href":"http:\/\/sol.fm.br\/radio\/wp-json\/wp\/v2\/posts\/81820","targetHints":{"allow":["GET"]}}],"collection":[{"href":"http:\/\/sol.fm.br\/radio\/wp-json\/wp\/v2\/posts"}],"about":[{"href":"http:\/\/sol.fm.br\/radio\/wp-json\/wp\/v2\/types\/post"}],"author":[{"embeddable":true,"href":"http:\/\/sol.fm.br\/radio\/wp-json\/wp\/v2\/users\/4"}],"replies":[{"embeddable":true,"href":"http:\/\/sol.fm.br\/radio\/wp-json\/wp\/v2\/comments?post=81820"}],"version-history":[{"count":1,"href":"http:\/\/sol.fm.br\/radio\/wp-json\/wp\/v2\/posts\/81820\/revisions"}],"predecessor-version":[{"id":81822,"href":"http:\/\/sol.fm.br\/radio\/wp-json\/wp\/v2\/posts\/81820\/revisions\/81822"}],"wp:featuredmedia":[{"embeddable":true,"href":"http:\/\/sol.fm.br\/radio\/wp-json\/wp\/v2\/media\/81821"}],"wp:attachment":[{"href":"http:\/\/sol.fm.br\/radio\/wp-json\/wp\/v2\/media?parent=81820"}],"wp:term":[{"taxonomy":"category","embeddable":true,"href":"http:\/\/sol.fm.br\/radio\/wp-json\/wp\/v2\/categories?post=81820"},{"taxonomy":"post_tag","embeddable":true,"href":"http:\/\/sol.fm.br\/radio\/wp-json\/wp\/v2\/tags?post=81820"}],"curies":[{"name":"wp","href":"https:\/\/api.w.org\/{rel}","templated":true}]}}