{"id":81841,"date":"2026-01-15T11:42:56","date_gmt":"2026-01-15T14:42:56","guid":{"rendered":"http:\/\/sol.fm.br\/radio\/?p=81841"},"modified":"2026-01-15T11:42:58","modified_gmt":"2026-01-15T14:42:58","slug":"governo-do-estado-valoriza-artistas-das-regioes-litoraneas-na-programacao-musical-da-operacao-verao-total-que-comeca-sexta-16","status":"publish","type":"post","link":"http:\/\/sol.fm.br\/radio\/governo-do-estado-valoriza-artistas-das-regioes-litoraneas-na-programacao-musical-da-operacao-verao-total-que-comeca-sexta-16\/","title":{"rendered":"Governo do Estado valoriza artistas das regi\u00f5es litor\u00e2neas na programa\u00e7\u00e3o musical da Opera\u00e7\u00e3o Ver\u00e3o Total, que come\u00e7a sexta (16)"},"content":{"rendered":"<div id=\"dslc-theme-content\"><div id=\"dslc-theme-content-inner\"><p class=\"artigo__subtitulo\" style=\"text-align: center;\"><em>Atra\u00e7\u00f5es musicais gratuitas promovem a cultura praieira na terceira edi\u00e7\u00e3o do projeto Gira Musical<\/em><\/p>\n<p>Integrando a Opera\u00e7\u00e3o Ver\u00e3o Total, iniciativa do governo do Estado, a Secretaria da Cultura (Sedac), por meio do Instituto Estadual de M\u00fasica (IEM), d\u00e1 in\u00edcio nesta sexta-feira (16\/1) \u00e0 programa\u00e7\u00e3o da terceira edi\u00e7\u00e3o do projeto Gira Musical, nas regi\u00f5es do Litoral Norte e Sul do Rio Grande do Sul. As apresenta\u00e7\u00f5es, sempre \u00e0s 18h, ocorrem em Atl\u00e2ntida Sul, Balne\u00e1rio Pinhal, Cap\u00e3o da Canoa, Cassino, Cidreira, Imb\u00e9, Maquin\u00e9, Torres e Tramanda\u00ed, valorizando artistas locais e a diversidade da cultura praieira.<\/p>\n<p>A iniciativa leva shows gratuitos, cinema e conta\u00e7\u00e3o de hist\u00f3rias para as regi\u00f5es litor\u00e2neas ga\u00fachas durante os meses de janeiro e fevereiro, descentralizando o acesso \u00e0 arte e promovendo talentos da m\u00fasica ga\u00facha nos principais balne\u00e1rios e pontos tur\u00edsticos do Estado. A Gira Musical 2026 traz a valoriza\u00e7\u00e3o do artista, dos espa\u00e7os de cultura da beira da praia e promove um interc\u00e2mbio entre a cultura praieira e o p\u00fablico que visita a regi\u00e3o durante o veraneio. \u201c<em>A cultura do litoral \u00e9 extremamente rica e faz parte do desenvolvimento art\u00edstico e econ\u00f4mico do Estado\u201d<\/em>, avalia a diretora do IEM, Adriana Sperandir, que acrescenta: \u201c<em>Venham conhecer o litoral por sua gente, por sua arte e sua cultura\u201d<\/em>, refor\u00e7ando o convite.<\/p>\n<p><img loading=\"lazy\" decoding=\"async\" class=\"size-medium wp-image-81843 alignright\" src=\"http:\/\/sol.fm.br\/radio\/wp-content\/uploads\/2026\/01\/1.1-1-400x225.jpg\" alt=\"\" width=\"400\" height=\"225\" srcset=\"http:\/\/sol.fm.br\/radio\/wp-content\/uploads\/2026\/01\/1.1-1-400x225.jpg 400w, http:\/\/sol.fm.br\/radio\/wp-content\/uploads\/2026\/01\/1.1-1.jpg 608w\" sizes=\"auto, (max-width: 400px) 100vw, 400px\" \/><\/p>\n<p>Institu\u00edda por decreto, a Opera\u00e7\u00e3o Ver\u00e3o Total \u00e9 uma a\u00e7\u00e3o transversal que mobiliza 39 \u00f3rg\u00e3os estaduais para garantir servi\u00e7os e bem-estar aos veranistas. No eixo cultural, o foco \u00e9 a valoriza\u00e7\u00e3o dos destinos de ver\u00e3o e o entretenimento de qualidade para quem circula pelas praias e lagoas ga\u00fachas.<\/p>\n<p><strong>Destaques da programa\u00e7\u00e3o<\/strong><\/p>\n<p>A agenda de janeiro come\u00e7a com uma sess\u00e3o de cinema e show de Loma Pereira, em Tramanda\u00ed, e segue na Feira do Livro de Atl\u00e2ntida Sul, onde a atra\u00e7\u00e3o musical \u00e9 o Grupo Ch\u00e3o de Areia. A programa\u00e7\u00e3o de janeiro tamb\u00e9m prev\u00ea interven\u00e7\u00f5es art\u00edsticas e oficinas do Grupo Galp\u00e3o das Artes, em Cap\u00e3o da Canoa.<\/p>\n<p>Em fevereiro, o cronograma se intensifica contemplando o Litoral Sul, com a apresenta\u00e7\u00e3o de Kako Xavier e a Tamborada na Praia do Cassino. Na sequ\u00eancia, Atl\u00e2ntida Sul e Mari\u00e1polis sediam as hist\u00f3rias musicadas, com Marco Ara\u00fajo e Rosane Castro, enquanto Gisely Frufreck e Forr\u00f3 da Lua se apresentam em Torres e Cidreira recebe o show O Boizinho da Praia. O projeto Gira Musical conta, ainda, com apresenta\u00e7\u00f5es de Analise Severo, em Balne\u00e1rio Pinhal, Samuca do Acordeon, em Imb\u00e9, e M\u00e1rcia Freitas, no Balne\u00e1rio de Maquin\u00e9.<\/p>\n<h2>Cronograma<\/h2>\n<p>As atividades iniciando sempre \u00e0s 18h:<\/p>\n<h3><strong>Janeiro<\/strong><\/h3>\n<ul>\n<li><strong>Sexta-feira, 16\/1<br \/><br \/><\/strong>\n<ul>\n<li><strong>Tramanda\u00ed<br \/><br \/><\/strong>\n<ul>\n<li>Exibi\u00e7\u00e3o do document\u00e1rio Tribo Ma\u00e7ambiqueira \u2013 20 anos<\/li>\n<li>Show: Loma Pereira<br \/><br \/><\/li>\n<li><strong>Local:<\/strong>\u00a0Casa ColArte, Tramanda\u00ed<br \/><br \/><br \/><\/li>\n<\/ul>\n<\/li>\n<\/ul>\n<\/li>\n<li><strong>Sexta-feira, 30\/1<\/strong>\u00a0<br \/><br \/>\n<ul>\n<li><strong>Atl\u00e2ntida Sul<br \/><br \/><\/strong>\n<ul>\n<li>Show: Grupo Ch\u00e3o de Areia<br \/><br \/><\/li>\n<li><strong>Local:<\/strong>\u00a0Pra\u00e7a da Integra\u00e7\u00e3o da Feira do Livro de\u00a0Atl\u00e2ntida Sul<\/li>\n<\/ul>\n<\/li>\n<\/ul>\n<\/li>\n<\/ul>\n<ul>\n<li><strong>S\u00e1bado, 31\/1<br \/><br \/><\/strong>\n<ul>\n<li><strong>Cap\u00e3o da Canoa<br \/><br \/><\/strong>\n<ul>\n<li>Interven\u00e7\u00e3o art\u00edstica e oficinas<\/li>\n<li>Show: Grupo Galp\u00e3o das Artes<br \/><br \/><\/li>\n<li><strong>Local:<\/strong>\u00a0Casa de Cultura \u00c9rico Ver\u00edssimo, Cap\u00e3o da Canoa<br \/><br \/><\/li>\n<\/ul>\n<\/li>\n<\/ul>\n<\/li>\n<\/ul>\n<h3>Fevereiro<\/h3>\n<ul>\n<li><strong>S\u00e1bado, 7\/2<\/strong>\u00a0<br \/><br \/>\n<ul>\n<li><strong>Praia do Cassino<br \/><br \/><\/strong>\n<ul>\n<li>Show: Kako Xavier e a Tamborada<br \/><br \/><\/li>\n<li><strong>Local:<\/strong>\u00a0Avenida Beira-Mar, Praia do Cassino<br \/><br \/><br \/><\/li>\n<\/ul>\n<\/li>\n<\/ul>\n<\/li>\n<li><strong>Domingo, 8\/2<br \/><br \/><\/strong>\n<ul>\n<li><strong>Atl\u00e2ntida Sul e Mari\u00e1polis<br \/><br \/><\/strong>\n<ul>\n<li>Hist\u00f3rias musicadas, com Marco Ara\u00fajo e Rosane Castro<br \/><br \/><\/li>\n<li><strong>Local:\u00a0<\/strong>Beira-Mar \u2013 Quiosque da Cultura, Atl\u00e2ntida Sul e Mari\u00e1polis\u00a0<br \/><br \/><\/li>\n<\/ul>\n<\/li>\n<\/ul>\n<\/li>\n<li><strong>Quinta-feira, 12\/2<br \/><br \/><\/strong>\n<ul>\n<li><strong>Torres<br \/><br \/><\/strong>\n<ul>\n<li>Show: Gisely Frufreck e Forr\u00f3 da Lua<br \/><br \/><\/li>\n<li><strong>Local:<\/strong>\u00a0Pra\u00e7a XV, Torres\u00a0<br \/><br \/><\/li>\n<\/ul>\n<\/li>\n<\/ul>\n<\/li>\n<li><strong>S\u00e1bado, 14\/2<br \/><br \/><\/strong>\n<ul>\n<li><strong>Cidreira<br \/><br \/><\/strong>\n<ul>\n<li>Show: O Boizinho da Praia<br \/><br \/><\/li>\n<li><strong>Local:<\/strong>\u00a0Ponto de Cultura Flor da Areia, Cidreira<br \/><br \/><\/li>\n<\/ul>\n<\/li>\n<\/ul>\n<\/li>\n<li><strong>Domingo, 22\/2<br \/><br \/><\/strong>\n<ul>\n<li><strong>Balne\u00e1rio Pinhal<br \/><br \/><\/strong>\n<ul>\n<li>Show: An\u00e1lise Severo<br \/><br \/><\/li>\n<li><strong>Local:<\/strong>\u00a0Balne\u00e1rio Pinhal<br \/><br \/><\/li>\n<\/ul>\n<\/li>\n<\/ul>\n<\/li>\n<li><strong>Ter\u00e7a-feira, 24\/2<br \/><br \/><\/strong>\n<ul>\n<li><strong>Imb\u00e9<br \/><br \/><\/strong>\n<ul>\n<li>Show: Samuca do Acordeon<br \/><br \/><\/li>\n<li><strong>Local:<\/strong>\u00a0Espa\u00e7o Cultural Castelinho, Imb\u00e9<br \/><br \/><\/li>\n<\/ul>\n<\/li>\n<\/ul>\n<\/li>\n<li><strong>S\u00e1bado, 28\/2<\/strong>\u00a0<br \/><br \/>\n<ul>\n<li><strong>Balne\u00e1rio de Maquin\u00e9<br \/><br \/><\/strong>\n<ul>\n<li>Show: M\u00e1rcia Freitas<br \/><br \/><\/li>\n<li><strong>Local:<\/strong>\u00a0Prainha, Balne\u00e1rio de Maquin\u00e9<\/li>\n<\/ul>\n<\/li>\n<\/ul>\n<\/li>\n<\/ul>\n<hr \/>\n<h6><strong>GOV RS | Texto: Ascom Sedac | Edi\u00e7\u00e3o: Secom | Fotos: Ascom SEL e capa: Divulga\u00e7\u00e3o Loma Pinheiro<\/strong><\/h6>\n\n\n<center><iframe loading=\"lazy\" class=\"jmvplayer\" src=\"https:\/\/player.jmvstream.com\/lvw\/YYGWo5wfZuZ8fEW7Qoq1ISwhLSEDhU\" allowfullscreen allow=\"autoplay; fullscreen\" frameborder=\"0\" width=\"640\" height=\"360\" ><\/iframe><\/center>\n<\/div><\/div>","protected":false},"excerpt":{"rendered":"<p>Atra\u00e7\u00f5es musicais gratuitas promovem a cultura praieira na terceira edi\u00e7\u00e3o do projeto Gira Musical Integrando a Opera\u00e7\u00e3o Ver\u00e3o Total, iniciativa do governo do Estado, a Secretaria da Cultura (Sedac), por meio do Instituto Estadual de M\u00fasica (IEM), d\u00e1 in\u00edcio nesta sexta-feira (16\/1) \u00e0 programa\u00e7\u00e3o da terceira edi\u00e7\u00e3o do projeto Gira Musical, nas regi\u00f5es do Litoral [&hellip;]<\/p>\n","protected":false},"author":4,"featured_media":81842,"comment_status":"open","ping_status":"open","sticky":false,"template":"","format":"standard","meta":{"footnotes":""},"categories":[1],"tags":[],"class_list":["post-81841","post","type-post","status-publish","format-standard","has-post-thumbnail","hentry","category-sem-categoria"],"_links":{"self":[{"href":"http:\/\/sol.fm.br\/radio\/wp-json\/wp\/v2\/posts\/81841","targetHints":{"allow":["GET"]}}],"collection":[{"href":"http:\/\/sol.fm.br\/radio\/wp-json\/wp\/v2\/posts"}],"about":[{"href":"http:\/\/sol.fm.br\/radio\/wp-json\/wp\/v2\/types\/post"}],"author":[{"embeddable":true,"href":"http:\/\/sol.fm.br\/radio\/wp-json\/wp\/v2\/users\/4"}],"replies":[{"embeddable":true,"href":"http:\/\/sol.fm.br\/radio\/wp-json\/wp\/v2\/comments?post=81841"}],"version-history":[{"count":1,"href":"http:\/\/sol.fm.br\/radio\/wp-json\/wp\/v2\/posts\/81841\/revisions"}],"predecessor-version":[{"id":81844,"href":"http:\/\/sol.fm.br\/radio\/wp-json\/wp\/v2\/posts\/81841\/revisions\/81844"}],"wp:featuredmedia":[{"embeddable":true,"href":"http:\/\/sol.fm.br\/radio\/wp-json\/wp\/v2\/media\/81842"}],"wp:attachment":[{"href":"http:\/\/sol.fm.br\/radio\/wp-json\/wp\/v2\/media?parent=81841"}],"wp:term":[{"taxonomy":"category","embeddable":true,"href":"http:\/\/sol.fm.br\/radio\/wp-json\/wp\/v2\/categories?post=81841"},{"taxonomy":"post_tag","embeddable":true,"href":"http:\/\/sol.fm.br\/radio\/wp-json\/wp\/v2\/tags?post=81841"}],"curies":[{"name":"wp","href":"https:\/\/api.w.org\/{rel}","templated":true}]}}