{"id":81845,"date":"2026-01-15T11:53:36","date_gmt":"2026-01-15T14:53:36","guid":{"rendered":"http:\/\/sol.fm.br\/radio\/?p=81845"},"modified":"2026-01-15T11:53:40","modified_gmt":"2026-01-15T14:53:40","slug":"unidade-de-pesquisa-na-cidade-do-agro-vai-impactar-mais-de-7-mil-estudantes","status":"publish","type":"post","link":"http:\/\/sol.fm.br\/radio\/unidade-de-pesquisa-na-cidade-do-agro-vai-impactar-mais-de-7-mil-estudantes\/","title":{"rendered":"Unidade de pesquisa na Cidade do Agro vai impactar mais de 7 mil estudantes"},"content":{"rendered":"<div id=\"dslc-theme-content\"><div id=\"dslc-theme-content-inner\"><p style=\"text-align: center;\"><i data-olk-copy-source=\"MessageBody\">Iniciativa da Agronelli, em parceria com a Uniube, refor\u00e7a a integra\u00e7\u00e3o entre ci\u00eancia e agroneg\u00f3cio e amplia a gera\u00e7\u00e3o de conhecimento aplicado ao campo<\/i><\/p>\n<div>\n<p>O Grupo Agronelli d\u00e1 mais um passo em sua trajet\u00f3ria de incentivo \u00e0 inova\u00e7\u00e3o e \u00e0 sustentabilidade no agroneg\u00f3cio com a cria\u00e7\u00e3o da Unidade de Pesquisa, Inova\u00e7\u00e3o e Difus\u00e3o Tecnol\u00f3gica na Cidade do Agro da Universidade de Uberaba (Uniube). Fruto de uma parceria firmada entre a empresa e a universidade, a iniciativa vai impactar diretamente mais de 7,4 mil estudantes por ano, al\u00e9m de produtores e t\u00e9cnicos que participar\u00e3o de atividades de campo, workshops e programas de capacita\u00e7\u00e3o voltados \u00e0 agricultura sustent\u00e1vel.<\/p>\n<p>Para o gerente de Pesquisa e Desenvolvimento de Mercado da Agronelli Solu\u00e7\u00f5es, Maur\u00edcio Komori, a Cidade do Agro re\u00fane as condi\u00e7\u00f5es ideais para transformar pesquisa cient\u00edfica em solu\u00e7\u00f5es pr\u00e1ticas para o setor. \u201c<em>Queremos aproximar a ci\u00eancia do dia a dia do campo, acelerando o desenvolvimento de tecnologias e aprimorando decis\u00f5es de manejo com base em dados e evid\u00eancias. A Cidade do Agro proporciona exatamente esse ecossistema de colabora\u00e7\u00e3o entre universidade, empresa e produtores\u201d,<\/em> explica.<\/p>\n<p>A nova unidade consolida uma parceria j\u00e1 existente entre a Agronelli e a Uniube em projetos acad\u00eamicos e experimentais. Agora em um espa\u00e7o f\u00edsico dedicado \u00e0 integra\u00e7\u00e3o entre ensino, pesquisa e inova\u00e7\u00e3o, o objetivo \u00e9 ampliar o alcance das iniciativas conjuntas e fortalecer o v\u00ednculo entre teoria e pr\u00e1tica.<\/p>\n<p>As primeiras linhas de pesquisa desenvolvidas incluem estudos sobre perfil e sa\u00fade do solo, efici\u00eancia agron\u00f4mica do gesso agr\u00edcola em citrus e caf\u00e9 e modelos de recomenda\u00e7\u00e3o t\u00e9cnica baseados em dados experimentais. Os resultados servir\u00e3o de base tanto para o avan\u00e7o cient\u00edfico quanto para a aplica\u00e7\u00e3o pr\u00e1tica em campo. \u201c<em>O conhecimento detalhado do solo permite manejos mais precisos, evita desperd\u00edcios e aumenta a produtividade com efici\u00eancia ambiental e econ\u00f4mica<\/em>\u201d, refor\u00e7a Komori.<\/p>\n<p>Al\u00e9m da gera\u00e7\u00e3o de conhecimento, o espa\u00e7o funcionar\u00e1 como laborat\u00f3rio vivo para os alunos de Agronomia da Uniube, que poder\u00e3o acompanhar experimentos, manejo de solo e projetos de inova\u00e7\u00e3o, vivenciando a rotina de pesquisa e pr\u00e1ticas em campo. A iniciativa tamb\u00e9m prev\u00ea a publica\u00e7\u00e3o de boletins t\u00e9cnicos, materiais digitais e a\u00e7\u00f5es de extens\u00e3o universit\u00e1ria, ampliando o alcance do conhecimento gerado.<\/p>\n<p>Para Komori, a parceria simboliza um novo momento de integra\u00e7\u00e3o entre universidade e agroneg\u00f3cio. <em>\u201cDesenvolver ci\u00eancia aplicada dentro de um ambiente acad\u00eamico garante credibilidade e acelera a transfer\u00eancia de tecnologia. Nosso compromisso \u00e9 contribuir para o avan\u00e7o do agro regional e nacional, com foco em produtividade, sustentabilidade e forma\u00e7\u00e3o de profissionais preparados para os desafios do futuro<\/em>\u201d, finaliza.<\/p>\n<p><img loading=\"lazy\" decoding=\"async\" class=\"alignnone size-medium wp-image-81847 aligncenter\" src=\"http:\/\/sol.fm.br\/radio\/wp-content\/uploads\/2026\/01\/21-2-400x300.jpg\" alt=\"\" width=\"400\" height=\"300\" srcset=\"http:\/\/sol.fm.br\/radio\/wp-content\/uploads\/2026\/01\/21-2-400x300.jpg 400w, http:\/\/sol.fm.br\/radio\/wp-content\/uploads\/2026\/01\/21-2-768x576.jpg 768w, http:\/\/sol.fm.br\/radio\/wp-content\/uploads\/2026\/01\/21-2.jpg 1280w\" sizes=\"auto, (max-width: 400px) 100vw, 400px\" \/><\/p>\n<p><strong>Sobre o Grupo Agronelli\u00a0<\/strong>\u00a0<\/p>\n<p>O Grupo Agronelli \u00e9 um conglomerado de empresas brasileiras com atua\u00e7\u00e3o diversificada e forte compromisso com o desenvolvimento sustent\u00e1vel e a inova\u00e7\u00e3o no setor agr\u00edcola e agroindustrial. Fundado com a miss\u00e3o de transformar o mundo ao seu redor, por meio de pr\u00e1ticas respons\u00e1veis e solu\u00e7\u00f5es eficientes, o grupo se destaca por seu impacto positivo na produtividade e na sustentabilidade do setor. Com empresas especializadas que oferecem desde tecnologias de manejo ambiental at\u00e9 solu\u00e7\u00f5es em insumos agr\u00edcolas e consultoria t\u00e9cnica, o Grupo Agronelli consolida-se como um parceiro estrat\u00e9gico para o desenvolvimento econ\u00f4mico e social das regi\u00f5es onde atua. Engloba as empresas: Agronelli Solu\u00e7\u00f5es, que desenvolve e fornece condicionadores, corretivos e fertilizantes de solo; Porto Real, f\u00e1brica de bebidas; Nobre, voltada \u00e0 capta\u00e7\u00e3o, envase e comercializa\u00e7\u00e3o de \u00e1gua mineral; Nelltech, voltada para solu\u00e7\u00f5es em tecnologia da informa\u00e7\u00e3o, otimiza\u00e7\u00e3o de sistemas e processos; e Agronelli Fazendas, um complexo com nove fazendas destinadas \u00e0 pecu\u00e1ria de leite e de corte, agricultura e desenvolvimento de solu\u00e7\u00f5es sustent\u00e1veis no campo. Al\u00e9m disso, o Instituto Agronelli de Desenvolvimento Social atua no desenvolvimento e execu\u00e7\u00e3o de projetos voltados \u00e0 educa\u00e7\u00e3o e ao desenvolvimento socioambiental.<\/p>\n<hr \/>\n<h6><strong>Attuale Comunica\u00e7\u00e3o | Fotos: Divulga\u00e7\u00e3o Agronelli<\/strong><\/h6>\n<\/div>\n\n\n<center><iframe loading=\"lazy\" class=\"jmvplayer\" src=\"https:\/\/player.jmvstream.com\/lvw\/YYGWo5wfZuZ8fEW7Qoq1ISwhLSEDhU\" allowfullscreen allow=\"autoplay; fullscreen\" frameborder=\"0\" width=\"640\" height=\"360\" ><\/iframe><\/center>\n<\/div><\/div>","protected":false},"excerpt":{"rendered":"<p>Iniciativa da Agronelli, em parceria com a Uniube, refor\u00e7a a integra\u00e7\u00e3o entre ci\u00eancia e agroneg\u00f3cio e amplia a gera\u00e7\u00e3o de conhecimento aplicado ao campo O Grupo Agronelli d\u00e1 mais um passo em sua trajet\u00f3ria de incentivo \u00e0 inova\u00e7\u00e3o e \u00e0 sustentabilidade no agroneg\u00f3cio com a cria\u00e7\u00e3o da Unidade de Pesquisa, Inova\u00e7\u00e3o e Difus\u00e3o Tecnol\u00f3gica na [&hellip;]<\/p>\n","protected":false},"author":4,"featured_media":81846,"comment_status":"open","ping_status":"open","sticky":false,"template":"","format":"standard","meta":{"footnotes":""},"categories":[1],"tags":[],"class_list":["post-81845","post","type-post","status-publish","format-standard","has-post-thumbnail","hentry","category-sem-categoria"],"_links":{"self":[{"href":"http:\/\/sol.fm.br\/radio\/wp-json\/wp\/v2\/posts\/81845","targetHints":{"allow":["GET"]}}],"collection":[{"href":"http:\/\/sol.fm.br\/radio\/wp-json\/wp\/v2\/posts"}],"about":[{"href":"http:\/\/sol.fm.br\/radio\/wp-json\/wp\/v2\/types\/post"}],"author":[{"embeddable":true,"href":"http:\/\/sol.fm.br\/radio\/wp-json\/wp\/v2\/users\/4"}],"replies":[{"embeddable":true,"href":"http:\/\/sol.fm.br\/radio\/wp-json\/wp\/v2\/comments?post=81845"}],"version-history":[{"count":1,"href":"http:\/\/sol.fm.br\/radio\/wp-json\/wp\/v2\/posts\/81845\/revisions"}],"predecessor-version":[{"id":81848,"href":"http:\/\/sol.fm.br\/radio\/wp-json\/wp\/v2\/posts\/81845\/revisions\/81848"}],"wp:featuredmedia":[{"embeddable":true,"href":"http:\/\/sol.fm.br\/radio\/wp-json\/wp\/v2\/media\/81846"}],"wp:attachment":[{"href":"http:\/\/sol.fm.br\/radio\/wp-json\/wp\/v2\/media?parent=81845"}],"wp:term":[{"taxonomy":"category","embeddable":true,"href":"http:\/\/sol.fm.br\/radio\/wp-json\/wp\/v2\/categories?post=81845"},{"taxonomy":"post_tag","embeddable":true,"href":"http:\/\/sol.fm.br\/radio\/wp-json\/wp\/v2\/tags?post=81845"}],"curies":[{"name":"wp","href":"https:\/\/api.w.org\/{rel}","templated":true}]}}