{"id":81849,"date":"2026-01-15T12:00:57","date_gmt":"2026-01-15T15:00:57","guid":{"rendered":"http:\/\/sol.fm.br\/radio\/?p=81849"},"modified":"2026-01-15T12:00:59","modified_gmt":"2026-01-15T15:00:59","slug":"eduardo-leite-assina-contratos-com-21-municipios-contemplados-na-primeira-etapa-do-programa-avancar-mais-cidades","status":"publish","type":"post","link":"http:\/\/sol.fm.br\/radio\/eduardo-leite-assina-contratos-com-21-municipios-contemplados-na-primeira-etapa-do-programa-avancar-mais-cidades\/","title":{"rendered":"Eduardo Leite assina contratos com 21 munic\u00edpios contemplados na primeira etapa do Programa Avan\u00e7ar Mais Cidades"},"content":{"rendered":"<div id=\"dslc-theme-content\"><div id=\"dslc-theme-content-inner\"><p class=\"artigo__subtitulo\" style=\"text-align: center;\"><em>S\u00e3o quase R$ 100 milh\u00f5es para compra de equipamentos, ve\u00edculos e im\u00f3veis, al\u00e9m de obras de pavimenta\u00e7\u00e3o e reformas estruturantes<\/em><\/p>\n<p>O governador Eduardo Leite assinou, nesta quarta-feira (14\/1), os contratos com 21 prefeituras contempladas na primeira etapa do Programa Avan\u00e7ar Mais Cidades - Linha de Cr\u00e9dito. Os projetos aprovados totalizam quase R$ 100 milh\u00f5es em recursos financiados que ser\u00e3o utilizados para aquisi\u00e7\u00e3o de equipamentos, ve\u00edculos e im\u00f3veis, al\u00e9m de obras de pavimenta\u00e7\u00e3o e reformas de estruturas municipais.\u00a0<\/p>\n<p>As cidades beneficiadas nesta primeira fase s\u00e3o Ametista do Sul, Candel\u00e1ria, Cerro Grande, Santa B\u00e1rbara do Sul, Imb\u00e9, Cristal do Sul, Brochier, Santa Maria, S\u00e3o Borja, Novo Barreiro, Cruz Alta, Quara\u00ed, Glorinha, Guarani das Miss\u00f5es, Gramado dos Loureiros, Jaguari, Pont\u00e3o, Paverama, Nova Boa Vista, Salto do Jacu\u00ed e Herveiras.<\/p>\n<ul>\n<li><strong><a href=\"https:\/\/www.estado.rs.gov.br\/governo-leite-investe-r-30-milhoes-em-novas-obras-em-escolas-da-rede-estadual\" target=\"_blank\" rel=\"noopener\">Governo Leite investe R$ 30 milh\u00f5es em novas obras em escolas da Rede Estadual<\/a><\/strong><\/li>\n<\/ul>\n<p>O governador disse que esse tipo de programa reflete um novo momento do Estado, constru\u00eddo a partir do equil\u00edbrio das contas. <em>\u201cQuando colocamos as contas do Estado em ordem, abrimos v\u00e1rios programas para apoiar munic\u00edpios em todas as frentes com recursos a fundo perdido do Tesouro do Estado. E agora temos mais essa a\u00e7\u00e3o, que \u00e9 uma linha de cr\u00e9dito com condi\u00e7\u00f5es especiais para viabilizar aquilo que for prioridade para o munic\u00edpio, que conecte-se ao seu desenvolvimento e que de fato beneficie suas comunidades<\/em>\u201d, enfatizou Leite.\u00a0<\/p>\n<p>A iniciativa, que oferece condi\u00e7\u00f5es facilitadas, foi elaborada pela Secretaria\u00a0Extraordin\u00e1ria de Rela\u00e7\u00f5es Institucionais (Seri) e\u00a0Secretaria da Fazenda (Sefaz), com a contribui\u00e7\u00e3o das pastas de Desenvolvimento Econ\u00f4mico (Sedec) e da Casa Civil. Com diferencial frente a outras opera\u00e7\u00f5es dispon\u00edveis no mercado, como custos reduzidos, presta\u00e7\u00e3o de contas simplificada, velocidade de aprova\u00e7\u00e3o e liberdade para defini\u00e7\u00e3o dos projetos, o programa mobilizou prefeitos e prefeitas de todas as regi\u00f5es do Rio Grande do Sul.<\/p>\n<p><img loading=\"lazy\" decoding=\"async\" class=\"alignnone size-medium wp-image-81851 aligncenter\" src=\"http:\/\/sol.fm.br\/radio\/wp-content\/uploads\/2026\/01\/31-400x267.jpg\" alt=\"\" width=\"400\" height=\"267\" srcset=\"http:\/\/sol.fm.br\/radio\/wp-content\/uploads\/2026\/01\/31-400x267.jpg 400w, http:\/\/sol.fm.br\/radio\/wp-content\/uploads\/2026\/01\/31-768x512.jpg 768w, http:\/\/sol.fm.br\/radio\/wp-content\/uploads\/2026\/01\/31-600x400.jpg 600w, http:\/\/sol.fm.br\/radio\/wp-content\/uploads\/2026\/01\/31.jpg 945w\" sizes=\"auto, (max-width: 400px) 100vw, 400px\" \/><\/p>\n<p><em>\u201cO programa foi lan\u00e7ado em outubro e em tr\u00eas meses j\u00e1 conseguimos liberar os primeiros R$ 100 milh\u00f5es via Badesul para 21 munic\u00edpios, mostrando a import\u00e2ncia desse projeto. O grande diferencial deste programa \u00e9 que ele d\u00e1 liberdade para os munic\u00edpios elencarem suas prioridades e trazerem suas propostas para obter recursos. Ningu\u00e9m conhece mais as necessidades de um munic\u00edpio do que o seu gestor e a comunidade local<\/em>\u201d, disse a secret\u00e1ria de Rela\u00e7\u00f5es Institucionais, Paulo Mascarenhas.<\/p>\n<p>Com limite de R$ 10 milh\u00f5es para cada cidade, a linha tem car\u00eancia de at\u00e9 tr\u00eas anos e prazo de pagamento de at\u00e9 15 anos. A taxa de juros \u00e9 Selic mais 3,5% ao ano, com garantia pela cota-parte dos munic\u00edpios no ICMS e na participa\u00e7\u00e3o no Fundo de Participa\u00e7\u00e3o dos Munic\u00edpios (FPM). A fase inicial do Avan\u00e7ar Mais Cidades foi administrada pelo Badesul.<\/p>\n<p><strong>Mais investimentos<\/strong><\/p>\n<p>A segunda etapa, que ser\u00e1 operacionalizada neste ano pelo Banrisul e Banco Regional de Desenvolvimento do Extremo Sul (BRDE), ter\u00e1 o investimento de R$ 200 milh\u00f5es. O montante foi repassado pela Caixa de Administra\u00e7\u00e3o da D\u00edvida P\u00fablica Estadual (Cadip), entidade vinculada \u00e0 Secretaria da Fazenda (Sefaz).<\/p>\n<p>\u201c<em>O Avan\u00e7ar Mais Cidades representa um passo concreto na dire\u00e7\u00e3o de um Estado mais pr\u00f3ximo das necessidades dos munic\u00edpios. Essa \u00e9 uma demonstra\u00e7\u00e3o clara de que, quando governo e institui\u00e7\u00f5es de fomento trabalham juntos, conseguimos transformar projetos em realidade e gerar resultados que impactam diretamente o dia a dia das pessoas<\/em>\u201d, destacou o titular da Sedec, Leandro Evaldt.<\/p>\n<ul>\n<li><strong><a href=\"https:\/\/www.estado.rs.gov.br\/leite-visita-centro-de-operacoes-da-brigada-militar-e-valida-expansao-do-modelo-para-todo-o-estado\" target=\"_blank\" rel=\"noopener\">Leite visita Centro de Opera\u00e7\u00f5es da Brigada Militar e valida expans\u00e3o do modelo para todo o Estado<\/a><\/strong><\/li>\n<\/ul>\n<p>O presidente da Cadip, Carlos Eduardo Provenzano, explica que essa \u00e9 a primeira opera\u00e7\u00e3o pactuada ap\u00f3s a altera\u00e7\u00e3o do estatuto da empresa.\u00a0 \u201c<em>Este momento marca n\u00e3o apenas a conclus\u00e3o bem-sucedida da primeira fase do Avan\u00e7ar Mais Cidades, mas tamb\u00e9m o in\u00edcio de uma etapa ainda mais relevante. Estamos avan\u00e7ando para um modelo inovador, que amplia o escopo do programa e traz uma estrutura financeira sofisticada, envolvendo novos parceiros como BRDE e Banrisul. Criamos um fundo privado exclusivo, integralmente capitalizado com recursos da Cadip, para dar sustenta\u00e7\u00e3o \u00e0s opera\u00e7\u00f5es e garantir seguran\u00e7a e agilidade. Isso significa mais capacidade de investimento, mais oportunidades para os munic\u00edpios e, sobretudo, um compromisso renovado com o desenvolvimento regional e a melhoria da qualidade de vida da popula\u00e7\u00e3o ga\u00facha. Contem com a Cadip nesse processo<\/em>\u201d, afirmou Provenzano.<\/p>\n<p>Alinhada ao o Plano de Desenvolvimento Econ\u00f4mico, Inclusivo e Sustent\u00e1vel do governo do Estado, a a\u00e7\u00e3o garante o retorno das aplica\u00e7\u00f5es \u00e0 economia ga\u00facha na forma de obras, infraestrutura e melhoria dos servi\u00e7os p\u00fablicos. A iniciativa amplia as alternativas de investimento para os prefeitos, oferecendo mais oportunidades para que cada munic\u00edpio consiga realizar obras estrat\u00e9gicas. As prefeituras aprovadas pelo comit\u00ea gestor do Avan\u00e7ar Mais Cidades apresentaram uma gama de propostas que abrange melhorias estruturais para mobilidade, educa\u00e7\u00e3o, sa\u00fade e manuten\u00e7\u00e3o urbana.<\/p>\n<hr \/>\n<h6><strong>GOV RS | Texto: Ascom Sedec e Ascom Badesul | Edi\u00e7\u00e3o: Secom | Fotos: Jo\u00e3o Pedro Rodrigues\/Secom<\/strong><\/h6>\n\n\n<center><iframe loading=\"lazy\" class=\"jmvplayer\" src=\"https:\/\/player.jmvstream.com\/lvw\/YYGWo5wfZuZ8fEW7Qoq1ISwhLSEDhU\" allowfullscreen allow=\"autoplay; fullscreen\" frameborder=\"0\" width=\"640\" height=\"360\" ><\/iframe><\/center>\n<\/div><\/div>","protected":false},"excerpt":{"rendered":"<p>S\u00e3o quase R$ 100 milh\u00f5es para compra de equipamentos, ve\u00edculos e im\u00f3veis, al\u00e9m de obras de pavimenta\u00e7\u00e3o e reformas estruturantes O governador Eduardo Leite assinou, nesta quarta-feira (14\/1), os contratos com 21 prefeituras contempladas na primeira etapa do Programa Avan\u00e7ar Mais Cidades - Linha de Cr\u00e9dito. Os projetos aprovados totalizam quase R$ 100 milh\u00f5es em [&hellip;]<\/p>\n","protected":false},"author":4,"featured_media":81850,"comment_status":"open","ping_status":"open","sticky":false,"template":"","format":"standard","meta":{"footnotes":""},"categories":[1],"tags":[],"class_list":["post-81849","post","type-post","status-publish","format-standard","has-post-thumbnail","hentry","category-sem-categoria"],"_links":{"self":[{"href":"http:\/\/sol.fm.br\/radio\/wp-json\/wp\/v2\/posts\/81849","targetHints":{"allow":["GET"]}}],"collection":[{"href":"http:\/\/sol.fm.br\/radio\/wp-json\/wp\/v2\/posts"}],"about":[{"href":"http:\/\/sol.fm.br\/radio\/wp-json\/wp\/v2\/types\/post"}],"author":[{"embeddable":true,"href":"http:\/\/sol.fm.br\/radio\/wp-json\/wp\/v2\/users\/4"}],"replies":[{"embeddable":true,"href":"http:\/\/sol.fm.br\/radio\/wp-json\/wp\/v2\/comments?post=81849"}],"version-history":[{"count":1,"href":"http:\/\/sol.fm.br\/radio\/wp-json\/wp\/v2\/posts\/81849\/revisions"}],"predecessor-version":[{"id":81852,"href":"http:\/\/sol.fm.br\/radio\/wp-json\/wp\/v2\/posts\/81849\/revisions\/81852"}],"wp:featuredmedia":[{"embeddable":true,"href":"http:\/\/sol.fm.br\/radio\/wp-json\/wp\/v2\/media\/81850"}],"wp:attachment":[{"href":"http:\/\/sol.fm.br\/radio\/wp-json\/wp\/v2\/media?parent=81849"}],"wp:term":[{"taxonomy":"category","embeddable":true,"href":"http:\/\/sol.fm.br\/radio\/wp-json\/wp\/v2\/categories?post=81849"},{"taxonomy":"post_tag","embeddable":true,"href":"http:\/\/sol.fm.br\/radio\/wp-json\/wp\/v2\/tags?post=81849"}],"curies":[{"name":"wp","href":"https:\/\/api.w.org\/{rel}","templated":true}]}}