{"id":81858,"date":"2026-01-15T19:48:04","date_gmt":"2026-01-15T22:48:04","guid":{"rendered":"http:\/\/sol.fm.br\/radio\/?p=81858"},"modified":"2026-01-15T19:48:07","modified_gmt":"2026-01-15T22:48:07","slug":"pecuaria-de-cria-tende-a-liderar-rentabilidade-no-brasil-em-2026","status":"publish","type":"post","link":"http:\/\/sol.fm.br\/radio\/pecuaria-de-cria-tende-a-liderar-rentabilidade-no-brasil-em-2026\/","title":{"rendered":"Pecu\u00e1ria de cria tende a liderar rentabilidade no Brasil em 2026"},"content":{"rendered":"<div id=\"dslc-theme-content\"><div id=\"dslc-theme-content-inner\"><p style=\"text-align: center;\"><em>Proje\u00e7\u00e3o da SIA leva em considera\u00e7\u00e3o ganhos para o sistema e o pre\u00e7o alcan\u00e7ado pelos bezerros ainda em 2025<\/em><\/p>\n<p>Um dos modelos de neg\u00f3cio dentro da pecu\u00e1ria, o sistema de cria, tende a apresentar o maior potencial de retorno para o agroneg\u00f3cio brasileiro em 2026. Conforme analistas da SIA, Servi\u00e7o de Intelig\u00eancia em Agroneg\u00f3cio, esse cen\u00e1rio se desenha a partir de sinais de demanda aquecida e de pre\u00e7os acima de R$ 15,00 por quilo registrados nos leil\u00f5es de bezerros no final de 2025.<\/p>\n<p>O gerente t\u00e9cnico da consultoria, Armindo Barth Neto, destaca que dados recentes analisados pela empresa indicam que algumas cota\u00e7\u00f5es por lote chegaram a R$ 18,00 e R$ 19,00 por quilo, patamares que come\u00e7am a sinalizar um reposicionamento do mercado de bovinos, com reflexos diretos na cadeia produtiva da cria. <em>\u201cO conjunto desses indicadores projeta um cen\u00e1rio favor\u00e1vel para o segmento. Em 2026, vai ser o ano da pecu\u00e1ria de cria<\/em>\u201d, afirma.<\/p>\n<p>Ele ressalta que a demanda por animais jovens tem sido um dos principais fatores por tr\u00e1s da recente valoriza\u00e7\u00e3o do mercado. \u201c<em>Os pre\u00e7os dos bezerros nos leil\u00f5es no final de 2025 j\u00e1 ultrapassaram a casa de R$ 3,5 mil por cabe\u00e7a, o que come\u00e7a a sinalizar uma demanda mais aquecida<\/em>\u201d, acrescenta Barth Neto.<\/p>\n<p>A expectativa da SIA tamb\u00e9m se apoia no fato de que o Brasil atingiu recordes de exporta\u00e7\u00e3o em 2025, e tamb\u00e9m assumiu sua posi\u00e7\u00e3o como maior produtor mundial de carne bovina, ultrapassando os Estados Unidos no \u00faltimo ano, contexto que amplia a procura por reposi\u00e7\u00e3o e refor\u00e7a a import\u00e2ncia da cria como base de oferta para toda a cadeia produtiva.<\/p>\n<p>Barth Neto alerta que aproveitar essa tend\u00eancia exige planejamento e foco de longo prazo, j\u00e1 que a pecu\u00e1ria de cria \u00e9 um sistema desenvolvido ao longo de ciclos mais extensos. <em>\u201cO ciclo da pecu\u00e1ria de cria \u00e9 longo e n\u00e3o adianta ficar mudando de galho em galho\u201d<\/em>, explica, ressaltando que gest\u00e3o e produtividade internas s\u00e3o determinantes para o desempenho do sistema.<\/p>\n<p>Ao comentar outros modelos de produ\u00e7\u00e3o, o gerente t\u00e9cnico da SIA avalia que recria e termina\u00e7\u00e3o tendem a enfrentar mais desafios em 2026, em fun\u00e7\u00e3o do custo da reposi\u00e7\u00e3o e tamb\u00e9m das oscila\u00e7\u00f5es nos custos de insumos e de fatores externos, como a varia\u00e7\u00e3o cambial, projetadas para o segundo semestre.<em> \u201cO sistema de ciclo completo (cria, recria e engorda) resiste mais \u00e0s oscila\u00e7\u00f5es de pre\u00e7o, mas exige escala e \u00e9 mais dif\u00edcil de gerir<\/em>\u201d, afirma, acrescentando que esse modelo apresenta maior estabilidade frente aos ciclos de mercado, embora demande maior complexidade de gest\u00e3o.<\/p>\n<hr \/>\n<h6><strong>AgroEffective | Assessoria de Comunica\u00e7\u00e3o do Servi\u00e7o de Intelig\u00eancia em Agroneg\u00f3cios (SIA Brasil) | <span style=\"font-size: revert; color: initial;\">Foto: Armindo Barth Neto\/Divulga\u00e7\u00e3o | <\/span><span style=\"font-size: revert; color: initial;\">Texto: Ieda Risco\/AgroEffective<\/span><\/strong><\/h6>\n\n\n<center><iframe loading=\"lazy\" class=\"jmvplayer\" src=\"https:\/\/player.jmvstream.com\/lvw\/YYGWo5wfZuZ8fEW7Qoq1ISwhLSEDhU\" allowfullscreen allow=\"autoplay; fullscreen\" frameborder=\"0\" width=\"640\" height=\"360\" ><\/iframe><\/center>\n<\/div><\/div>","protected":false},"excerpt":{"rendered":"<p>Proje\u00e7\u00e3o da SIA leva em considera\u00e7\u00e3o ganhos para o sistema e o pre\u00e7o alcan\u00e7ado pelos bezerros ainda em 2025 Um dos modelos de neg\u00f3cio dentro da pecu\u00e1ria, o sistema de cria, tende a apresentar o maior potencial de retorno para o agroneg\u00f3cio brasileiro em 2026. Conforme analistas da SIA, Servi\u00e7o de Intelig\u00eancia em Agroneg\u00f3cio, esse [&hellip;]<\/p>\n","protected":false},"author":4,"featured_media":81859,"comment_status":"open","ping_status":"open","sticky":false,"template":"","format":"standard","meta":{"footnotes":""},"categories":[1],"tags":[],"class_list":["post-81858","post","type-post","status-publish","format-standard","has-post-thumbnail","hentry","category-sem-categoria"],"_links":{"self":[{"href":"http:\/\/sol.fm.br\/radio\/wp-json\/wp\/v2\/posts\/81858","targetHints":{"allow":["GET"]}}],"collection":[{"href":"http:\/\/sol.fm.br\/radio\/wp-json\/wp\/v2\/posts"}],"about":[{"href":"http:\/\/sol.fm.br\/radio\/wp-json\/wp\/v2\/types\/post"}],"author":[{"embeddable":true,"href":"http:\/\/sol.fm.br\/radio\/wp-json\/wp\/v2\/users\/4"}],"replies":[{"embeddable":true,"href":"http:\/\/sol.fm.br\/radio\/wp-json\/wp\/v2\/comments?post=81858"}],"version-history":[{"count":1,"href":"http:\/\/sol.fm.br\/radio\/wp-json\/wp\/v2\/posts\/81858\/revisions"}],"predecessor-version":[{"id":81860,"href":"http:\/\/sol.fm.br\/radio\/wp-json\/wp\/v2\/posts\/81858\/revisions\/81860"}],"wp:featuredmedia":[{"embeddable":true,"href":"http:\/\/sol.fm.br\/radio\/wp-json\/wp\/v2\/media\/81859"}],"wp:attachment":[{"href":"http:\/\/sol.fm.br\/radio\/wp-json\/wp\/v2\/media?parent=81858"}],"wp:term":[{"taxonomy":"category","embeddable":true,"href":"http:\/\/sol.fm.br\/radio\/wp-json\/wp\/v2\/categories?post=81858"},{"taxonomy":"post_tag","embeddable":true,"href":"http:\/\/sol.fm.br\/radio\/wp-json\/wp\/v2\/tags?post=81858"}],"curies":[{"name":"wp","href":"https:\/\/api.w.org\/{rel}","templated":true}]}}