{"id":83327,"date":"2026-03-12T10:47:53","date_gmt":"2026-03-12T13:47:53","guid":{"rendered":"http:\/\/sol.fm.br\/radio\/?p=83327"},"modified":"2026-03-12T10:50:45","modified_gmt":"2026-03-12T13:50:45","slug":"com-foco-na-sustentabilidade-olimpiada-de-administracao-abre-inscricoes-gratuitas","status":"publish","type":"post","link":"http:\/\/sol.fm.br\/radio\/com-foco-na-sustentabilidade-olimpiada-de-administracao-abre-inscricoes-gratuitas\/","title":{"rendered":"Com foco na sustentabilidade, Olimp\u00edada de administra\u00e7\u00e3o abre inscri\u00e7\u00f5es gratuitas"},"content":{"rendered":"<div id=\"dslc-theme-content\"><div id=\"dslc-theme-content-inner\"><p class=\"x_yiv6597887893ydpa3d4f2fbyiv0621149411MsoNormal\"><span data-olk-copy-source=\"MessageBody\">Com a proposta de unir de modo l\u00fadico o conhecimento sobre gest\u00e3o e o valor da sustentabilidade, a Olimp\u00edada Brasileira de Administra\u00e7\u00e3o (OBAdm) abre as inscri\u00e7\u00f5es para sua terceira edi\u00e7\u00e3o. A iniciativa \u00e9 voltada a estudantes do ensino m\u00e9dio e t\u00e9cnico, alunos do ensino superior, bachar\u00e9is, tecn\u00f3logos, profissionais da \u00e1rea e demais interessados. As provas e desafios ser\u00e3o realizados de 8 a 12 de junho. O cadastro \u00e9 gratuito e pode ser feito at\u00e9 o dia 7 de junho, tanto por institui\u00e7\u00f5es de ensino quanto de forma individual, por meio do site:\u00a0<a title=\"https:\/\/www.obadm.org.br\/\" href=\"https:\/\/www.obadm.org.br\/\" target=\"_blank\" rel=\"nofollow noopener noreferrer\" shape=\"rect\" data-auth=\"NotApplicable\" data-linkindex=\"0\">https:\/\/www.obadm.org.br\/<\/a>\u00a0.<\/span><\/p>\n<p class=\"x_yiv6597887893ydpa3d4f2fbyiv0621149411MsoNormal\">\u00a0<\/p>\n<p class=\"x_yiv6597887893ydpa3d4f2fbyiv0621149411MsoNormal\">Realizada pelo Conselho Regional de Administra\u00e7\u00e3o do Rio de Janeiro (CRA-RJ), a OBAdm tem como tema \u201cGest\u00e3o da sustentabilidade nas organiza\u00e7\u00f5es\u201d. A competi\u00e7\u00e3o \u00e9 dividida em dois n\u00edveis: o n\u00edvel 1 \u00e9 voltado para estudantes do ensino m\u00e9dio e t\u00e9cnico; e o n\u00edvel 2, direcionado para bachar\u00e9is e tecn\u00f3logos em administra\u00e7\u00e3o e \u00e1reas correlatas, al\u00e9m de profissionais formados.<\/p>\n<p class=\"x_yiv6597887893ydpa3d4f2fbyiv0621149411MsoNormal\">A proposta da olimp\u00edada \u00e9 estimular a reflex\u00e3o sobre os Objetivos de Desenvolvimento Sustent\u00e1vel (ODS), estabelecidos pela Organiza\u00e7\u00e3o das Na\u00e7\u00f5es Unidas (ONU). Na edi\u00e7\u00e3o de 2026, o foco ser\u00e1 nos seguintes objetivos: Sa\u00fade e bem-estar (ODS 3), \u00c1gua pot\u00e1vel e saneamento (ODS 6), Consumo e produ\u00e7\u00e3o respons\u00e1vel (ODS 12) e Prote\u00e7\u00e3o da vida terrestre (ODS 15).<\/p>\n<p class=\"x_yiv6597887893ydpa3d4f2fbyiv0621149411MsoNormal\">As avalia\u00e7\u00f5es ser\u00e3o aplicadas em duas fases. A primeira consiste em desafios gamificados com a tem\u00e1tica da sustentabilidade, integrando os ODS escolhidos \u00e0 realidade do participante. A segunda fase \u00e9 composta por uma prova objetiva com quest\u00f5es de m\u00faltipla escolha. Para n\u00e3o ter a prova zerada e concorrer \u00e0s medalhas, \u00e9 necess\u00e1rio participar das duas etapas.<\/p>\n<p class=\"x_yiv6597887893ydpa3d4f2fbyiv0621149411MsoNormal\">\u00a0<\/p>\n<p class=\"x_yiv6597887893ydpa3d4f2fbyiv0621149411MsoNormal\"><b>O futuro precisa ser sustent\u00e1vel<\/b><\/p>\n<p class=\"x_yiv6597887893ydpa3d4f2fbyiv0621149411MsoNormal\">Segundo o administrador Wagner Siqueira, coordenador-geral da OBAdm e presidente do CRA-RJ, a olimp\u00edada tem como objetivo estimular a reflex\u00e3o sobre o futuro das organiza\u00e7\u00f5es.<\/p>\n<p><img loading=\"lazy\" decoding=\"async\" class=\"size-medium wp-image-83329 alignleft\" src=\"http:\/\/sol.fm.br\/radio\/wp-content\/uploads\/2026\/03\/71-5-400x267.jpg\" alt=\"\" width=\"400\" height=\"267\" srcset=\"http:\/\/sol.fm.br\/radio\/wp-content\/uploads\/2026\/03\/71-5-400x267.jpg 400w, http:\/\/sol.fm.br\/radio\/wp-content\/uploads\/2026\/03\/71-5-768x512.jpg 768w, http:\/\/sol.fm.br\/radio\/wp-content\/uploads\/2026\/03\/71-5-600x400.jpg 600w, http:\/\/sol.fm.br\/radio\/wp-content\/uploads\/2026\/03\/71-5-1536x1023.jpg 1536w, http:\/\/sol.fm.br\/radio\/wp-content\/uploads\/2026\/03\/71-5.jpg 1600w\" sizes=\"auto, (max-width: 400px) 100vw, 400px\" \/><\/p>\n<p class=\"x_yiv6597887893ydpa3d4f2fbyiv0621149411MsoNormal\">Ele destaca que a miss\u00e3o da OBAdm \u00e9 conscientizar estudantes e profissionais de Administra\u00e7\u00e3o e \u00e1reas correlatas sobre a import\u00e2ncia dos Direitos Humanos, das rela\u00e7\u00f5es de trabalho, da preserva\u00e7\u00e3o do meio ambiente e da promo\u00e7\u00e3o de mecanismos anticorrup\u00e7\u00e3o.<\/p>\n<p class=\"x_yiv6597887893ydpa3d4f2fbyiv0621149411MsoNormal\">-<em> Os gestores precisam atender aos anseios da sociedade sem comprometer a qualidade de vida das pr\u00f3ximas gera\u00e7\u00f5es. A sustentabilidade \u00e9 o caminho para que a humanidade possa usufruir de um futuro melhor<\/em> - afirma.<\/p>\n<p class=\"x_yiv6597887893ydpa3d4f2fbyiv0621149411MsoNormal\">Siqueira tamb\u00e9m lembra que o CRA-RJ \u00e9 signat\u00e1rio, desde 2011, da Rede Brasil do Pacto Global, vinculada \u00e0 ONU. \u201c<em>Por isso, destacamos o valor dos ODS, que representam um chamado por uma sociedade mais justa e igualit\u00e1ria<\/em>\u201d, completa.<\/p>\n<p class=\"x_yiv6597887893ydpa3d4f2fbyiv0621149411MsoNormal\">\u00a0<\/p>\n<p class=\"x_yiv6597887893ydpa3d4f2fbyiv0621149411MsoNormal\"><b>Retrospecto<\/b><\/p>\n<p class=\"x_yiv6597887893ydpa3d4f2fbyiv0621149411MsoNormal\">Em 2025, a OBAdm mobilizou 38.286 estudantes e 1.391 professores representantes de todo o pa\u00eds. Participantes de 510 munic\u00edpios brasileiros foram premiados, totalizando 251 medalhas de ouro, 254 de prata, 253 de bronze e 6.601 men\u00e7\u00f5es honrosas.<\/p>\n<p class=\"x_yiv6597887893ydpa3d4f2fbyiv0621149411MsoNormal\">A cerim\u00f4nia de premia\u00e7\u00e3o ocorreu em 10 de setembro, no Centro de Conven\u00e7\u00f5es da Bolsa do Rio, durante a semana do Dia do Administrador. Na solenidade, foram entregues 50 medalhas de ouro, 44 de prata e 42 de bronze. Os premiados que n\u00e3o puderam comparecer receberam suas medalhas pelos Correios.<\/p>\n<p class=\"x_yiv6597887893ydpa3d4f2fbyiv0621149411MsoNormal\"><img loading=\"lazy\" decoding=\"async\" class=\"alignnone size-medium wp-image-83330 aligncenter\" src=\"http:\/\/sol.fm.br\/radio\/wp-content\/uploads\/2026\/03\/72-400x267.jpg\" alt=\"\" width=\"400\" height=\"267\" srcset=\"http:\/\/sol.fm.br\/radio\/wp-content\/uploads\/2026\/03\/72-400x267.jpg 400w, http:\/\/sol.fm.br\/radio\/wp-content\/uploads\/2026\/03\/72-768x512.jpg 768w, http:\/\/sol.fm.br\/radio\/wp-content\/uploads\/2026\/03\/72-600x400.jpg 600w, http:\/\/sol.fm.br\/radio\/wp-content\/uploads\/2026\/03\/72-1536x1023.jpg 1536w, http:\/\/sol.fm.br\/radio\/wp-content\/uploads\/2026\/03\/72.jpg 1600w\" sizes=\"auto, (max-width: 400px) 100vw, 400px\" \/><\/p>\n<p class=\"x_yiv6597887893ydpa3d4f2fbyiv0621149411MsoNormal\"><b>Sobre a OBAdm<\/b><\/p>\n<p class=\"x_yiv6597887893ydpa3d4f2fbyiv0621149411MsoNormal\">Realizada pelo Conselho Regional de Administra\u00e7\u00e3o do Rio de Janeiro (CRA-RJ), a 3\u00aa Olimp\u00edada Brasileira de Administra\u00e7\u00e3o (OBAdm) conta com o apoio do Banco BTG Pactual e tem como embaixadores o portal Administradores.com e o CIEE-RJ.<\/p>\n<p class=\"x_yiv6597887893ydpa3d4f2fbyiv0621149411MsoNormal\">\u00a0<\/p>\n<p class=\"x_yiv6597887893ydpa3d4f2fbyiv0621149411MsoNormal\"><b><i>OBAdm \u2013 Olimp\u00edada Brasileira de Administra\u00e7\u00e3o<\/i><\/b><\/p>\n<p class=\"x_yiv6597887893ydpa3d4f2fbyiv0621149411MsoNormal\"><i>Tema: Gest\u00e3o da sustentabilidade nas organiza\u00e7\u00f5es (ODS 3, 6, 12 e 15)<\/i><\/p>\n<p class=\"x_yiv6597887893ydpa3d4f2fbyiv0621149411MsoNormal\"><i>Site:\u00a0<a title=\"https:\/\/www.obadm.org.br\/\" href=\"https:\/\/www.obadm.org.br\/\" target=\"_blank\" rel=\"nofollow noopener noreferrer\" shape=\"rect\" data-auth=\"NotApplicable\" data-linkindex=\"1\">https:\/\/www.obadm.org.br\/<\/a><\/i><\/p>\n<p class=\"x_yiv6597887893ydpa3d4f2fbyiv0621149411MsoNormal\"><i>Inscri\u00e7\u00f5es at\u00e9: 7 de junho<\/i><\/p>\n<p class=\"x_yiv6597887893ydpa3d4f2fbyiv0621149411MsoNormal\"><i>P\u00fablico: estudantes do ensino m\u00e9dio e t\u00e9cnico, bachar\u00e9is, tecn\u00f3logos e profissionais<\/i><\/p>\n<p class=\"x_yiv6597887893ydpa3d4f2fbyiv0621149411MsoNormal\"><i>Provas e desafios: 8 a 12 de junho de 2025<\/i><\/p>\n<p class=\"x_yiv6597887893ydpa3d4f2fbyiv0621149411MsoNormal\"><i>Telefone: 0800 606 9130<\/i><\/p>\n<p class=\"x_yiv6597887893ydpa3d4f2fbyiv0621149411MsoNormal\"><i>Instagram:\u00a0<a title=\"https:\/\/www.instagram.com\/obadm_olimpiada\" href=\"https:\/\/www.instagram.com\/obadm_olimpiada\" target=\"_blank\" rel=\"nofollow noopener noreferrer\" shape=\"rect\" data-auth=\"NotApplicable\" data-linkindex=\"2\">https:\/\/www.instagram.com\/obadm_olimpiada<\/a><\/i><\/p>\n<hr \/>\n<h6 class=\"x_yiv6597887893ydpa3d4f2fbyiv0621149411MsoNormal\"><strong>ASCOM OBAdm | Fotos: Tib\u00e9rius Drumond<\/strong><\/h6>\n\n\n<center><iframe loading=\"lazy\" class=\"jmvplayer\" src=\"https:\/\/player.jmvstream.com\/lvw\/YYGWo5wfZuZ8fEW7Qoq1ISwhLSEDhU\" allowfullscreen allow=\"autoplay; fullscreen\" frameborder=\"0\" width=\"640\" height=\"360\" ><\/iframe><\/center>\n<\/div><\/div>","protected":false},"excerpt":{"rendered":"<p>Com a proposta de unir de modo l\u00fadico o conhecimento sobre gest\u00e3o e o valor da sustentabilidade, a Olimp\u00edada Brasileira de Administra\u00e7\u00e3o (OBAdm) abre as inscri\u00e7\u00f5es para sua terceira edi\u00e7\u00e3o. A iniciativa \u00e9 voltada a estudantes do ensino m\u00e9dio e t\u00e9cnico, alunos do ensino superior, bachar\u00e9is, tecn\u00f3logos, profissionais da \u00e1rea e demais interessados. As provas [&hellip;]<\/p>\n","protected":false},"author":4,"featured_media":83328,"comment_status":"open","ping_status":"open","sticky":false,"template":"","format":"standard","meta":{"footnotes":""},"categories":[1],"tags":[],"class_list":["post-83327","post","type-post","status-publish","format-standard","has-post-thumbnail","hentry","category-sem-categoria"],"_links":{"self":[{"href":"http:\/\/sol.fm.br\/radio\/wp-json\/wp\/v2\/posts\/83327","targetHints":{"allow":["GET"]}}],"collection":[{"href":"http:\/\/sol.fm.br\/radio\/wp-json\/wp\/v2\/posts"}],"about":[{"href":"http:\/\/sol.fm.br\/radio\/wp-json\/wp\/v2\/types\/post"}],"author":[{"embeddable":true,"href":"http:\/\/sol.fm.br\/radio\/wp-json\/wp\/v2\/users\/4"}],"replies":[{"embeddable":true,"href":"http:\/\/sol.fm.br\/radio\/wp-json\/wp\/v2\/comments?post=83327"}],"version-history":[{"count":2,"href":"http:\/\/sol.fm.br\/radio\/wp-json\/wp\/v2\/posts\/83327\/revisions"}],"predecessor-version":[{"id":83332,"href":"http:\/\/sol.fm.br\/radio\/wp-json\/wp\/v2\/posts\/83327\/revisions\/83332"}],"wp:featuredmedia":[{"embeddable":true,"href":"http:\/\/sol.fm.br\/radio\/wp-json\/wp\/v2\/media\/83328"}],"wp:attachment":[{"href":"http:\/\/sol.fm.br\/radio\/wp-json\/wp\/v2\/media?parent=83327"}],"wp:term":[{"taxonomy":"category","embeddable":true,"href":"http:\/\/sol.fm.br\/radio\/wp-json\/wp\/v2\/categories?post=83327"},{"taxonomy":"post_tag","embeddable":true,"href":"http:\/\/sol.fm.br\/radio\/wp-json\/wp\/v2\/tags?post=83327"}],"curies":[{"name":"wp","href":"https:\/\/api.w.org\/{rel}","templated":true}]}}