{"id":83379,"date":"2026-03-13T11:09:05","date_gmt":"2026-03-13T14:09:05","guid":{"rendered":"http:\/\/sol.fm.br\/radio\/?p=83379"},"modified":"2026-03-13T11:09:08","modified_gmt":"2026-03-13T14:09:08","slug":"sucessao-rural-ganha-novo-folego-com-protagonismo-jovem","status":"publish","type":"post","link":"http:\/\/sol.fm.br\/radio\/sucessao-rural-ganha-novo-folego-com-protagonismo-jovem\/","title":{"rendered":"Sucess\u00e3o rural ganha novo f\u00f4lego com protagonismo jovem"},"content":{"rendered":"<div id=\"dslc-theme-content\"><div id=\"dslc-theme-content-inner\"><p style=\"text-align: center;\"><i data-olk-copy-source=\"MessageBody\">Egressos do Instituto Crescer Legal protagonizam renova\u00e7\u00e3o no campo brasileiro<\/i><\/p>\n<div>\n<p>No Brasil, apenas 30% das propriedades rurais familiares chegam \u00e0 segunda gera\u00e7\u00e3o e menos de 5% \u00e0 terceira, de acordo com o IBGE. Embora mais de 80% das propriedades rurais sejam administradas por fam\u00edlias, a transi\u00e7\u00e3o entre gera\u00e7\u00f5es \u00e9 fr\u00e1gil e muitas vezes interrompida por falta de planejamento sucess\u00f3rio, migra\u00e7\u00e3o urbana e limita\u00e7\u00f5es de acesso a cr\u00e9dito e tecnologia.<\/p>\n<p>Al\u00e9m disso, dados do Censo Agropecu\u00e1rio indicam o envelhecimento progressivo da popula\u00e7\u00e3o rural, com crescimento no n\u00famero de produtores acima dos 55 anos, enquanto a presen\u00e7a de jovens ainda \u00e9 limitada.<\/p>\n<p>Pesquisa realizada pelo Instituto Interamericano de Coopera\u00e7\u00e3o para a Agricultura (IICA) em parceria com a Confedera\u00e7\u00e3o da Agricultura e Pecu\u00e1ria do Brasil (CNA) aponta que grande parte dos jovens rurais demonstra interesse em permanecer no campo, desde que tenha acesso a capacita\u00e7\u00e3o, renda e perspectivas de desenvolvimento profissional. O estudo refor\u00e7a que a sucess\u00e3o rural est\u00e1 diretamente ligada \u00e0 qualifica\u00e7\u00e3o e \u00e0 gest\u00e3o eficiente das propriedades.<\/p>\n<p>Diante desse cen\u00e1rio desafiador, algumas cadeias produtivas t\u00eam buscado estruturar mecanismos de est\u00edmulo \u00e0 perman\u00eancia dos jovens no campo, investindo em qualifica\u00e7\u00e3o, planejamento sucess\u00f3rio e profissionaliza\u00e7\u00e3o da gest\u00e3o. Iniciativas articuladas entre produtores, empresas e institui\u00e7\u00f5es de forma\u00e7\u00e3o v\u00eam demonstrando que, quando h\u00e1 apoio t\u00e9cnico e perspectivas econ\u00f4micas claras, a sucess\u00e3o rural deixa de ser um problema estrutural e passa a ser um processo organizado.<\/p>\n<p>Na Regi\u00e3o Sul do Pa\u00eds, a cadeia produtiva do tabaco tem apresentado exemplos consistentes dessa transi\u00e7\u00e3o geracional, com jovens que lideram transforma\u00e7\u00f5es produtivas e a diversifica\u00e7\u00e3o, profissionalizam a gest\u00e3o das propriedades e incorporam tecnologias e pr\u00e1ticas sustent\u00e1veis que ampliam a competitividade dos empreendimentos familiares.<\/p>\n<p>\u00c9 nesse contexto que o Instituto Crescer Legal atua na forma\u00e7\u00e3o de jovens do meio rural, promovendo o desenvolvimento de habilidades profissionais, gest\u00e3o empreendedora e desenvolvimento de compet\u00eancias que fortalecem a sucess\u00e3o como processo planejado. <em>\u201cAo estimular que os jovens rurais fortale\u00e7am a sua identidade, valorizem os conhecimentos da sua fam\u00edlia e se reconhecem enquanto agentes de transforma\u00e7\u00e3o em suas comunidades, o Instituto proporciona que eles vislumbrem no meio rural a possibilidade de constru\u00edrem os seus projetos de vida\u201d,<\/em> explica a gerente N\u00e1dia Fengler Solf. \u201c<em>O nosso Programa de Aprendizagem Profissional Rural proporciona uma abertura de novos horizontes, de possibilidades para o futuro dos jovens. E ao fomentar o trabalho colaborativo, a pesquisa e a inova\u00e7\u00e3o permite que eles estejam preparados para fazer boas escolhas e reconhe\u00e7am a import\u00e2ncia de continuar buscando conhecimento t\u00e9cnico e acad\u00eamico para desenvolver as suas atividades de forma sustent\u00e1vel no campo\u201d<\/em>, acrescenta.<\/p>\n<p><img loading=\"lazy\" decoding=\"async\" class=\"size-medium wp-image-83382 alignleft\" src=\"http:\/\/sol.fm.br\/radio\/wp-content\/uploads\/2026\/03\/82-400x286.jpg\" alt=\"\" width=\"400\" height=\"286\" srcset=\"http:\/\/sol.fm.br\/radio\/wp-content\/uploads\/2026\/03\/82-400x286.jpg 400w, http:\/\/sol.fm.br\/radio\/wp-content\/uploads\/2026\/03\/82-768x548.jpg 768w, http:\/\/sol.fm.br\/radio\/wp-content\/uploads\/2026\/03\/82-1536x1097.jpg 1536w, http:\/\/sol.fm.br\/radio\/wp-content\/uploads\/2026\/03\/82-2048x1463.jpg 2048w\" sizes=\"auto, (max-width: 400px) 100vw, 400px\" \/><\/p>\n<p>Um exemplo desse impacto \u00e9 de Rafael Elias Muller, de 20 anos. Filho de produtores de tabaco, ele ingressou aos 16 anos no curso de Gest\u00e3o Rural e Empreendedorismo do ICL como Jovem Aprendiz Rural em Para\u00edso do Sul (RS).<\/p>\n<p>\u201c<em>No in\u00edcio, eu ainda n\u00e3o sabia muito bem o que queria e reconhecia pouco as potencialidades do meio rural. Por meio dos estudos, percebi a riqueza da nossa propriedade rural e as possibilidades de empreender, o que despertou em mim o interesse em ser o futuro sucessor dos neg\u00f3cios da fam\u00edlia\u201d<\/em>, conta Rafael.<\/p>\n<p>Hoje, o jovem produtor rural atua na produ\u00e7\u00e3o de tabaco, milho, hortali\u00e7as e outras culturas ao lado da fam\u00edlia e planeja consolidar seu projeto de vida no campo. Al\u00e9m da decis\u00e3o de permanecer na atividade rural, Rafael destaca ganhos comportamentais e de gest\u00e3o proporcionados pela forma\u00e7\u00e3o, como melhoria na comunica\u00e7\u00e3o, conviv\u00eancia em grupo e entendimento da import\u00e2ncia da gest\u00e3o eficiente, diversifica\u00e7\u00e3o de plantio e ado\u00e7\u00e3o de tecnologias.<\/p>\n<p><img loading=\"lazy\" decoding=\"async\" class=\"size-medium wp-image-83381 alignright\" src=\"http:\/\/sol.fm.br\/radio\/wp-content\/uploads\/2026\/03\/81-2-400x267.jpg\" alt=\"\" width=\"400\" height=\"267\" srcset=\"http:\/\/sol.fm.br\/radio\/wp-content\/uploads\/2026\/03\/81-2-400x267.jpg 400w, http:\/\/sol.fm.br\/radio\/wp-content\/uploads\/2026\/03\/81-2-768x512.jpg 768w, http:\/\/sol.fm.br\/radio\/wp-content\/uploads\/2026\/03\/81-2-600x400.jpg 600w, http:\/\/sol.fm.br\/radio\/wp-content\/uploads\/2026\/03\/81-2.jpg 1181w\" sizes=\"auto, (max-width: 400px) 100vw, 400px\" \/><\/p>\n<p>Outro exemplo \u00e9 de Josemir Gabriel Pinz Blank, egresso da turma de 2023 do Programa de Aprendizagem Profissional Rural em S\u00e3o Louren\u00e7o do Sul (RS). A participa\u00e7\u00e3o no curso ampliou horizontes e fortaleceu a autoestima do jovem, ao mesmo tempo em que valorizou o trabalho desenvolvido na propriedade de sua fam\u00edlia.<\/p>\n<p>Josemir desenvolveu um projeto voltado \u00e0 amplia\u00e7\u00e3o do pequeno orquid\u00e1rio existente na propriedade. O trabalho final foi premiado em um programa de financiamento e o jovem conseguiu recursos para expandir a produ\u00e7\u00e3o. A expans\u00e3o est\u00e1 programada para o primeiro trimestre de 2026. <em>\u201cTudo o que aprendi ficar\u00e1 para sempre como uma base s\u00f3lida que vou levar para a vida e que continuar\u00e1 trazendo benef\u00edcios para toda minha fam\u00edlia\u201d,<\/em> afirma o jovem.<\/p>\n<p>Avalia\u00e7\u00e3o de impacto realizada pelo IDIS \u2013 Instituto para o Desenvolvimento do Investimento Social aponta que o Programa de Aprendizagem Profissional Rural do Instituto Crescer Legal contribui para o aumento da inten\u00e7\u00e3o de perman\u00eancia dos jovens no meio rural, fortalece compet\u00eancias empreendedoras e gera impactos positivos tamb\u00e9m na gest\u00e3o das propriedades familiares.<\/p>\n<p>O Programa de Aprendizagem Profissional Rural j\u00e1 certificou mais de 1.200 jovens em Gest\u00e3o Rural e Empreendedorismo desde a sua implanta\u00e7\u00e3o. \u201c<em>Focamos na qualifica\u00e7\u00e3o de adolescentes do meio rural por meio de atividades pr\u00e1ticas e te\u00f3ricas no contraturno escolar. A forma\u00e7\u00e3o integra educa\u00e7\u00e3o contextualizada, gest\u00e3o e empreendedorismo, e\u00a0 fortalece as compet\u00eancias necess\u00e1rias para que os jovens enxerguem sua perman\u00eancia no campo como uma trajet\u00f3ria profissional vi\u00e1vel e gratificante\u201d,<\/em> explica N\u00e1dia Solf.<\/p>\n<p>Ao investir no desenvolvimento de jovens aprendizes rurais, o Instituto Crescer Legal contribui para transformar um desafio hist\u00f3rico do campo brasileiro em oportunidade de renova\u00e7\u00e3o e fortalecimento da agricultura familiar, mostrando que a sucess\u00e3o rural pode deixar de ser um entrave e se tornar um diferencial competitivo para o campo brasileiro.<\/p>\n<p><strong>\u00a0<\/strong><\/p>\n<p><strong>SOBRE O INSTITUTO -\u00a0<\/strong>Iniciativa do Sindicato Interestadual da Ind\u00fastria do Tabaco (SindiTabaco) e de suas empresas associadas, o Instituto Crescer Legal tem sede em Santa Cruz do Sul (RS) e j\u00e1 atuou em 25 munic\u00edpios dos tr\u00eas estados do Sul do Brasil com o pioneiro Programa de Aprendizagem Profissional Rural. Al\u00e9m do Programa de Aprendizagem, o Instituto desenvolve outras tr\u00eas iniciativas: o Programa de Acompanhamento dos Egressos, o Programa N\u00f3s por Elas \u2013 A voz feminina do campo e o Programa Boas Pr\u00e1ticas de Empreendedorismo para a Educa\u00e7\u00e3o. Saiba mais em\u00a0<a title=\"http:\/\/www.crescerlegal.com.br\" href=\"http:\/\/www.crescerlegal.com.br\/\" target=\"_blank\" rel=\"noreferrer noopener\" shape=\"rect\" data-auth=\"NotApplicable\" data-linkindex=\"0\">www.crescerlegal.com.br<\/a>.<\/p>\n<hr \/>\n<h6 aria-hidden=\"true\"><strong>Imprensa - Instituto Crescer Legal | Fotos: Banco de Imagens, Junio Nunes (capa)<\/strong><\/h6>\n<\/div>\n\n\n<center><iframe loading=\"lazy\" class=\"jmvplayer\" src=\"https:\/\/player.jmvstream.com\/lvw\/YYGWo5wfZuZ8fEW7Qoq1ISwhLSEDhU\" allowfullscreen allow=\"autoplay; fullscreen\" frameborder=\"0\" width=\"640\" height=\"360\" ><\/iframe><\/center>\n<\/div><\/div>","protected":false},"excerpt":{"rendered":"<p>Egressos do Instituto Crescer Legal protagonizam renova\u00e7\u00e3o no campo brasileiro No Brasil, apenas 30% das propriedades rurais familiares chegam \u00e0 segunda gera\u00e7\u00e3o e menos de 5% \u00e0 terceira, de acordo com o IBGE. Embora mais de 80% das propriedades rurais sejam administradas por fam\u00edlias, a transi\u00e7\u00e3o entre gera\u00e7\u00f5es \u00e9 fr\u00e1gil e muitas vezes interrompida por [&hellip;]<\/p>\n","protected":false},"author":4,"featured_media":83380,"comment_status":"open","ping_status":"open","sticky":false,"template":"","format":"standard","meta":{"footnotes":""},"categories":[1],"tags":[],"class_list":["post-83379","post","type-post","status-publish","format-standard","has-post-thumbnail","hentry","category-sem-categoria"],"_links":{"self":[{"href":"http:\/\/sol.fm.br\/radio\/wp-json\/wp\/v2\/posts\/83379","targetHints":{"allow":["GET"]}}],"collection":[{"href":"http:\/\/sol.fm.br\/radio\/wp-json\/wp\/v2\/posts"}],"about":[{"href":"http:\/\/sol.fm.br\/radio\/wp-json\/wp\/v2\/types\/post"}],"author":[{"embeddable":true,"href":"http:\/\/sol.fm.br\/radio\/wp-json\/wp\/v2\/users\/4"}],"replies":[{"embeddable":true,"href":"http:\/\/sol.fm.br\/radio\/wp-json\/wp\/v2\/comments?post=83379"}],"version-history":[{"count":1,"href":"http:\/\/sol.fm.br\/radio\/wp-json\/wp\/v2\/posts\/83379\/revisions"}],"predecessor-version":[{"id":83383,"href":"http:\/\/sol.fm.br\/radio\/wp-json\/wp\/v2\/posts\/83379\/revisions\/83383"}],"wp:featuredmedia":[{"embeddable":true,"href":"http:\/\/sol.fm.br\/radio\/wp-json\/wp\/v2\/media\/83380"}],"wp:attachment":[{"href":"http:\/\/sol.fm.br\/radio\/wp-json\/wp\/v2\/media?parent=83379"}],"wp:term":[{"taxonomy":"category","embeddable":true,"href":"http:\/\/sol.fm.br\/radio\/wp-json\/wp\/v2\/categories?post=83379"},{"taxonomy":"post_tag","embeddable":true,"href":"http:\/\/sol.fm.br\/radio\/wp-json\/wp\/v2\/tags?post=83379"}],"curies":[{"name":"wp","href":"https:\/\/api.w.org\/{rel}","templated":true}]}}