{"id":84544,"date":"2026-04-28T09:47:07","date_gmt":"2026-04-28T12:47:07","guid":{"rendered":"http:\/\/sol.fm.br\/radio\/?p=84544"},"modified":"2026-04-28T09:47:14","modified_gmt":"2026-04-28T12:47:14","slug":"37a-oktoberfest-de-igrejinha-abre-inscricoes-para-bubchen-e-madchen-nos-dias-28-e-29-de-abril","status":"publish","type":"post","link":"http:\/\/sol.fm.br\/radio\/37a-oktoberfest-de-igrejinha-abre-inscricoes-para-bubchen-e-madchen-nos-dias-28-e-29-de-abril\/","title":{"rendered":"37\u00aa Oktoberfest de Igrejinha abre inscri\u00e7\u00f5es para Bubchen e M\u00e4dchen nos dias 28 e 29 de abril"},"content":{"rendered":"<div id=\"dslc-theme-content\"><div id=\"dslc-theme-content-inner\"><p align=\"center\"><i data-olk-copy-source=\"MessageBody\">Concurso valoriza a cultura alem\u00e3 e define representantes infantis da festa<\/i><\/p>\n<p class=\"x_yiv6705686453ydp7e6c61b6yiv2598680650MsoNormal\"><b>\u00a0<\/b><\/p>\n<p class=\"x_yiv6705686453ydp7e6c61b6yiv2598680650MsoNormal\">A tradi\u00e7\u00e3o germ\u00e2nica come\u00e7a cedo na Oktoberfest de Igrejinha, e as crian\u00e7as t\u00eam papel fundamental nesta celebra\u00e7\u00e3o. Como parte desse legado, nos dias 28 e 29 de abril, estar\u00e3o abertas as inscri\u00e7\u00f5es para o tradicional concurso de Bubchen e M\u00e4dchen da 37\u00aa edi\u00e7\u00e3o, respons\u00e1vel por escolher os representantes infantis do evento. Promovido pela Associa\u00e7\u00e3o de Amigos da Oktoberfest de Igrejinha (Amifest), em parceria com a Secretaria Municipal de Educa\u00e7\u00e3o, a iniciativa \u00e9 uma das atra\u00e7\u00f5es tradicionais da programa\u00e7\u00e3o e refor\u00e7a o v\u00ednculo entre as novas gera\u00e7\u00f5es e as tradi\u00e7\u00f5es da cidade.<\/p>\n<p class=\"x_yiv6705686453ydp7e6c61b6yiv2598680650MsoNormal\">Neste ano, ser\u00e3o disponibilizadas 12 vagas para meninos, nascidos em 2015, 2016 e 2017, e 12 para meninas, nascidas em 2016 e 2017, respeitando a ordem de inscri\u00e7\u00e3o. Para participar \u00e9 necess\u00e1rio residir em Igrejinha e ter a inscri\u00e7\u00e3o realizada por um dos pais ou respons\u00e1vel, mediante apresenta\u00e7\u00e3o de documento de identifica\u00e7\u00e3o da crian\u00e7a e comprovante de resid\u00eancia. As inscri\u00e7\u00f5es devem ser feitas presencialmente na sede da Associa\u00e7\u00e3o de Amigos da Oktoberfest de Igrejinha (Amifest), localizada na Rua Arlindo Geis, n\u00ba 255, junto ao Parque da Oktoberfest, das 8h \u00e0s 11h30 e das 13h \u00e0s 17h.<\/p>\n<p><img loading=\"lazy\" decoding=\"async\" class=\"size-medium wp-image-84546 alignleft\" src=\"http:\/\/sol.fm.br\/radio\/wp-content\/uploads\/2026\/04\/22-1-400x267.jpg\" alt=\"\" width=\"400\" height=\"267\" srcset=\"http:\/\/sol.fm.br\/radio\/wp-content\/uploads\/2026\/04\/22-1-400x267.jpg 400w, http:\/\/sol.fm.br\/radio\/wp-content\/uploads\/2026\/04\/22-1-768x512.jpg 768w, http:\/\/sol.fm.br\/radio\/wp-content\/uploads\/2026\/04\/22-1-600x400.jpg 600w, http:\/\/sol.fm.br\/radio\/wp-content\/uploads\/2026\/04\/22-1.jpg 846w\" sizes=\"auto, (max-width: 400px) 100vw, 400px\" \/><\/p>\n<p class=\"x_yiv6705686453ydp7e6c61b6yiv2598680650MsoNormal\">As duas etapas de avalia\u00e7\u00e3o e a escolha acontecer\u00e3o no dia 27 de junho, no Centro de Eventos Prefeito Selson Flesch, em Igrejinha, com entrevista pela manh\u00e3 e apresenta\u00e7\u00e3o em traje t\u00edpico \u00e0 tarde. A avalia\u00e7\u00e3o levar\u00e1 em conta crit\u00e9rios como participa\u00e7\u00e3o, simpatia, desenvoltura, comunica\u00e7\u00e3o e entusiasmo nas atividades. Na ocasi\u00e3o, os escolhidos assumir\u00e3o o lugar do Bubchen Bernardo Engelmann Arnold e da M\u00e4dchen Valentina Holanda da Costa, que representaram as crian\u00e7as na \u00faltima edi\u00e7\u00e3o da festa.<\/p>\n<p class=\"x_yiv6705686453ydp7e6c61b6yiv2598680650MsoNormal\">Os vencedores receber\u00e3o como premia\u00e7\u00e3o um traje t\u00edpico alem\u00e3o e uma bicicleta, al\u00e9m de representarem oficialmente a 37\u00aa Oktoberfest de Igrejinha ao lado da corte oficial, j\u00e1 formada pela rainha Rafaela Robinson Werb e as princesas Tainara de Conto Nunes e Jhenifer Fais. Todos os participantes tamb\u00e9m ser\u00e3o contemplados com ingressos para o parque de divers\u00f5es para usufru\u00edrem durante a festa em outubro.<\/p>\n<p class=\"x_yiv6705686453ydp7e6c61b6yiv2598680650MsoNormal\" style=\"text-align: center;\"><b> <img loading=\"lazy\" decoding=\"async\" class=\"alignnone size-medium wp-image-84547\" src=\"http:\/\/sol.fm.br\/radio\/wp-content\/uploads\/2026\/04\/21-5-400x267.jpg\" alt=\"\" width=\"400\" height=\"267\" srcset=\"http:\/\/sol.fm.br\/radio\/wp-content\/uploads\/2026\/04\/21-5-400x267.jpg 400w, http:\/\/sol.fm.br\/radio\/wp-content\/uploads\/2026\/04\/21-5-768x512.jpg 768w, http:\/\/sol.fm.br\/radio\/wp-content\/uploads\/2026\/04\/21-5-600x400.jpg 600w, http:\/\/sol.fm.br\/radio\/wp-content\/uploads\/2026\/04\/21-5-1536x1024.jpg 1536w, http:\/\/sol.fm.br\/radio\/wp-content\/uploads\/2026\/04\/21-5.jpg 2048w\" sizes=\"auto, (max-width: 400px) 100vw, 400px\" \/><\/b><\/p>\n<p class=\"x_yiv6705686453ydp7e6c61b6yiv2598680650MsoNormal\"><b>Sobre a 37\u00aa Oktoberfest de Igrejinha:<\/b>\u00a0o evento acontecer\u00e1 de 09 a 18 de outubro de 2026, no Parque de Eventos Almiro Grings, promovido pela Associa\u00e7\u00e3o de Amigos da Oktoberfest de Igrejinha (Amifest). A edi\u00e7\u00e3o ter\u00e1 na presid\u00eancia Aline Hess e Tiago Rech, acompanhados do casal vice-presidente Kenny Thomas e Marqueli Heidrich. A Oktoberfest de Igrejinha se destaca por ser a maior festa volunt\u00e1ria do Brasil, sendo realizada por mais de tr\u00eas mil volunt\u00e1rios e com o resultado financeiro, ano ap\u00f3s ano, revertido para entidades da regi\u00e3o. A 37\u00aa edi\u00e7\u00e3o conta com patroc\u00ednio da Eisenbahn, Coca-Cola, Cal\u00e7ados Beira-Rio, Usaflex, Piccadilly, Sicoob, Madeira Status, Bibi e Voltec Solu\u00e7\u00f5es em Energia. Mais informa\u00e7\u00f5es atrav\u00e9s do site oficial\u00a0<a title=\"http:\/\/www.oktoberfest.org.br\" href=\"http:\/\/www.oktoberfest.org.br\/\" target=\"_blank\" rel=\"nofollow noopener noreferrer\" shape=\"rect\" data-auth=\"NotApplicable\" data-linkindex=\"0\">www.oktoberfest.org.br<\/a>\u00a0e das redes sociais.<\/p>\n<hr \/>\n<h6><strong>Assessoria de Imprensa - Talenttare | Fotos: Cleiton Miguel<\/strong><\/h6>\n\n\n<center><iframe loading=\"lazy\" class=\"jmvplayer\" src=\"https:\/\/player.jmvstream.com\/lvw\/YYGWo5wfZuZ8fEW7Qoq1ISwhLSEDhU\" allowfullscreen allow=\"autoplay; fullscreen\" frameborder=\"0\" width=\"640\" height=\"360\" ><\/iframe><\/center>\n<\/div><\/div>","protected":false},"excerpt":{"rendered":"<p>Concurso valoriza a cultura alem\u00e3 e define representantes infantis da festa \u00a0 A tradi\u00e7\u00e3o germ\u00e2nica come\u00e7a cedo na Oktoberfest de Igrejinha, e as crian\u00e7as t\u00eam papel fundamental nesta celebra\u00e7\u00e3o. Como parte desse legado, nos dias 28 e 29 de abril, estar\u00e3o abertas as inscri\u00e7\u00f5es para o tradicional concurso de Bubchen e M\u00e4dchen da 37\u00aa edi\u00e7\u00e3o, [&hellip;]<\/p>\n","protected":false},"author":4,"featured_media":84545,"comment_status":"open","ping_status":"open","sticky":false,"template":"","format":"standard","meta":{"footnotes":""},"categories":[1],"tags":[],"class_list":["post-84544","post","type-post","status-publish","format-standard","has-post-thumbnail","hentry","category-sem-categoria"],"_links":{"self":[{"href":"http:\/\/sol.fm.br\/radio\/wp-json\/wp\/v2\/posts\/84544","targetHints":{"allow":["GET"]}}],"collection":[{"href":"http:\/\/sol.fm.br\/radio\/wp-json\/wp\/v2\/posts"}],"about":[{"href":"http:\/\/sol.fm.br\/radio\/wp-json\/wp\/v2\/types\/post"}],"author":[{"embeddable":true,"href":"http:\/\/sol.fm.br\/radio\/wp-json\/wp\/v2\/users\/4"}],"replies":[{"embeddable":true,"href":"http:\/\/sol.fm.br\/radio\/wp-json\/wp\/v2\/comments?post=84544"}],"version-history":[{"count":1,"href":"http:\/\/sol.fm.br\/radio\/wp-json\/wp\/v2\/posts\/84544\/revisions"}],"predecessor-version":[{"id":84548,"href":"http:\/\/sol.fm.br\/radio\/wp-json\/wp\/v2\/posts\/84544\/revisions\/84548"}],"wp:featuredmedia":[{"embeddable":true,"href":"http:\/\/sol.fm.br\/radio\/wp-json\/wp\/v2\/media\/84545"}],"wp:attachment":[{"href":"http:\/\/sol.fm.br\/radio\/wp-json\/wp\/v2\/media?parent=84544"}],"wp:term":[{"taxonomy":"category","embeddable":true,"href":"http:\/\/sol.fm.br\/radio\/wp-json\/wp\/v2\/categories?post=84544"},{"taxonomy":"post_tag","embeddable":true,"href":"http:\/\/sol.fm.br\/radio\/wp-json\/wp\/v2\/tags?post=84544"}],"curies":[{"name":"wp","href":"https:\/\/api.w.org\/{rel}","templated":true}]}}