{"id":84555,"date":"2026-04-28T10:17:28","date_gmt":"2026-04-28T13:17:28","guid":{"rendered":"http:\/\/sol.fm.br\/radio\/?p=84555"},"modified":"2026-04-28T10:17:32","modified_gmt":"2026-04-28T13:17:32","slug":"planejamento-forrageiro-ganha-espaco-na-pecuaria-para-reduzir-riscos-da-instabilidade-climatica","status":"publish","type":"post","link":"http:\/\/sol.fm.br\/radio\/planejamento-forrageiro-ganha-espaco-na-pecuaria-para-reduzir-riscos-da-instabilidade-climatica\/","title":{"rendered":"Planejamento forrageiro ganha espa\u00e7o na pecu\u00e1ria para reduzir riscos da\u00a0instabilidade clim\u00e1tica\u00a0"},"content":{"rendered":"<div id=\"dslc-theme-content\"><div id=\"dslc-theme-content-inner\"><div style=\"text-align: center;\"><i data-olk-copy-source=\"MessageBody\">Capim\u00a0Mavuno\u00a0se destaca como aliado t\u00e9cnico em estrat\u00e9gias como fena\u00e7\u00e3o, silagem e diferimento para garantir alimento ao rebanho no per\u00edodo\u00a0de escassez h\u00eddrica\u00a0<\/i><\/div>\n<p>\u00a0<\/p>\n<div>\n<p>A maior irregularidade das chuvas e a crescente press\u00e3o por efici\u00eancia produtiva v\u00eam levando pecuaristas a adotar estrat\u00e9gias mais planejadas para garantir a oferta de alimento ao rebanho ao longo do ano. Nesse cen\u00e1rio, o planejamento forrageiro assume papel central no manejo, especialmente quando associado ao uso de forrageiras de alto potencial produtivo e maior estabilidade ao longo do ciclo.<\/p>\n<p>Entre as principais alternativas para enfrentar a escassez de forragem na\u00a0seca, destacam-se a fena\u00e7\u00e3o, que permite conservar o excedente produzido nas \u00e1guas com baixa umidade; a silagem, voltada ao armazenamento de volumoso fermentado; e o diferimento, baseado na veda\u00e7\u00e3o tempor\u00e1ria da pastagem. Cada uma dessas estrat\u00e9gias atende a uma l\u00f3gica de manejo e precisa ser ajustada conforme as condi\u00e7\u00f5es clim\u00e1ticas, a estrutura da propriedade, a categoria animal e o objetivo produtivo.<\/p>\n<p><em>\u201cHoje, n\u00e3o d\u00e1 mais para depender apenas do crescimento natural do pasto. O produtor precisa se antecipar ao per\u00edodo seco e planejar a forma\u00e7\u00e3o de reservas, porque isso garante maior estabilidade no desempenho animal e reduz custos na fase mais cr\u00edtica<\/em>\u201d, afirma Tiago Penha Pontes, engenheiro agr\u00f4nomo e respons\u00e1vel t\u00e9cnico da Wolf Sementes.<\/p>\n<p>A fena\u00e7\u00e3o tem se mostrado uma alternativa eficiente para transformar o excedente de forragem produzido no per\u00edodo das \u00e1guas em alimento conservado para uso posterior. Estudos conduzidos na Universidade de Bras\u00edlia (UnB\u00a0\u2013 Fonseca, 2021) com a braqui\u00e1ria h\u00edbrida Mavuno\u00a0 indicam alta produ\u00e7\u00e3o de mat\u00e9ria seca e manuten\u00e7\u00e3o do valor nutritivo dentro de uma faixa mais ampla de manejo, mesmo em idades de corte mais avan\u00e7adas. Na pr\u00e1tica, esse comportamento amplia a janela operacional e oferece maior seguran\u00e7a ao produtor, reduzindo riscos associados \u00e0 variabilidade clim\u00e1tica e \u00e0 log\u00edstica de colheita.<\/p>\n<p><em>\u201cNem sempre \u00e9 poss\u00edvel cortar exatamente no dia ideal. Quando a forrageira mant\u00e9m bom desempenho dentro de uma faixa de manejo mais ampla, o produtor ganha margem para organizar a opera\u00e7\u00e3o e reduzir o risco de perdas<\/em>\u201d, destaca Pontes.<\/p>\n<p>Na produ\u00e7\u00e3o de silagem, a cultivar tamb\u00e9m se mostra apta a compor estrat\u00e9gias eficientes de conserva\u00e7\u00e3o de volumoso. Avalia\u00e7\u00f5es realizadas na Universidade Federal Rural da Amaz\u00f4nia, em parceria com o Centro Tecnol\u00f3gico COMIGO (UFRA \u2013 Silva, 2022), indicaram que a frequ\u00eancia de corte influencia diretamente o equil\u00edbrio entre volume produzido e valor nutritivo, permitindo ajustes conforme os objetivos de cada sistema produtivo.<\/p>\n<p>Essa possibilidade de ajuste \u00e9 relevante porque diferentes propriedades lidam com realidades distintas ao longo do ano. Em alguns casos, a prioridade \u00e9 ampliar a oferta de massa; em outros, preservar melhor o valor nutritivo do material conservado. <em>\u201cO importante \u00e9 trabalhar com uma forrageira que permita esse ajuste com mais previsibilidade, porque isso d\u00e1 ao produtor mais controle sobre o resultado<\/em>\u201d, explica o agr\u00f4nomo.<\/p>\n<p>J\u00e1 no diferimento, ou veda\u00e7\u00e3o da pastagem, os resultados da Universidade Federal de Uberl\u00e2ndia (UFU \u2013 Carvalho, 2023) apontam o Mavuno entre os materiais com elevado potencial de produ\u00e7\u00e3o de forragem, com maior taxa de crescimento e renova\u00e7\u00e3o de folhas. Essa caracter\u00edstica favorece a forma\u00e7\u00e3o de massa para o per\u00edodo de escassez, contribuindo para maior seguran\u00e7a alimentar do rebanho.<\/p>\n<p>No entanto, o manejo do diferimento exige aten\u00e7\u00e3o, pois o aumento de volume pode vir acompanhado de altera\u00e7\u00f5es na estrutura do pasto. O ajuste adequado do per\u00edodo de veda\u00e7\u00e3o \u00e9 fundamental para evitar excesso de material senescente e garantir bom aproveitamento pelos animais.<\/p>\n<p><em>\u201cO diferimento \u00e9 uma ferramenta eficiente quando bem planejada. Com o manejo correto, o produtor consegue formar reserva de pasto para o per\u00edodo mais cr\u00edtico e manter a produtividade do sistema<\/em>\u201d, afirma.<\/p>\n<p>Diante de um cen\u00e1rio clim\u00e1tico mais vari\u00e1vel, o uso de reservas forrageiras aliado a forrageiras de maior desempenho tende a ganhar ainda mais espa\u00e7o nas decis\u00f5es dentro da porteira. \u201c<em>N\u00e3o se trata apenas de produzir pasto, mas de trabalhar com ferramentas que permitam maior previsibilidade e efici\u00eancia ao longo do ano. O Mavuno entra exatamente nesse contexto, como uma forrageira que contribui para a constru\u00e7\u00e3o de sistemas mais est\u00e1veis e produtivos<\/em>\u201d, conclui Pontes.<\/p>\n<p>\u00a0<\/p>\n<\/div>\n<p><strong><span data-olk-copy-source=\"MessageBody\">Wolf\u00a0Sementes\u00a0<\/span><\/strong>\u00a0<br clear=\"none\" \/>Com sede em Ribeir\u00e3o Preto (SP), a\u00a0Wolf\u00a0Sementes contribui h\u00e1 50 anos com a pecu\u00e1ria nacional e internacional. Apoiada fortemente no controle de qualidade e gest\u00e3o, a\u00a0Wolf\u00a0Sementes foi pioneira do segmento de pastagem a obter em 2008 a certifica\u00e7\u00e3o de qualidade ISO 9001. A empresa \u00e9 associada \u00e0s principais entidades dos setores onde atua, como\u00a0Unipasto\u00a0e ABCZ. Com atua\u00e7\u00e3o em todo territ\u00f3rio nacional, tamb\u00e9m exporta para mais de 65 pa\u00edses.\u00a0\u00a0\u00a0<\/p>\n<div><hr \/>\n<h6><strong>OPA Assessoria em Comunica\u00e7\u00e3o | Foto: Divulga\u00e7\u00e3o<\/strong><\/h6>\n<\/div>\n\n\n<center><iframe loading=\"lazy\" class=\"jmvplayer\" src=\"https:\/\/player.jmvstream.com\/lvw\/YYGWo5wfZuZ8fEW7Qoq1ISwhLSEDhU\" allowfullscreen allow=\"autoplay; fullscreen\" frameborder=\"0\" width=\"640\" height=\"360\" ><\/iframe><\/center>\n<\/div><\/div>","protected":false},"excerpt":{"rendered":"<p>Capim\u00a0Mavuno\u00a0se destaca como aliado t\u00e9cnico em estrat\u00e9gias como fena\u00e7\u00e3o, silagem e diferimento para garantir alimento ao rebanho no per\u00edodo\u00a0de escassez h\u00eddrica\u00a0 \u00a0 A maior irregularidade das chuvas e a crescente press\u00e3o por efici\u00eancia produtiva v\u00eam levando pecuaristas a adotar estrat\u00e9gias mais planejadas para garantir a oferta de alimento ao rebanho ao longo do ano. Nesse [&hellip;]<\/p>\n","protected":false},"author":4,"featured_media":84556,"comment_status":"open","ping_status":"open","sticky":false,"template":"","format":"standard","meta":{"footnotes":""},"categories":[1],"tags":[],"class_list":["post-84555","post","type-post","status-publish","format-standard","has-post-thumbnail","hentry","category-sem-categoria"],"_links":{"self":[{"href":"http:\/\/sol.fm.br\/radio\/wp-json\/wp\/v2\/posts\/84555","targetHints":{"allow":["GET"]}}],"collection":[{"href":"http:\/\/sol.fm.br\/radio\/wp-json\/wp\/v2\/posts"}],"about":[{"href":"http:\/\/sol.fm.br\/radio\/wp-json\/wp\/v2\/types\/post"}],"author":[{"embeddable":true,"href":"http:\/\/sol.fm.br\/radio\/wp-json\/wp\/v2\/users\/4"}],"replies":[{"embeddable":true,"href":"http:\/\/sol.fm.br\/radio\/wp-json\/wp\/v2\/comments?post=84555"}],"version-history":[{"count":1,"href":"http:\/\/sol.fm.br\/radio\/wp-json\/wp\/v2\/posts\/84555\/revisions"}],"predecessor-version":[{"id":84557,"href":"http:\/\/sol.fm.br\/radio\/wp-json\/wp\/v2\/posts\/84555\/revisions\/84557"}],"wp:featuredmedia":[{"embeddable":true,"href":"http:\/\/sol.fm.br\/radio\/wp-json\/wp\/v2\/media\/84556"}],"wp:attachment":[{"href":"http:\/\/sol.fm.br\/radio\/wp-json\/wp\/v2\/media?parent=84555"}],"wp:term":[{"taxonomy":"category","embeddable":true,"href":"http:\/\/sol.fm.br\/radio\/wp-json\/wp\/v2\/categories?post=84555"},{"taxonomy":"post_tag","embeddable":true,"href":"http:\/\/sol.fm.br\/radio\/wp-json\/wp\/v2\/tags?post=84555"}],"curies":[{"name":"wp","href":"https:\/\/api.w.org\/{rel}","templated":true}]}}