{"id":84558,"date":"2026-04-28T10:23:11","date_gmt":"2026-04-28T13:23:11","guid":{"rendered":"http:\/\/sol.fm.br\/radio\/?p=84558"},"modified":"2026-04-28T10:23:17","modified_gmt":"2026-04-28T13:23:17","slug":"programa-semicondutores-rs-pauta-participacao-do-governo-do-estado-em-missao-brasileira-na-asia","status":"publish","type":"post","link":"http:\/\/sol.fm.br\/radio\/programa-semicondutores-rs-pauta-participacao-do-governo-do-estado-em-missao-brasileira-na-asia\/","title":{"rendered":"Programa Semicondutores RS pauta participa\u00e7\u00e3o do governo do Estado em miss\u00e3o brasileira na \u00c1sia"},"content":{"rendered":"<div id=\"dslc-theme-content\"><div id=\"dslc-theme-content-inner\"><p style=\"text-align: center;\"><em>Agenda inclui reuni\u00f5es com entidades do setor e visitas a universidades e empresas em Singapura, Filipinas e Mal\u00e1sia<\/em><\/p>\n<p>O governo do Estado, por meio da Secretaria de Inova\u00e7\u00e3o, Ci\u00eancia e Tecnologia (Sict), integra, nesta semana,\u00a0uma\u00a0miss\u00e3o brasileira do setor de semicondutores no Sudeste Asi\u00e1tico. Promovida pelo Minist\u00e9rio das Rela\u00e7\u00f5es Exteriores (MRE) e pelo Minist\u00e9rio da Ci\u00eancia, Tecnologia e Inova\u00e7\u00e3o (MCTI), a agenda institucional come\u00e7ou nesta\u00a0segunda-feira (27\/4) e prosseguir\u00e1 at\u00e9 8 de maio, com atividades em Singapura, Filipinas e Mal\u00e1sia.\u00a0\u00a0<\/p>\n<p>A participa\u00e7\u00e3o da\u00a0Sict\u00a0est\u00e1 alinhada \u00e0 estrat\u00e9gia do\u00a0<a href=\"https:\/\/sict.rs.gov.br\/semicondutores-rs\" target=\"_blank\" rel=\"noopener\"><strong>Programa Semicondutores RS<\/strong><\/a>, do governo do Estado, que foca na atra\u00e7\u00e3o de investimentos, parcerias t\u00e9cnicas e na forma\u00e7\u00e3o profissional qualificada, com o objetivo de posicionar o Rio Grande do Sul nas cadeias globais do setor.\u00a0<\/p>\n<p>Durante a miss\u00e3o, a\u00a0Sict\u00a0participar\u00e1 de reuni\u00f5es com entidades\u00a0da \u00e1rea de semicondutores\u00a0e visitas t\u00e9cnicas a\u00a0universidades, centros de pesquisa e empresas, al\u00e9m de marcar presen\u00e7a no principal evento regional do setor, o\u00a0SemiCon\u00a0Southeast\u00a0Asia (SEA) 2026, na Mal\u00e1sia. O Brasil contar\u00e1 com um estande institucional, onde estar\u00e3o representados o\u00a0governo do Estado e a\u00a0Sict.\u00a0<\/p>\n<p><strong>Novas oportunidades e parcerias<\/strong><\/p>\n<p>O diretor de Conhecimento para Inova\u00e7\u00e3o da\u00a0Sict, Guilherme Camboim, destacou que a miss\u00e3o tem como objetivo ampliar a presen\u00e7a internacional do Estado e\u00a0criar novas\u00a0oportunidades de coopera\u00e7\u00e3o.<\/p>\n<p>\u201c<em>Estamos buscando estabelecer conex\u00f5es estrat\u00e9gicas com pa\u00edses que s\u00e3o refer\u00eancia nesta tecnologia, al\u00e9m de prospectar investimentos e parcerias que possam fortalecer o ecossistema ga\u00facho. Tamb\u00e9m \u00e9 uma oportunidade de convidar atores internacionais para o\u00a0Simp\u00f3sio de Semicondutores da Am\u00e9rica Latina e Caribe (SemiCon\u00a0LAC 2026), que ser\u00e1 realizado\u00a0em junho,\u00a0em Porto Alegre, consolidando o Estado como um importante hub\u00a0brasileiro<\/em>\u201d, disse Camboim.\u00a0<\/p>\n<ul>\n<li><a href=\"https:\/\/www.estado.rs.gov.br\/novos-projetos-na-area-de-semicondutores-atraem-investimentos-de-r-1-bilhao-e-mais-de-mil-empregos-para-o-rio-grande-do-sul\" target=\"_blank\" rel=\"noopener\"><strong>Novos projetos na \u00e1rea de semicondutores atraem investimentos de R$ 1 bilh\u00e3o e mais de mil empregos para o Rio Grande do Sul<\/strong><\/a>\u00a0<\/li>\n<\/ul>\n<p><strong>Programa\u00e7\u00e3o da miss\u00e3o<\/strong><\/p>\n<p>A programa\u00e7\u00e3o da miss\u00e3o come\u00e7ou em Singapura, com reuni\u00f5es institucionais e visitas\u00a0t\u00e9cnicas, incluindo a Associa\u00e7\u00e3o da Ind\u00fastria de Semicondutores, a Ag\u00eancia para Ci\u00eancia, Tecnologia e Pesquisa, a Universidade Nacional de Singapura e o Centro de Pesquisa em Computa\u00e7\u00e3o, Comunica\u00e7\u00e3o e Sensores Qu\u00e2nticos, al\u00e9m de um centro de microeletr\u00f4nica e empresas.\u00a0<\/p>\n<p>Em seguida, na quarta-feira (29\/4) e na quinta-feira (30\/4), a agenda ocorrer\u00e1 nas Filipinas, com foco na articula\u00e7\u00e3o com institui\u00e7\u00f5es de ensino e pesquisa e empresas da \u00e1rea,\u00a0incluindo\u00a0a\u00a0participa\u00e7\u00e3o no evento Di\u00e1logo Brasil-Filipinas sobre Semicondutores, em Manila, capital do pa\u00eds. A miss\u00e3o se encerra na Mal\u00e1sia, entre 4 e 8 de maio, durante a realiza\u00e7\u00e3o do\u00a0SemiCon\u00a0SEA 2026, considerado o maior evento de semicondutores do Sudeste Asi\u00e1tico.\u00a0<\/p>\n<p>A comitiva ga\u00facha \u00e9 composta, al\u00e9m da\u00a0Sict, por representantes da\u00a0<a href=\"https:\/\/investrs.org.br\/\" target=\"_blank\" rel=\"noopener\"><strong>Invest\u00a0RS<\/strong><\/a>, da Universidade Federal do Rio Grande do Sul (UFRGS), da Universidade Federal de Santa Maria (UFSM), da Universidade do Vale do Rio dos Sinos (Unisinos) e da Universidade Federal do Pampa (Unipampa).\u00a0<\/p>\n<p><strong>Pol\u00edtica estadual\u00a0de semicondutores<\/strong>\u00a0<\/p>\n<p>O Programa\u00a0Semicondutores RS\u00a0\u00e9 uma pol\u00edtica p\u00fablica voltada ao fortalecimento do ecossistema ga\u00facho na \u00e1rea, com foco na atra\u00e7\u00e3o de investimentos, forma\u00e7\u00e3o de talentos, est\u00edmulo \u00e0 inova\u00e7\u00e3o e consolida\u00e7\u00e3o de parcerias estrat\u00e9gicas com atores nacionais e internacionais. \u00a0<\/p>\n<ul>\n<li><a href=\"https:\/\/www.estado.rs.gov.br\/governo-do-estado-lanca-programa-semicondutores-rs\" target=\"_blank\" rel=\"noopener\"><strong>Governo do Estado lan\u00e7a Programa Semicondutores RS<\/strong><\/a>\u00a0<\/li>\n<\/ul>\n<p>A iniciativa busca posicionar o Rio Grande do Sul como um polo relevante na cadeia global de semicondutores, ampliando a competitividade do Estado em um setor-chave para a economia do futuro.\u00a0<\/p>\n<hr \/>\n<h6><strong>GOV RS | Texto: \u00c9dson Coltz\/Ascom Sict | Edi\u00e7\u00e3o: Secom | Foto: Divulga\u00e7\u00e3o Sict<\/strong><\/h6>\n\n\n<center><iframe loading=\"lazy\" class=\"jmvplayer\" src=\"https:\/\/player.jmvstream.com\/lvw\/YYGWo5wfZuZ8fEW7Qoq1ISwhLSEDhU\" allowfullscreen allow=\"autoplay; fullscreen\" frameborder=\"0\" width=\"640\" height=\"360\" ><\/iframe><\/center>\n<\/div><\/div>","protected":false},"excerpt":{"rendered":"<p>Agenda inclui reuni\u00f5es com entidades do setor e visitas a universidades e empresas em Singapura, Filipinas e Mal\u00e1sia O governo do Estado, por meio da Secretaria de Inova\u00e7\u00e3o, Ci\u00eancia e Tecnologia (Sict), integra, nesta semana,\u00a0uma\u00a0miss\u00e3o brasileira do setor de semicondutores no Sudeste Asi\u00e1tico. Promovida pelo Minist\u00e9rio das Rela\u00e7\u00f5es Exteriores (MRE) e pelo Minist\u00e9rio da Ci\u00eancia, [&hellip;]<\/p>\n","protected":false},"author":4,"featured_media":84559,"comment_status":"open","ping_status":"open","sticky":false,"template":"","format":"standard","meta":{"footnotes":""},"categories":[1],"tags":[],"class_list":["post-84558","post","type-post","status-publish","format-standard","has-post-thumbnail","hentry","category-sem-categoria"],"_links":{"self":[{"href":"http:\/\/sol.fm.br\/radio\/wp-json\/wp\/v2\/posts\/84558","targetHints":{"allow":["GET"]}}],"collection":[{"href":"http:\/\/sol.fm.br\/radio\/wp-json\/wp\/v2\/posts"}],"about":[{"href":"http:\/\/sol.fm.br\/radio\/wp-json\/wp\/v2\/types\/post"}],"author":[{"embeddable":true,"href":"http:\/\/sol.fm.br\/radio\/wp-json\/wp\/v2\/users\/4"}],"replies":[{"embeddable":true,"href":"http:\/\/sol.fm.br\/radio\/wp-json\/wp\/v2\/comments?post=84558"}],"version-history":[{"count":1,"href":"http:\/\/sol.fm.br\/radio\/wp-json\/wp\/v2\/posts\/84558\/revisions"}],"predecessor-version":[{"id":84560,"href":"http:\/\/sol.fm.br\/radio\/wp-json\/wp\/v2\/posts\/84558\/revisions\/84560"}],"wp:featuredmedia":[{"embeddable":true,"href":"http:\/\/sol.fm.br\/radio\/wp-json\/wp\/v2\/media\/84559"}],"wp:attachment":[{"href":"http:\/\/sol.fm.br\/radio\/wp-json\/wp\/v2\/media?parent=84558"}],"wp:term":[{"taxonomy":"category","embeddable":true,"href":"http:\/\/sol.fm.br\/radio\/wp-json\/wp\/v2\/categories?post=84558"},{"taxonomy":"post_tag","embeddable":true,"href":"http:\/\/sol.fm.br\/radio\/wp-json\/wp\/v2\/tags?post=84558"}],"curies":[{"name":"wp","href":"https:\/\/api.w.org\/{rel}","templated":true}]}}