{"id":84569,"date":"2026-04-28T10:42:40","date_gmt":"2026-04-28T13:42:40","guid":{"rendered":"http:\/\/sol.fm.br\/radio\/?p=84569"},"modified":"2026-04-28T10:42:43","modified_gmt":"2026-04-28T13:42:43","slug":"governo-do-estado-discute-referencia-hospitalar-para-atendimento-obstetrico-no-vale-do-rio-cai","status":"publish","type":"post","link":"http:\/\/sol.fm.br\/radio\/governo-do-estado-discute-referencia-hospitalar-para-atendimento-obstetrico-no-vale-do-rio-cai\/","title":{"rendered":"Governo do Estado discute refer\u00eancia hospitalar para atendimento obst\u00e9trico no Vale do Rio Ca\u00ed"},"content":{"rendered":"<div id=\"dslc-theme-content\"><div id=\"dslc-theme-content-inner\"><p class=\"artigo__subtitulo\" style=\"text-align: center;\"><em>Munic\u00edpios t\u00eam at\u00e9 quarta-feira (29) para indicar hospital de refer\u00eancia que passar\u00e1 a receber repasses de recursos estaduais<\/em><\/p>\n<p>O governo do Estado, por meio da Secretaria da Sa\u00fade (SES), promoveu na segunda-feira (27\/4) um encontro com representantes do Hospital Montenegro e com prefeitos da Associa\u00e7\u00e3o dos Munic\u00edpios do Vale do Rio Ca\u00ed (Amvarc) para discutir a organiza\u00e7\u00e3o da assist\u00eancia obst\u00e9trica na regi\u00e3o.<\/p>\n<p>Como principal encaminhamento do encontro, ficou definido que os munic\u00edpios dever\u00e3o decidir qual ser\u00e1 a refer\u00eancia hospitalar para o atendimento de suas gestantes, com prazo para retorno \u00e0 SES at\u00e9 quarta-feira (29\/4). A partir dessa defini\u00e7\u00e3o, a secretaria ir\u00e1 deliberar sobre os repasses de recursos estaduais, considerando a organiza\u00e7\u00e3o da rede assistencial.<\/p>\n<p>Na reuni\u00e3o, foram apresentados dados sobre a interrup\u00e7\u00e3o do servi\u00e7o de obstetr\u00edcia no Hospital Montenegro, que permaneceu fechado entre 21 de mar\u00e7o e 18 de agosto de 2025, e posteriormente entre 6 de fevereiro e 24 de abril de 2026, o que totaliza mais de 200 dias de maternidade inoperante. Em raz\u00e3o da aus\u00eancia do servi\u00e7o, o Estado precisou implantar um plano de conting\u00eancia, reorganizando as refer\u00eancias para outros hospitais da regi\u00e3o, o que gerou um custo superior a R$ 2 milh\u00f5es no per\u00edodo.<\/p>\n<p>Nesse cen\u00e1rio, a SES avaliou que, diante da n\u00e3o presta\u00e7\u00e3o do servi\u00e7o de obstetr\u00edcia, foi necess\u00e1ria a suspens\u00e3o do repasse de recursos do Programa Assistir ao Hospital Montenegro. <em>\u201cEstamos buscando essa solu\u00e7\u00e3o pactuada e coletiva, pois o plano de conting\u00eancia \u00e9 uma medida excepcional e n\u00e3o pode ser mantido de forma indefinida, sendo fundamental a defini\u00e7\u00e3o de uma refer\u00eancia para assegurar a assist\u00eancia \u00e0s gestantes do Vale do Rio Ca\u00ed. Os recursos do Estado s\u00f3 podem ser distribu\u00eddos quando h\u00e1 um retorno efetivo de servi\u00e7os prestados \u00e0 popula\u00e7\u00e3o\"<\/em>, ressaltou a secret\u00e1ria da Sa\u00fade, Lisiane Fagundes.<\/p>\n<p>Durante a reuni\u00e3o, o prefeito de Montenegro, Gustavo Zanatta, destacou o car\u00e1ter coletivo do di\u00e1logo.<em> \u201cA inten\u00e7\u00e3o deste encontro \u00e9 buscar, de forma conjunta, uma solu\u00e7\u00e3o para a situa\u00e7\u00e3o da obstetr\u00edcia na regi\u00e3o, garantindo atendimento adequado \u00e0 popula\u00e7\u00e3o e seguran\u00e7a para as gestantes\u201d<\/em>, afirmou.<\/p>\n<p>O Hospital de Montenegro tem como refer\u00eancia na \u00e1rea de obstetr\u00edcia os munic\u00edpios de Bar\u00e3o, Brochier, Harmonia, S\u00e3o Pedro da Serra, S\u00e3o Jos\u00e9 do Sul, Marat\u00e1, Salvador do Sul, Tupandi, Pareci Novo, S\u00e3o Sebasti\u00e3o do Ca\u00ed, Taba\u00ed, Triunfo, Capela de Santana e Montenegro.<\/p>\n<hr \/>\n<h6><strong>GOV RS | Texto: Ascom SES | Edi\u00e7\u00e3o: Secom | Foto: Arthur Vargas\/Ascom SES<\/strong><\/h6>\n\n\n<center><iframe loading=\"lazy\" class=\"jmvplayer\" src=\"https:\/\/player.jmvstream.com\/lvw\/YYGWo5wfZuZ8fEW7Qoq1ISwhLSEDhU\" allowfullscreen allow=\"autoplay; fullscreen\" frameborder=\"0\" width=\"640\" height=\"360\" ><\/iframe><\/center>\n<\/div><\/div>","protected":false},"excerpt":{"rendered":"<p>Munic\u00edpios t\u00eam at\u00e9 quarta-feira (29) para indicar hospital de refer\u00eancia que passar\u00e1 a receber repasses de recursos estaduais O governo do Estado, por meio da Secretaria da Sa\u00fade (SES), promoveu na segunda-feira (27\/4) um encontro com representantes do Hospital Montenegro e com prefeitos da Associa\u00e7\u00e3o dos Munic\u00edpios do Vale do Rio Ca\u00ed (Amvarc) para discutir [&hellip;]<\/p>\n","protected":false},"author":4,"featured_media":84570,"comment_status":"open","ping_status":"open","sticky":false,"template":"","format":"standard","meta":{"footnotes":""},"categories":[1],"tags":[],"class_list":["post-84569","post","type-post","status-publish","format-standard","has-post-thumbnail","hentry","category-sem-categoria"],"_links":{"self":[{"href":"http:\/\/sol.fm.br\/radio\/wp-json\/wp\/v2\/posts\/84569","targetHints":{"allow":["GET"]}}],"collection":[{"href":"http:\/\/sol.fm.br\/radio\/wp-json\/wp\/v2\/posts"}],"about":[{"href":"http:\/\/sol.fm.br\/radio\/wp-json\/wp\/v2\/types\/post"}],"author":[{"embeddable":true,"href":"http:\/\/sol.fm.br\/radio\/wp-json\/wp\/v2\/users\/4"}],"replies":[{"embeddable":true,"href":"http:\/\/sol.fm.br\/radio\/wp-json\/wp\/v2\/comments?post=84569"}],"version-history":[{"count":1,"href":"http:\/\/sol.fm.br\/radio\/wp-json\/wp\/v2\/posts\/84569\/revisions"}],"predecessor-version":[{"id":84571,"href":"http:\/\/sol.fm.br\/radio\/wp-json\/wp\/v2\/posts\/84569\/revisions\/84571"}],"wp:featuredmedia":[{"embeddable":true,"href":"http:\/\/sol.fm.br\/radio\/wp-json\/wp\/v2\/media\/84570"}],"wp:attachment":[{"href":"http:\/\/sol.fm.br\/radio\/wp-json\/wp\/v2\/media?parent=84569"}],"wp:term":[{"taxonomy":"category","embeddable":true,"href":"http:\/\/sol.fm.br\/radio\/wp-json\/wp\/v2\/categories?post=84569"},{"taxonomy":"post_tag","embeddable":true,"href":"http:\/\/sol.fm.br\/radio\/wp-json\/wp\/v2\/tags?post=84569"}],"curies":[{"name":"wp","href":"https:\/\/api.w.org\/{rel}","templated":true}]}}