{"id":84588,"date":"2026-04-29T09:02:18","date_gmt":"2026-04-29T12:02:18","guid":{"rendered":"http:\/\/sol.fm.br\/radio\/?p=84588"},"modified":"2026-04-29T09:02:20","modified_gmt":"2026-04-29T12:02:20","slug":"gol-lidera-buscas-por-carros-em-porto-alegre-com-onix-e-voyage-na-sequencia","status":"publish","type":"post","link":"http:\/\/sol.fm.br\/radio\/gol-lidera-buscas-por-carros-em-porto-alegre-com-onix-e-voyage-na-sequencia\/","title":{"rendered":"Gol lidera buscas por carros em Porto Alegre, com Onix e Voyage na sequ\u00eancia"},"content":{"rendered":"<div id=\"dslc-theme-content\"><div id=\"dslc-theme-content-inner\"><p style=\"text-align: center;\"><i data-olk-copy-source=\"MessageBody\">Levantamento do S\u00f3 Carr\u00e3o refor\u00e7a prefer\u00eancia por modelos populares e de bom custo-benef\u00edcio na capital ga\u00facha<\/i><\/p>\n<div>\n<p>Os carros populares seguem dominando o interesse de compra em Porto Alegre. Levantamento do marketplace automotivo S\u00f3 Carr\u00e3o mostra que o Volkswagen Gol lidera as buscas na capital ga\u00facha, seguido por Chevrolet Onix e Volkswagen Voyage.<\/p>\n<p>Os dados consideram o per\u00edodo de 1\u00ba de janeiro a 17 de mar\u00e7o de 2026 e t\u00eam como base as pesquisas realizadas por usu\u00e1rios da plataforma, que chega a mais de 1 milh\u00e3o de buscas mensais.<\/p>\n<p>Mesmo fora de linha, o Gol mant\u00e9m a lideran\u00e7a, refor\u00e7ando a prefer\u00eancia por ve\u00edculos com hist\u00f3rico consolidado, manuten\u00e7\u00e3o acess\u00edvel e boa liquidez no mercado de usados.<\/p>\n<p>Al\u00e9m dele, Onix e Voyage aparecem como op\u00e7\u00f5es que equilibram custo-benef\u00edcio, conforto e facilidade de revenda, mantendo a for\u00e7a dos modelos compactos e sed\u00e3s de entrada entre os mais buscados.<\/p>\n<p><em>\u201cO consumidor do Sul mant\u00e9m um comportamento bastante racional. Mesmo com mais op\u00e7\u00f5es dispon\u00edveis, os modelos j\u00e1 consolidados seguem liderando as buscas porque oferecem previsibilidade de custo e facilidade na revenda<\/em>\u201d, afirma Jefferson Rocha, CEO do S\u00f3 Carr\u00e3o.<\/p>\n<p><strong>Compactos seguem na frente, mas h\u00e1 sinais de mudan\u00e7a<\/strong><\/p>\n<p>O levantamento do S\u00f3Carr\u00e3o foi realizado em oito pra\u00e7as de atua\u00e7\u00e3o do marketplace. O Volkswagen Gol lidera as buscas na maioria das cidades e aparece entre os tr\u00eas modelos mais procurados em sete das oito pra\u00e7as analisadas.<\/p>\n<p>Veja o ranking completo por cidade:<\/p>\n<p><strong>Paran\u00e1<br clear=\"none\" \/><\/strong>Curitiba: Gol, Onix e Sandero<br clear=\"none\" \/>Londrina: Gol, Voyage e Toro<br clear=\"none\" \/>Maring\u00e1: Astra, Commander e Gol<br clear=\"none\" \/>Ponta Grossa: Gol, Onix e S10<\/p>\n<p><strong>Santa Catarina<br clear=\"none\" \/><\/strong>Florian\u00f3polis: Gol, Mobi e Onix<br clear=\"none\" \/>Joinville: Golf, Fiesta e 208<\/p>\n<p><strong>Rio Grande do Sul<br clear=\"none\" \/><\/strong>Porto Alegre: Gol, Onix e Voyage<\/p>\n<p><strong>Compra digital ganha for\u00e7a e molda comportamento<\/strong><\/p>\n<p>Os dados refletem tamb\u00e9m a consolida\u00e7\u00e3o da jornada digital na compra de ve\u00edculos. Criado em Curitiba em 2003, o S\u00f3 Carr\u00e3o \u00e9 hoje o maior marketplace da Regi\u00e3o Sul do Pa\u00eds e re\u00fane cerca de 60 mil ve\u00edculos anunciados por m\u00eas e mais de 1.500 lojas cadastradas.<\/p>\n<p>Ao longo de sua trajet\u00f3ria, a plataforma j\u00e1 concentrou mais de 8 milh\u00f5es de ve\u00edculos e hoje registra cerca de 1 milh\u00e3o de acessos mensais, sendo quase 75% deles via celular.<\/p>\n<p>\u201c<em>O consumidor chega cada vez mais informado ao momento da compra. A pesquisa online passou a ser uma etapa central do processo, e isso muda a din\u00e2mica do mercado<\/em>\u201d, afirma Rocha.<\/p>\n<hr \/>\n<h6 aria-hidden=\"true\"><strong>No Ar Comunica\u00e7\u00e3o\u00a0<\/strong><\/h6>\n<\/div>\n\n\n<center><iframe loading=\"lazy\" class=\"jmvplayer\" src=\"https:\/\/player.jmvstream.com\/lvw\/YYGWo5wfZuZ8fEW7Qoq1ISwhLSEDhU\" allowfullscreen allow=\"autoplay; fullscreen\" frameborder=\"0\" width=\"640\" height=\"360\" ><\/iframe><\/center>\n<\/div><\/div>","protected":false},"excerpt":{"rendered":"<p>Levantamento do S\u00f3 Carr\u00e3o refor\u00e7a prefer\u00eancia por modelos populares e de bom custo-benef\u00edcio na capital ga\u00facha Os carros populares seguem dominando o interesse de compra em Porto Alegre. Levantamento do marketplace automotivo S\u00f3 Carr\u00e3o mostra que o Volkswagen Gol lidera as buscas na capital ga\u00facha, seguido por Chevrolet Onix e Volkswagen Voyage. Os dados consideram [&hellip;]<\/p>\n","protected":false},"author":4,"featured_media":84589,"comment_status":"open","ping_status":"open","sticky":false,"template":"","format":"standard","meta":{"footnotes":""},"categories":[1],"tags":[],"class_list":["post-84588","post","type-post","status-publish","format-standard","has-post-thumbnail","hentry","category-sem-categoria"],"_links":{"self":[{"href":"http:\/\/sol.fm.br\/radio\/wp-json\/wp\/v2\/posts\/84588","targetHints":{"allow":["GET"]}}],"collection":[{"href":"http:\/\/sol.fm.br\/radio\/wp-json\/wp\/v2\/posts"}],"about":[{"href":"http:\/\/sol.fm.br\/radio\/wp-json\/wp\/v2\/types\/post"}],"author":[{"embeddable":true,"href":"http:\/\/sol.fm.br\/radio\/wp-json\/wp\/v2\/users\/4"}],"replies":[{"embeddable":true,"href":"http:\/\/sol.fm.br\/radio\/wp-json\/wp\/v2\/comments?post=84588"}],"version-history":[{"count":1,"href":"http:\/\/sol.fm.br\/radio\/wp-json\/wp\/v2\/posts\/84588\/revisions"}],"predecessor-version":[{"id":84590,"href":"http:\/\/sol.fm.br\/radio\/wp-json\/wp\/v2\/posts\/84588\/revisions\/84590"}],"wp:featuredmedia":[{"embeddable":true,"href":"http:\/\/sol.fm.br\/radio\/wp-json\/wp\/v2\/media\/84589"}],"wp:attachment":[{"href":"http:\/\/sol.fm.br\/radio\/wp-json\/wp\/v2\/media?parent=84588"}],"wp:term":[{"taxonomy":"category","embeddable":true,"href":"http:\/\/sol.fm.br\/radio\/wp-json\/wp\/v2\/categories?post=84588"},{"taxonomy":"post_tag","embeddable":true,"href":"http:\/\/sol.fm.br\/radio\/wp-json\/wp\/v2\/tags?post=84588"}],"curies":[{"name":"wp","href":"https:\/\/api.w.org\/{rel}","templated":true}]}}