{"id":84591,"date":"2026-04-29T09:16:25","date_gmt":"2026-04-29T12:16:25","guid":{"rendered":"http:\/\/sol.fm.br\/radio\/?p=84591"},"modified":"2026-04-29T09:16:29","modified_gmt":"2026-04-29T12:16:29","slug":"conectividade-rural-avanca-na-agenda-global-e-ganha-destaque-na-agrishow","status":"publish","type":"post","link":"http:\/\/sol.fm.br\/radio\/conectividade-rural-avanca-na-agenda-global-e-ganha-destaque-na-agrishow\/","title":{"rendered":"Conectividade rural avan\u00e7a na agenda global e ganha destaque na Agrishow"},"content":{"rendered":"<div id=\"dslc-theme-content\"><div id=\"dslc-theme-content-inner\"><p data-olk-copy-source=\"MessageBody\">A conectividade rural tem se consolidado como uma das principais agendas estrat\u00e9gicas do agroneg\u00f3cio global, e o Brasil ocupa um papel central nesse movimento. A\u00a0<span class=\"x_yiv0203790712ydp11160025yiv9524761738hover:entity-accent x_yiv0203790712ydp11160025yiv9524761738entity-underline x_yiv0203790712ydp11160025yiv9524761738inline x_yiv0203790712ydp11160025yiv9524761738cursor-pointer x_yiv0203790712ydp11160025yiv9524761738align-baseline\"><span class=\"x_yiv0203790712ydp11160025yiv9524761738whitespace-normal\">ConectarAGRO<\/span><\/span>\u00a0participa nesta semana da\u00a0<span class=\"x_yiv0203790712ydp11160025yiv9524761738hover:entity-accent x_yiv0203790712ydp11160025yiv9524761738entity-underline x_yiv0203790712ydp11160025yiv9524761738inline x_yiv0203790712ydp11160025yiv9524761738cursor-pointer x_yiv0203790712ydp11160025yiv9524761738align-baseline\"><span class=\"x_yiv0203790712ydp11160025yiv9524761738whitespace-normal\">Agrishow 2026<\/span><\/span>\u00a0levando ao debate um tema cada vez mais urgente: a conectividade como base para produtividade, sustentabilidade e inova\u00e7\u00e3o no campo, incluindo o avan\u00e7o da intelig\u00eancia artificial no agro. Hoje, a discuss\u00e3o vai al\u00e9m da infraestrutura: sem conectividade e sem dados, n\u00e3o h\u00e1 como escalar solu\u00e7\u00f5es de IA no campo.<\/p>\n<p>A pauta ganha ainda mais relev\u00e2ncia ap\u00f3s articula\u00e7\u00f5es recentes da associa\u00e7\u00e3o com o\u00a0<span class=\"x_yiv0203790712ydp11160025yiv9524761738hover:entity-accent x_yiv0203790712ydp11160025yiv9524761738entity-underline x_yiv0203790712ydp11160025yiv9524761738inline x_yiv0203790712ydp11160025yiv9524761738cursor-pointer x_yiv0203790712ydp11160025yiv9524761738align-baseline\"><span class=\"x_yiv0203790712ydp11160025yiv9524761738whitespace-normal\">Banco Mundial<\/span><\/span>, que resultaram em um acordo de cerca de US$ 3 bilh\u00f5es para ampliar a conectividade rural na Am\u00e9rica Latina e Caribe, com impacto direto no Brasil. Durante a Agrishow, a ConectarAGRO tamb\u00e9m destaca o papel do associativismo na acelera\u00e7\u00e3o dessa agenda, reunindo empresas l\u00edderes para viabilizar projetos concretos de conectividade em \u00e1reas rurais e remotas.<\/p>\n<p>Temos porta-vozes dispon\u00edveis para entrevistas no evento, incluindo a presidente\u00a0<span class=\"x_yiv0203790712ydp11160025yiv9524761738hover:entity-accent x_yiv0203790712ydp11160025yiv9524761738entity-underline x_yiv0203790712ydp11160025yiv9524761738inline x_yiv0203790712ydp11160025yiv9524761738cursor-pointer x_yiv0203790712ydp11160025yiv9524761738align-baseline\"><span class=\"x_yiv0203790712ydp11160025yiv9524761738whitespace-normal\">Paola Campiello<\/span><\/span>, que pode comentar o cen\u00e1rio global, os desdobramentos desse investimento e os impactos pr\u00e1ticos para o agro brasileiro.\u00a0<\/p>\n<hr \/>\n<h6><strong>LVBA Comunica\u00e7\u00e3o<\/strong><\/h6>\n\n\n<center><iframe loading=\"lazy\" class=\"jmvplayer\" src=\"https:\/\/player.jmvstream.com\/lvw\/YYGWo5wfZuZ8fEW7Qoq1ISwhLSEDhU\" allowfullscreen allow=\"autoplay; fullscreen\" frameborder=\"0\" width=\"640\" height=\"360\" ><\/iframe><\/center>\n<\/div><\/div>","protected":false},"excerpt":{"rendered":"<p>A conectividade rural tem se consolidado como uma das principais agendas estrat\u00e9gicas do agroneg\u00f3cio global, e o Brasil ocupa um papel central nesse movimento. A\u00a0ConectarAGRO\u00a0participa nesta semana da\u00a0Agrishow 2026\u00a0levando ao debate um tema cada vez mais urgente: a conectividade como base para produtividade, sustentabilidade e inova\u00e7\u00e3o no campo, incluindo o avan\u00e7o da intelig\u00eancia artificial no [&hellip;]<\/p>\n","protected":false},"author":4,"featured_media":84592,"comment_status":"open","ping_status":"open","sticky":false,"template":"","format":"standard","meta":{"footnotes":""},"categories":[1],"tags":[],"class_list":["post-84591","post","type-post","status-publish","format-standard","has-post-thumbnail","hentry","category-sem-categoria"],"_links":{"self":[{"href":"http:\/\/sol.fm.br\/radio\/wp-json\/wp\/v2\/posts\/84591","targetHints":{"allow":["GET"]}}],"collection":[{"href":"http:\/\/sol.fm.br\/radio\/wp-json\/wp\/v2\/posts"}],"about":[{"href":"http:\/\/sol.fm.br\/radio\/wp-json\/wp\/v2\/types\/post"}],"author":[{"embeddable":true,"href":"http:\/\/sol.fm.br\/radio\/wp-json\/wp\/v2\/users\/4"}],"replies":[{"embeddable":true,"href":"http:\/\/sol.fm.br\/radio\/wp-json\/wp\/v2\/comments?post=84591"}],"version-history":[{"count":1,"href":"http:\/\/sol.fm.br\/radio\/wp-json\/wp\/v2\/posts\/84591\/revisions"}],"predecessor-version":[{"id":84593,"href":"http:\/\/sol.fm.br\/radio\/wp-json\/wp\/v2\/posts\/84591\/revisions\/84593"}],"wp:featuredmedia":[{"embeddable":true,"href":"http:\/\/sol.fm.br\/radio\/wp-json\/wp\/v2\/media\/84592"}],"wp:attachment":[{"href":"http:\/\/sol.fm.br\/radio\/wp-json\/wp\/v2\/media?parent=84591"}],"wp:term":[{"taxonomy":"category","embeddable":true,"href":"http:\/\/sol.fm.br\/radio\/wp-json\/wp\/v2\/categories?post=84591"},{"taxonomy":"post_tag","embeddable":true,"href":"http:\/\/sol.fm.br\/radio\/wp-json\/wp\/v2\/tags?post=84591"}],"curies":[{"name":"wp","href":"https:\/\/api.w.org\/{rel}","templated":true}]}}