{"id":84603,"date":"2026-04-29T10:19:36","date_gmt":"2026-04-29T13:19:36","guid":{"rendered":"http:\/\/sol.fm.br\/radio\/?p=84603"},"modified":"2026-04-29T10:19:39","modified_gmt":"2026-04-29T13:19:39","slug":"hospital-sapiranga-apresenta-nova-presidencia-e-homenageia-trajetoria-de-joao-edmar-wolff","status":"publish","type":"post","link":"http:\/\/sol.fm.br\/radio\/hospital-sapiranga-apresenta-nova-presidencia-e-homenageia-trajetoria-de-joao-edmar-wolff\/","title":{"rendered":"Hospital Sapiranga apresenta nova presid\u00eancia e homenageia trajet\u00f3ria de Jo\u00e3o Edmar Wolff"},"content":{"rendered":"<div id=\"dslc-theme-content\"><div id=\"dslc-theme-content-inner\"><p style=\"text-align: center;\"><i data-olk-copy-source=\"MessageBody\">Assembleia Geral marcou presta\u00e7\u00e3o de contas, transi\u00e7\u00e3o de gest\u00e3o e reconhecimento a um dos ciclos mais importantes da institui\u00e7\u00e3o<\/i><\/p>\n<div>\n<div>A transi\u00e7\u00e3o da presid\u00eancia do Hospital Sapiranga marcou o in\u00edcio de uma nova etapa para a institui\u00e7\u00e3o e tamb\u00e9m prestou reconhecimento a uma das gest\u00f5es mais relevantes da sua hist\u00f3ria.\u00a0Realizada no in\u00edcio da noite desta ter\u00e7a-feira, 28\/04, no audit\u00f3rio do hospital, a Assembleia Geral reuniu diretoria, conselheiros, colaboradores e convidados para a apresenta\u00e7\u00e3o das contas de 2025 da institui\u00e7\u00e3o e elei\u00e7\u00e3o da nova diretoria estatut\u00e1ria.\u00a0 A composi\u00e7\u00e3o da nova diretoria, eleita para o per\u00edodo 2026-2028,\u00a0 re\u00fane lideran\u00e7as empresariais e comunit\u00e1rias ligadas \u00e0 trajet\u00f3ria do Hospital Sapiranga, com os seguintes membros:\u00a0<\/div>\n<div aria-hidden=\"true\">\u00a0<\/div>\n<div><strong>Diretoria<\/strong><\/div>\n<div aria-hidden=\"true\">\u00a0<\/div>\n<div>\u00a0 \u00a0 \u2022 Presidente: Ricardo Aur\u00e9lio Dietrich<\/div>\n<div>\u00a0 \u00a0 \u2022 Vice-presidente: Alceu Klein<\/div>\n<div>\u00a0 \u00a0 \u2022 Secret\u00e1ria: Sara Helena Weber<\/div>\n<div>\u00a0 \u00a0 \u2022 Vice-secret\u00e1rio: Jo\u00e3o Carlos Zwetsch<\/div>\n<div>\u00a0 \u00a0 \u2022 Tesoureiro: Gilberto Pedro Fetter<\/div>\n<div>\u00a0 \u00a0 \u2022 Vice-tesoureiro: Paulo Reinaldo Zwetsch<\/div>\n<div>\u00a0 \u00a0 \u2022 Conselho Fiscal<\/div>\n<div>\u00a0 \u00a0 \u2022 Romeu Gustavo Klein<\/div>\n<div>\u00a0 \u00a0 \u2022 Nereu Schmitt Carraro<\/div>\n<div>\u00a0 \u00a0 \u2022 Gustavo Bolzan<\/div>\n<\/div>\n<div aria-hidden=\"true\">\u00a0<\/div>\n<div>\n<div>O evento foi marcado pelo encerramento do ciclo liderado pelo presidente do Hospital Sapiranga, Jo\u00e3o Edmar Wolff, e oficializa\u00e7\u00e3o do empres\u00e1rio Ricardo Aur\u00e9lio Dietrich como novo presidente da entidade.<\/div>\n<div aria-hidden=\"true\">\u00a0<\/div>\n<div>O encontro tamb\u00e9m foi marcado, com muita emo\u00e7\u00e3o, em homenagens \u00e0 trajet\u00f3ria de Jo\u00e3o Edmar Wolff, que esteve \u00e0 frente do hospital, por 19 anos,\u00a0 per\u00edodo de profunda reorganiza\u00e7\u00e3o administrativa e financeira. Em um cen\u00e1rio de dificuldades operacionais e desafios relacionados \u00e0 sustentabilidade da institui\u00e7\u00e3o, sua gest\u00e3o conduziu medidas voltadas \u00e0 recupera\u00e7\u00e3o da credibilidade do hospital, regulariza\u00e7\u00e3o fiscal, fortalecimento das equipes internas e amplia\u00e7\u00e3o da capacidade assistencial. Ap\u00f3s receber uma placa como forma de agradecimento, falou emocionado sobre o seu legado.<\/div>\n<\/div>\n<div>\u00a0<\/div>\n<div><img loading=\"lazy\" decoding=\"async\" class=\"alignnone size-medium wp-image-84606 aligncenter\" src=\"http:\/\/sol.fm.br\/radio\/wp-content\/uploads\/2026\/04\/52-1-400x300.jpg\" alt=\"\" width=\"400\" height=\"300\" srcset=\"http:\/\/sol.fm.br\/radio\/wp-content\/uploads\/2026\/04\/52-1-400x300.jpg 400w, http:\/\/sol.fm.br\/radio\/wp-content\/uploads\/2026\/04\/52-1-768x576.jpg 768w, http:\/\/sol.fm.br\/radio\/wp-content\/uploads\/2026\/04\/52-1-1536x1152.jpg 1536w, http:\/\/sol.fm.br\/radio\/wp-content\/uploads\/2026\/04\/52-1-2048x1536.jpg 2048w\" sizes=\"auto, (max-width: 400px) 100vw, 400px\" \/><\/div>\n<div>\n<div aria-hidden=\"true\">\u00a0<\/div>\n<div>\"<em>Normalmente, quando percebo que posso ajudar, eu n\u00e3o fico de lado. Na \u00e9poca em que o Hospital Sapiranga enfrentava muitas dificuldades, existia um grupo de pessoas da comunidade e empres\u00e1rios que se reunia constantemente para tentar manter a institui\u00e7\u00e3o funcionando. Lembro que, em algumas semanas de pagamento, precis\u00e1vamos nos cotizar para conseguir manter a folha salarial em dia. Era um per\u00edodo muito dif\u00edcil, de muita preocupa\u00e7\u00e3o, mas tamb\u00e9m de uni\u00e3o e comprometimento com o hospital.\u00a0Em determinados momentos, entendemos que algumas mudan\u00e7as precisavam acontecer, porque a institui\u00e7\u00e3o n\u00e3o podia mais continuar acumulando preju\u00edzos. Houve decis\u00f5es importantes, mudan\u00e7as na gest\u00e3o e uma mobiliza\u00e7\u00e3o muito grande de empres\u00e1rios e lideran\u00e7as da comunidade. Participei desse processo porque acreditava que o hospital precisava sobreviver e continuar atendendo a popula\u00e7\u00e3o<\/em>\", discursou.<\/div>\n<div aria-hidden=\"true\">\u00a0<\/div>\n<div>Entre os principais avan\u00e7os do per\u00edodo estiveram a implanta\u00e7\u00e3o da UTI Neonatal, a moderniza\u00e7\u00e3o dos setores de atendimento ao paciente, como as unidades de interna\u00e7\u00e3o, bloco cir\u00fargico, centro de parto normal e diagn\u00f3stico. Al\u00e9m da amplia\u00e7\u00e3o de servi\u00e7os a busca permanente por qualifica\u00e7\u00e3o e tecnol\u00f3gicas de ponta.<\/div>\n<\/div>\n<div>\u00a0<\/div>\n<div><img loading=\"lazy\" decoding=\"async\" class=\"size-medium wp-image-84605 alignleft\" src=\"http:\/\/sol.fm.br\/radio\/wp-content\/uploads\/2026\/04\/51-1-400x300.jpg\" alt=\"\" width=\"400\" height=\"300\" srcset=\"http:\/\/sol.fm.br\/radio\/wp-content\/uploads\/2026\/04\/51-1-400x300.jpg 400w, http:\/\/sol.fm.br\/radio\/wp-content\/uploads\/2026\/04\/51-1-768x576.jpg 768w, http:\/\/sol.fm.br\/radio\/wp-content\/uploads\/2026\/04\/51-1-1536x1152.jpg 1536w, http:\/\/sol.fm.br\/radio\/wp-content\/uploads\/2026\/04\/51-1-2048x1536.jpg 2048w\" sizes=\"auto, (max-width: 400px) 100vw, 400px\" \/><\/div>\n<div>\n<div aria-hidden=\"true\">\u00a0<\/div>\n<div>Ap\u00f3s 19 anos \u00e0 frente da presid\u00eancia do Hospital Sapiranga, Jo\u00e3o Edmar Wolff encerrou sua gest\u00e3o destacando o crescimento estrutural e assistencial vivido pela institui\u00e7\u00e3o ao longo do per\u00edodo. Em sua manifesta\u00e7\u00e3o, ressaltou o avan\u00e7o constante do hospital, a necessidade permanente de uni\u00e3o para manter os investimentos e o cen\u00e1rio de transforma\u00e7\u00e3o tecnol\u00f3gica que dever\u00e1 marcar os pr\u00f3ximos anos da institui\u00e7\u00e3o, especialmente com a incorpora\u00e7\u00e3o de novos recursos e processos voltados \u00e0 inova\u00e7\u00e3o em sa\u00fade.<\/div>\n<div>\n<p>\u201c<em>A ideia agora, nessa minha idade, \u00e9 permanecer acompanhando tudo isso um pouco mais de longe, mas vendo o hospital cada vez mais fortalecido. O Hospital Sapiranga se incrementa, melhora e a gente vai pedindo ajuda e sobrevivendo. A nova gest\u00e3o vai entrar em uma fase de novas tecnologias, rob\u00f3ticas e avan\u00e7os ainda maiores. Vai ter muito ainda mais oportunidades do que eu tive at\u00e9 agora o que \u00e9 bom para todos\u201d<\/em>, afirmou o ex-presidente do Hospital Sapiranga, Jo\u00e3o Edmar Wolff.<\/p>\n<\/div>\n<div>Assumir a presid\u00eancia do Hospital Sapiranga representa, para Ricardo Aur\u00e9lio Dietrich, a continuidade de uma trajet\u00f3ria constru\u00edda com di\u00e1logo, responsabilidade coletiva e disposi\u00e7\u00e3o para enfrentar desafios. Formado em Ci\u00eancias Cont\u00e1beis desde 1979, o novo presidente destacou durante a assembleia de transi\u00e7\u00e3o que sua atua\u00e7\u00e3o sempre esteve voltada ao fortalecimento das pessoas e das equipes ao seu redor, tanto no ambiente empresarial quanto nas demais atividades que desenvolve. A chegada \u00e0 presid\u00eancia ocorre em um momento de planejamento estrat\u00e9gico e expans\u00e3o institucional do hospital, alinhado \u00e0s metas do projeto Hospital Sapiranga 2030.<\/div>\n<div>\n<p><em>\u201cEstou bastante entusiasmado. Sou uma pessoa que normalmente n\u00e3o interfere sem antes me informar muito. Gosto de entender, ouvir e buscar conhecimento para poder ajudar todos ao meu redor. Isso \u00e9 algo que levo para todos os lugares onde atuo e \u00e9 isso que me faz sentir bem. Por isso estou aceitando esse desafio<\/em>\u201d, afirmou o presidente do Hospital Sapiranga, Ricardo Aur\u00e9lio Dietrich.<\/p>\n<\/div>\n<div>Empres\u00e1rio da regi\u00e3o metropolitana e fundador da Plastibordo, Ricardo Aur\u00e9lio Dietrich construiu trajet\u00f3ria ligada ao empreendedorismo e ao desenvolvimento regional. Natural de Araric\u00e1, recebeu ao longo dos \u00faltimos anos homenagens e distin\u00e7\u00f5es por iniciativas voltadas ao fortalecimento econ\u00f4mico e social da comunidade, incluindo o t\u00edtulo de Cidad\u00e3o Arariquense e o Trof\u00e9u Liberdade da Assembleia Legislativa do Rio Grande do Sul. Entre as a\u00e7\u00f5es destacadas est\u00e3o contribui\u00e7\u00f5es para a constru\u00e7\u00e3o das sedes da APAE e da Liga Feminina de Combate ao C\u00e2ncer de Araric\u00e1.<\/div>\n<div aria-hidden=\"true\">\u00a0<\/div>\n<div>Com 82 anos de trajet\u00f3ria, o Hospital Sapiranga consolidou-se como uma das principais refer\u00eancias em sa\u00fade da regi\u00e3o do Vale do Sinos, reunindo tradi\u00e7\u00e3o, atendimento humanizado e constante investimento em qualifica\u00e7\u00e3o assistencial. Ao longo das d\u00e9cadas, a institui\u00e7\u00e3o ampliou sua estrutura, modernizou servi\u00e7os e fortaleceu seu papel junto \u00e0 comunidade, mantendo como princ\u00edpio o cuidado centrado nas pessoas. Atualmente, o hospital tamb\u00e9m avan\u00e7a na constru\u00e7\u00e3o do planejamento estrat\u00e9gico Hospital Sapiranga 2030, iniciativa que projeta os pr\u00f3ximos anos da institui\u00e7\u00e3o a partir de pilares ligados \u00e0 excel\u00eancia, crescimento sustent\u00e1vel e relacionamento humano. O movimento evidencia uma trajet\u00f3ria cont\u00ednua de evolu\u00e7\u00e3o institucional, buscando ampliar o impacto do hospital para al\u00e9m da assist\u00eancia em sa\u00fade, conectando conhecimento, responsabilidade e transforma\u00e7\u00e3o social.<\/div>\n<div aria-hidden=\"true\">\u00a0<\/div>\n<div>Ainda aproveitando o momento de transi\u00e7\u00e3o, foi realizado o lan\u00e7amento de um grande e audacioso projeto de amplia\u00e7\u00e3o e moderniza\u00e7\u00e3o dos acessos do Hospital Sapiranga, bem como a amplia\u00e7\u00e3o de unidade de interna\u00e7\u00e3o e diagn\u00f3stico. Sendo que o presidente eleito junto com todas a diretoria sem comprometeu em dar continuidade a busca de recursos para seguir avan\u00e7ando em busca de amplia\u00e7\u00e3o, modernidade e atualiza\u00e7\u00f5es tecnol\u00f3gicas.\u00a0 \u00a0<\/div>\n<p><strong>Diretoria<\/strong><\/p>\n<p>Presidente: Ricardo Aur\u00e9lio Dietrich<\/p>\n<p>Vice-presidente: Alceu Klein<\/p>\n<p>Secret\u00e1ria: Sara Helena Weber<\/p>\n<p>Vice-secret\u00e1rio: Jo\u00e3o Carlos Zwetsch<\/p>\n<p>Tesoureiro: Gilberto Pedro Fetter<\/p>\n<p>Vice-tesoureiro: Paulo Reinaldo Zwetsch<\/p>\n<p><strong>Conselho Fiscal<\/strong><\/p>\n<p>Romeu Gustavo Klein<\/p>\n<p>Nereu Schmitt Carraro<\/p>\n<p>Gustavo Bolzan<\/p>\n<p>\u00a0<\/p>\n<p aria-hidden=\"true\"><strong style=\"color: initial;\">Sobre o Hospital Sapiranga<\/strong><\/p>\n<\/div>\n<div>\n<div>\n<div>O Hospital Sapiranga \u00e9 uma entidade privada, de car\u00e1ter filantr\u00f3pico, sendo refer\u00eancia para conv\u00eanios e privados para toda a regi\u00e3o, e para o Sistema \u00danico de Sa\u00fade (SUS) aos munic\u00edpios de Sapiranga, Araric\u00e1 e Nova Hartz.<\/div>\n<div aria-hidden=\"true\">\u00a0<\/div>\n<div>Prop\u00f3sito:\u00a0Cuidar das pessoas, aqui toda vida importa.<\/div>\n<div aria-hidden=\"true\">\u00a0<\/div>\n<div>Miss\u00e3o: Cuidar das pessoas com excel\u00eancia, promovendo sa\u00fade e bem-estar.<\/div>\n<div aria-hidden=\"true\">\u00a0<\/div>\n<div>Valores:\u00a0Comprometimento |\u00a0Respeito | Humaniza\u00e7\u00e3o | Responsabilidade | Transpar\u00eancia | Inova\u00e7\u00e3o\u00a0<\/div>\n<hr \/>\n<h6><strong>PlayPress | Hospital Sapiranga | Reda\u00e7\u00e3o e fotos: Marcelo Matusiak<\/strong><\/h6>\n<\/div>\n<\/div>\n\n\n<center><iframe loading=\"lazy\" class=\"jmvplayer\" src=\"https:\/\/player.jmvstream.com\/lvw\/YYGWo5wfZuZ8fEW7Qoq1ISwhLSEDhU\" allowfullscreen allow=\"autoplay; fullscreen\" frameborder=\"0\" width=\"640\" height=\"360\" ><\/iframe><\/center>\n<\/div><\/div>","protected":false},"excerpt":{"rendered":"<p>Assembleia Geral marcou presta\u00e7\u00e3o de contas, transi\u00e7\u00e3o de gest\u00e3o e reconhecimento a um dos ciclos mais importantes da institui\u00e7\u00e3o A transi\u00e7\u00e3o da presid\u00eancia do Hospital Sapiranga marcou o in\u00edcio de uma nova etapa para a institui\u00e7\u00e3o e tamb\u00e9m prestou reconhecimento a uma das gest\u00f5es mais relevantes da sua hist\u00f3ria.\u00a0Realizada no in\u00edcio da noite desta ter\u00e7a-feira, [&hellip;]<\/p>\n","protected":false},"author":4,"featured_media":84604,"comment_status":"open","ping_status":"open","sticky":false,"template":"","format":"standard","meta":{"footnotes":""},"categories":[1],"tags":[],"class_list":["post-84603","post","type-post","status-publish","format-standard","has-post-thumbnail","hentry","category-sem-categoria"],"_links":{"self":[{"href":"http:\/\/sol.fm.br\/radio\/wp-json\/wp\/v2\/posts\/84603","targetHints":{"allow":["GET"]}}],"collection":[{"href":"http:\/\/sol.fm.br\/radio\/wp-json\/wp\/v2\/posts"}],"about":[{"href":"http:\/\/sol.fm.br\/radio\/wp-json\/wp\/v2\/types\/post"}],"author":[{"embeddable":true,"href":"http:\/\/sol.fm.br\/radio\/wp-json\/wp\/v2\/users\/4"}],"replies":[{"embeddable":true,"href":"http:\/\/sol.fm.br\/radio\/wp-json\/wp\/v2\/comments?post=84603"}],"version-history":[{"count":1,"href":"http:\/\/sol.fm.br\/radio\/wp-json\/wp\/v2\/posts\/84603\/revisions"}],"predecessor-version":[{"id":84607,"href":"http:\/\/sol.fm.br\/radio\/wp-json\/wp\/v2\/posts\/84603\/revisions\/84607"}],"wp:featuredmedia":[{"embeddable":true,"href":"http:\/\/sol.fm.br\/radio\/wp-json\/wp\/v2\/media\/84604"}],"wp:attachment":[{"href":"http:\/\/sol.fm.br\/radio\/wp-json\/wp\/v2\/media?parent=84603"}],"wp:term":[{"taxonomy":"category","embeddable":true,"href":"http:\/\/sol.fm.br\/radio\/wp-json\/wp\/v2\/categories?post=84603"},{"taxonomy":"post_tag","embeddable":true,"href":"http:\/\/sol.fm.br\/radio\/wp-json\/wp\/v2\/tags?post=84603"}],"curies":[{"name":"wp","href":"https:\/\/api.w.org\/{rel}","templated":true}]}}