{"id":84619,"date":"2026-04-30T09:50:36","date_gmt":"2026-04-30T12:50:36","guid":{"rendered":"http:\/\/sol.fm.br\/radio\/?p=84619"},"modified":"2026-04-30T09:50:38","modified_gmt":"2026-04-30T12:50:38","slug":"amrigs-promove-discussao-sobre-eficiencia-transparencia-e-sustentabilidade-nos-contratos-de-organizacoes-sociais-de-saude-no-sus","status":"publish","type":"post","link":"http:\/\/sol.fm.br\/radio\/amrigs-promove-discussao-sobre-eficiencia-transparencia-e-sustentabilidade-nos-contratos-de-organizacoes-sociais-de-saude-no-sus\/","title":{"rendered":"AMRIGS promove discuss\u00e3o sobre efici\u00eancia, transpar\u00eancia e sustentabilidade nos contratos de Organiza\u00e7\u00f5es Sociais de Sa\u00fade no SUS"},"content":{"rendered":"<div id=\"dslc-theme-content\"><div id=\"dslc-theme-content-inner\"><p style=\"text-align: center;\"><i data-olk-copy-source=\"MessageBody\">Encontro reunir\u00e1 especialistas, gestores e \u00f3rg\u00e3os de controle para discutir caminhos t\u00e9cnicos que fortale\u00e7am a assist\u00eancia p\u00fablica e a governan\u00e7a institucional<\/i><\/p>\n<div>\n<div>Debater a aplica\u00e7\u00e3o dos recursos p\u00fablicos na sa\u00fade \u00e9 fundamental para garantir atendimento de qualidade \u00e0 popula\u00e7\u00e3o. Situa\u00e7\u00f5es como a administra\u00e7\u00e3o de hospitais por Organiza\u00e7\u00f5es Sociais de Sa\u00fade (OSS), em que uma entidade privada assume a condu\u00e7\u00e3o de um servi\u00e7o p\u00fablico, impactam diretamente desde o tempo de espera por consultas at\u00e9 a oferta de exames e a continuidade do cuidado. Diante desse cen\u00e1rio, a Associa\u00e7\u00e3o M\u00e9dica do Rio Grande do Sul (AMRIGS) realiza, no dia 8 de maio, nas Salas Multiuso em sua sede, em Porto Alegre, o encontro OSS no SUS: Efici\u00eancia na Gest\u00e3o e Sustentabilidade Institucional. A atividade reunir\u00e1 representantes do Poder Judici\u00e1rio, Minist\u00e9rio P\u00fablico, \u00f3rg\u00e3os de controle, gestores p\u00fablicos, entidades m\u00e9dicas, academia e sociedade civil para examinar, de forma t\u00e9cnica, como assegurar maior desempenho operacional nesses instrumentos, sem abrir m\u00e3o da transpar\u00eancia, da previsibilidade or\u00e7ament\u00e1ria e da integridade administrativa.<\/div>\n<div aria-hidden=\"true\">\u00a0<\/div>\n<div>A agenda ter\u00e1 in\u00edcio \u00e0s 13h30min e seguir\u00e1 ao longo da tarde com mesas dedicadas ao diagn\u00f3stico institucional do modelo, \u00e0 viabilidade econ\u00f4mico-financeira e aos mecanismos de governan\u00e7a, fiscaliza\u00e7\u00e3o e acompanhamento de resultados.<\/div>\n<div aria-hidden=\"true\">\u00a0<\/div>\n<div><em>\u201cO objetivo \u00e9 criar um ambiente de di\u00e1logo plural e propositivo sobre a gest\u00e3o das OSS no SUS, com foco em solu\u00e7\u00f5es que contribuam para maior seguran\u00e7a e melhor atendimento \u00e0 popula\u00e7\u00e3o\u201d<\/em>, declarou o vice-presidente da AMRIGS, Dr. Paulo Morassutti.<\/div>\n<div aria-hidden=\"true\">\u00a0<\/div>\n<div>A programa\u00e7\u00e3o prev\u00ea, na primeira mesa, uma an\u00e1lise sobre a origem e a expans\u00e3o do modelo no Brasil, seus benef\u00edcios administrativos, vulnerabilidades recorrentes e impactos na continuidade assistencial. Na sequ\u00eancia, a discuss\u00e3o abordar\u00e1 a exequibilidade econ\u00f4mico-financeira, os efeitos de contratos firmados apenas pelo menor pre\u00e7o, a aus\u00eancia de mecanismos de repactua\u00e7\u00e3o e a necessidade de instrumentos preventivos que garantam equil\u00edbrio e perenidade. No terceiro painel, o foco estar\u00e1 em governan\u00e7a, transpar\u00eancia ativa, indicadores audit\u00e1veis, compliance e ferramentas modernas de monitoramento.<\/div>\n<div aria-hidden=\"true\">\u00a0<\/div>\n<div>Entre os palestrantes confirmados est\u00e3o a m\u00e9dica sanitarista L\u00edgia Bahia, da Universidade Federal do Rio de Janeiro (UFRJ) e da Funda\u00e7\u00e3o Oswaldo Cruz (Fiocruz); a pesquisadora em Pol\u00edticas P\u00fablicas de Sa\u00fade Francis Sodr\u00e9; e o economista Fl\u00e1vio Jos\u00e9 Domingos, da Universidade Federal de Alagoas (UFAL). O encontro tamb\u00e9m contar\u00e1 com debatedores convidados que participar\u00e3o de todas as mesas: o coordenador do Centro de Apoio Operacional dos Direitos Humanos e da Prote\u00e7\u00e3o aos Vulner\u00e1veis (CAODH), Leonardo Menin; o delegado de Pol\u00edcia Federal, Aldronei Rodrigues; o procurador do Minist\u00e9rio P\u00fablico de Contas do Estado do Rio Grande do Sul, Geraldo Costa da Camino; e o procurador de Justi\u00e7a do Minist\u00e9rio P\u00fablico do Estado de S\u00e3o Paulo e presidente do Instituto N\u00e3o Aceito Corrup\u00e7\u00e3o (INAC), Roberto Livianu.<\/div>\n<div aria-hidden=\"true\">\u00a0<\/div>\n<div>Ao final da atividade, ser\u00e1 formatada e apresentada a Carta de Porto Alegre, documento-s\u00edntese com diretrizes debatidas ao longo da tarde, incluindo propostas para aprimoramento dos mecanismos de reequil\u00edbrio contratual, uso adequado de emendas parlamentares, fortalecimento de pol\u00edticas de dados abertos, auditoria independente e instrumentos institucionais de accountability. A expectativa \u00e9 que a iniciativa contribua para consolidar refer\u00eancias t\u00e9cnicas capazes de qualificar a administra\u00e7\u00e3o p\u00fablica e preservar a regularidade da assist\u00eancia no SUS.<\/div>\n<div aria-hidden=\"true\">\u00a0<\/div>\n<div>As inscri\u00e7\u00f5es para o evento podem ser realizadas de forma gratuita em\u00a0<a title=\"https:\/\/bit.ly\/OSSnoSUS\" href=\"https:\/\/bit.ly\/OSSnoSUS\" target=\"_blank\" rel=\"noreferrer noopener\" shape=\"rect\" data-auth=\"NotApplicable\" data-linkindex=\"0\">https:\/\/bit.ly\/OSSnoSUS<\/a>\u00a0<\/div>\n<div aria-hidden=\"true\">\u00a0<\/div>\n<div>\u00a0<\/div>\n<div><strong style=\"color: initial;\">Sobre a AMRIGS<\/strong><\/div>\n<\/div>\n<div>\n<div class=\"x_yiv4836676091ydp93e098a2yiv4565426174elementor-element x_yiv4836676091ydp93e098a2yiv4565426174elementor-element-83e6b3c x_yiv4836676091ydp93e098a2yiv4565426174elementor-widget x_yiv4836676091ydp93e098a2yiv4565426174elementor-widget-text-editor\">\n<div class=\"x_yiv4836676091ydp93e098a2yiv4565426174elementor-widget-container\">\n<p>A Associa\u00e7\u00e3o M\u00e9dica do Rio Grande do Sul \u00e9 uma organiza\u00e7\u00e3o sem fins lucrativos voltada para a atualiza\u00e7\u00e3o do conhecimento t\u00e9cnico-cient\u00edfico e para a realiza\u00e7\u00e3o de debates cient\u00edfico-culturais relacionados \u00e0 sa\u00fade, \u00e0 Medicina e \u00e0 vida profissional. Desde o momento de sua funda\u00e7\u00e3o em 1951, a AMRIGS integra a vida do m\u00e9dico em todas as etapas da profiss\u00e3o, tendo como objetivos:<\/p>\n<\/div>\n<\/div>\n<div class=\"x_yiv4836676091ydp93e098a2yiv4565426174elementor-element x_yiv4836676091ydp93e098a2yiv4565426174elementor-element-f227bbf x_yiv4836676091ydp93e098a2yiv4565426174elementor-align-left x_yiv4836676091ydp93e098a2yiv4565426174elementor-icon-list--layout-traditional x_yiv4836676091ydp93e098a2yiv4565426174elementor-list-item-link-full_width x_yiv4836676091ydp93e098a2yiv4565426174elementor-widget x_yiv4836676091ydp93e098a2yiv4565426174elementor-widget-icon-list\">\n<div class=\"x_yiv4836676091ydp93e098a2yiv4565426174elementor-widget-container\">\n<ul class=\"x_yiv4836676091ydp93e098a2yiv4565426174elementor-icon-list-items\">\n<li class=\"x_yiv4836676091ydp93e098a2yiv4565426174elementor-icon-list-item\"><span class=\"x_yiv4836676091ydp93e098a2yiv4565426174elementor-icon-list-text\">Fomentar a ci\u00eancia e a cultura m\u00e9dica;<\/span><\/li>\n<li class=\"x_yiv4836676091ydp93e098a2yiv4565426174elementor-icon-list-item\"><span class=\"x_yiv4836676091ydp93e098a2yiv4565426174elementor-icon-list-text\">Promover a defesa profissional;<\/span><\/li>\n<li class=\"x_yiv4836676091ydp93e098a2yiv4565426174elementor-icon-list-item\"><span class=\"x_yiv4836676091ydp93e098a2yiv4565426174elementor-icon-list-text\">Fortalecer o associativismo e a representatividade m\u00e9dica;<\/span><\/li>\n<li class=\"x_yiv4836676091ydp93e098a2yiv4565426174elementor-icon-list-item\"><span class=\"x_yiv4836676091ydp93e098a2yiv4565426174elementor-icon-list-text\">Ser influenciadora como entidade protagonista de a\u00e7\u00f5es em prol da sa\u00fade.<\/span><\/li>\n<\/ul>\n<hr \/>\n<h6><strong>PlayPress | AMRIGS - Associa\u00e7\u00e3o M\u00e9dica do Rio Grande do Sul\u00a0 | Reda\u00e7\u00e3o: Marcelo Matusiak<\/strong><\/h6>\n<\/div>\n<\/div>\n<\/div>\n\n\n<center><iframe loading=\"lazy\" class=\"jmvplayer\" src=\"https:\/\/player.jmvstream.com\/lvw\/YYGWo5wfZuZ8fEW7Qoq1ISwhLSEDhU\" allowfullscreen allow=\"autoplay; fullscreen\" frameborder=\"0\" width=\"640\" height=\"360\" ><\/iframe><\/center>\n<\/div><\/div>","protected":false},"excerpt":{"rendered":"<p>Encontro reunir\u00e1 especialistas, gestores e \u00f3rg\u00e3os de controle para discutir caminhos t\u00e9cnicos que fortale\u00e7am a assist\u00eancia p\u00fablica e a governan\u00e7a institucional Debater a aplica\u00e7\u00e3o dos recursos p\u00fablicos na sa\u00fade \u00e9 fundamental para garantir atendimento de qualidade \u00e0 popula\u00e7\u00e3o. Situa\u00e7\u00f5es como a administra\u00e7\u00e3o de hospitais por Organiza\u00e7\u00f5es Sociais de Sa\u00fade (OSS), em que uma entidade privada [&hellip;]<\/p>\n","protected":false},"author":4,"featured_media":84620,"comment_status":"open","ping_status":"open","sticky":false,"template":"","format":"standard","meta":{"footnotes":""},"categories":[1],"tags":[],"class_list":["post-84619","post","type-post","status-publish","format-standard","has-post-thumbnail","hentry","category-sem-categoria"],"_links":{"self":[{"href":"http:\/\/sol.fm.br\/radio\/wp-json\/wp\/v2\/posts\/84619","targetHints":{"allow":["GET"]}}],"collection":[{"href":"http:\/\/sol.fm.br\/radio\/wp-json\/wp\/v2\/posts"}],"about":[{"href":"http:\/\/sol.fm.br\/radio\/wp-json\/wp\/v2\/types\/post"}],"author":[{"embeddable":true,"href":"http:\/\/sol.fm.br\/radio\/wp-json\/wp\/v2\/users\/4"}],"replies":[{"embeddable":true,"href":"http:\/\/sol.fm.br\/radio\/wp-json\/wp\/v2\/comments?post=84619"}],"version-history":[{"count":1,"href":"http:\/\/sol.fm.br\/radio\/wp-json\/wp\/v2\/posts\/84619\/revisions"}],"predecessor-version":[{"id":84621,"href":"http:\/\/sol.fm.br\/radio\/wp-json\/wp\/v2\/posts\/84619\/revisions\/84621"}],"wp:featuredmedia":[{"embeddable":true,"href":"http:\/\/sol.fm.br\/radio\/wp-json\/wp\/v2\/media\/84620"}],"wp:attachment":[{"href":"http:\/\/sol.fm.br\/radio\/wp-json\/wp\/v2\/media?parent=84619"}],"wp:term":[{"taxonomy":"category","embeddable":true,"href":"http:\/\/sol.fm.br\/radio\/wp-json\/wp\/v2\/categories?post=84619"},{"taxonomy":"post_tag","embeddable":true,"href":"http:\/\/sol.fm.br\/radio\/wp-json\/wp\/v2\/tags?post=84619"}],"curies":[{"name":"wp","href":"https:\/\/api.w.org\/{rel}","templated":true}]}}