{"id":84622,"date":"2026-04-30T09:57:54","date_gmt":"2026-04-30T12:57:54","guid":{"rendered":"http:\/\/sol.fm.br\/radio\/?p=84622"},"modified":"2026-04-30T09:57:56","modified_gmt":"2026-04-30T12:57:56","slug":"especialistas-debatem-feminicidio-e-politicas-de-enfrentamento-em-evento-na-faccat","status":"publish","type":"post","link":"http:\/\/sol.fm.br\/radio\/especialistas-debatem-feminicidio-e-politicas-de-enfrentamento-em-evento-na-faccat\/","title":{"rendered":"Especialistas debatem feminic\u00eddio e pol\u00edticas de enfrentamento em evento na Faccat"},"content":{"rendered":"<div id=\"dslc-theme-content\"><div id=\"dslc-theme-content-inner\"><div style=\"text-align: center;\"><em>Feminic\u00eddio e Viol\u00eancia de G\u00eanero em Debate<\/em><\/div>\n<div>\u00a0<\/div>\n<div>\n<p><img loading=\"lazy\" decoding=\"async\" class=\"size-medium wp-image-84624 alignleft\" src=\"http:\/\/sol.fm.br\/radio\/wp-content\/uploads\/2026\/04\/21-6-320x400.jpg\" alt=\"\" width=\"320\" height=\"400\" srcset=\"http:\/\/sol.fm.br\/radio\/wp-content\/uploads\/2026\/04\/21-6-320x400.jpg 320w, http:\/\/sol.fm.br\/radio\/wp-content\/uploads\/2026\/04\/21-6-768x960.jpg 768w, http:\/\/sol.fm.br\/radio\/wp-content\/uploads\/2026\/04\/21-6.jpg 1080w\" sizes=\"auto, (max-width: 320px) 100vw, 320px\" \/><\/p>\n<p class=\"x_yiv3878431330ydp4b7f8194yiv9696934098MsoNormal\">Um tema muito importante e muito atual ser\u00e1 debatido nas Faculdades Integradas de Taquara, na noite de 13 de maio. Trata-se da palestra \u201cFeminic\u00eddio e Viol\u00eancia de G\u00eanero: Evid\u00eancias, Pol\u00edticas e Perspectivas de Enfrentamento\u201d. O encontro ser\u00e1 ministrado pela Dra. Anabel Guedes Pess\u00f4a Nolasco e pela Tenente-Coronel Karine Pires Soares, no audit\u00f3rio 3 do Centro de Eventos, a partir das 19h30. Com inscri\u00e7\u00e3o gratuita, pede-se a doa\u00e7\u00e3o de 2 quilos de alimentos n\u00e3o perec\u00edveis a serem entregues no dia do debate. \u00a0\u00a0Os alimentos ser\u00e3o destinados a entidades que atuam na prote\u00e7\u00e3o e apoio a mulheres v\u00edtimas de viol\u00eancia. A realiza\u00e7\u00e3o \u00e9 do Programa de P\u00f3s-gradua\u00e7\u00e3o em Desenvolvimento Regional (Mestrado) da Faccat. Inscri\u00e7\u00f5es em\u00a0<a title=\"http:\/\/www.faccat.br\/cursoseeventos\" href=\"http:\/\/www.faccat.br\/cursoseeventos\" target=\"_blank\" rel=\"noreferrer noopener\" shape=\"rect\" data-auth=\"NotApplicable\" data-linkindex=\"0\">www.faccat.br\/cursoseeventos<\/a>\u00a0.<\/p>\n<p class=\"x_yiv3878431330ydp4b7f8194yiv9696934098MsoNormal\">Conforme o coordenador do Mestrado, prof. Dr. Roberto Tadeu Ramos Morais, um evento como este pode ser compreendido em tr\u00eas n\u00edveis articulados, que s\u00e3o o acad\u00eamico-cient\u00edfico; social-pol\u00edtico; e regional-territorial. \u201c<em>Estudos indicam que a viol\u00eancia contra a mulher interfere no desenvolvimento regional ao produzir vulnerabilidades sociais e sobrecarga institucional, exigindo pol\u00edticas p\u00fablicas eficazes e territorialmente adaptadas<\/em>\u201d, salienta Morais. Ele ainda comenta que a viol\u00eancia contra a mulher \u00e9 um problema estrutural e persistente, ligado \u00e0s desigualdades de g\u00eanero, cultura patriarcal e falhas institucionais.<\/p>\n<p class=\"x_yiv3878431330ydp4b7f8194yiv9696934098MsoNormal\" aria-hidden=\"true\">\u00a0<\/p>\n<p class=\"x_yiv3878431330ydp4b7f8194yiv9696934098MsoNormal\"><b>Conhe\u00e7a as palestrantes:<\/b><\/p>\n<p class=\"x_yiv3878431330ydp4b7f8194yiv9696934098MsoNormal\">Dra. Anabel Guedes Pess\u00f4a Nolasco - Cofundadora e Coordenadora Jur\u00eddica do Instituto Maria da Penha. Coordenadora do Programa \u201cAs Penhas\u201d e idealizadora do Programa \u201cAs Penhas Mirins\u201d. Doutora em Direito pela Universidade Cat\u00f3lica de Pernambuco e professora da Universidade Federal Rural de Pernambuco.<\/p>\n<p class=\"x_yiv3878431330ydp4b7f8194yiv9696934098MsoNormal\">Tenente-Coronel Karine Pires Soares - Atuou como Coordenadora Estadual das Patrulhas Maria da Penha, com experi\u00eancia na implementa\u00e7\u00e3o de pol\u00edticas p\u00fablicas voltadas \u00e0 prote\u00e7\u00e3o de mulheres em situa\u00e7\u00e3o de viol\u00eancia.<\/p>\n<p style=\"text-align: center;\"><img loading=\"lazy\" decoding=\"async\" class=\"alignnone size-medium wp-image-84626\" src=\"http:\/\/sol.fm.br\/radio\/wp-content\/uploads\/2026\/04\/22-2-334x400.jpg\" alt=\"\" width=\"334\" height=\"400\" srcset=\"http:\/\/sol.fm.br\/radio\/wp-content\/uploads\/2026\/04\/22-2-334x400.jpg 334w, http:\/\/sol.fm.br\/radio\/wp-content\/uploads\/2026\/04\/22-2-768x919.jpg 768w, http:\/\/sol.fm.br\/radio\/wp-content\/uploads\/2026\/04\/22-2.jpg 885w\" sizes=\"auto, (max-width: 334px) 100vw, 334px\" \/> <img loading=\"lazy\" decoding=\"async\" class=\"alignnone size-medium wp-image-84625\" src=\"http:\/\/sol.fm.br\/radio\/wp-content\/uploads\/2026\/04\/23-319x400.png\" alt=\"\" width=\"319\" height=\"400\" srcset=\"http:\/\/sol.fm.br\/radio\/wp-content\/uploads\/2026\/04\/23-319x400.png 319w, http:\/\/sol.fm.br\/radio\/wp-content\/uploads\/2026\/04\/23.png 600w\" sizes=\"auto, (max-width: 319px) 100vw, 319px\" \/><\/p>\n<hr \/>\n<h6><strong>Faculdades Integradas de Taquara - Faccat | Assessoria de Imprensa - FACCAT | Fotos: Divulga\u00e7\u00e3o<\/strong><\/h6>\n<\/div>\n\n\n<center><iframe loading=\"lazy\" class=\"jmvplayer\" src=\"https:\/\/player.jmvstream.com\/lvw\/YYGWo5wfZuZ8fEW7Qoq1ISwhLSEDhU\" allowfullscreen allow=\"autoplay; fullscreen\" frameborder=\"0\" width=\"640\" height=\"360\" ><\/iframe><\/center>\n<\/div><\/div>","protected":false},"excerpt":{"rendered":"<p>Feminic\u00eddio e Viol\u00eancia de G\u00eanero em Debate \u00a0 Um tema muito importante e muito atual ser\u00e1 debatido nas Faculdades Integradas de Taquara, na noite de 13 de maio. Trata-se da palestra \u201cFeminic\u00eddio e Viol\u00eancia de G\u00eanero: Evid\u00eancias, Pol\u00edticas e Perspectivas de Enfrentamento\u201d. O encontro ser\u00e1 ministrado pela Dra. Anabel Guedes Pess\u00f4a Nolasco e pela Tenente-Coronel [&hellip;]<\/p>\n","protected":false},"author":4,"featured_media":84623,"comment_status":"open","ping_status":"open","sticky":false,"template":"","format":"standard","meta":{"footnotes":""},"categories":[1],"tags":[],"class_list":["post-84622","post","type-post","status-publish","format-standard","has-post-thumbnail","hentry","category-sem-categoria"],"_links":{"self":[{"href":"http:\/\/sol.fm.br\/radio\/wp-json\/wp\/v2\/posts\/84622","targetHints":{"allow":["GET"]}}],"collection":[{"href":"http:\/\/sol.fm.br\/radio\/wp-json\/wp\/v2\/posts"}],"about":[{"href":"http:\/\/sol.fm.br\/radio\/wp-json\/wp\/v2\/types\/post"}],"author":[{"embeddable":true,"href":"http:\/\/sol.fm.br\/radio\/wp-json\/wp\/v2\/users\/4"}],"replies":[{"embeddable":true,"href":"http:\/\/sol.fm.br\/radio\/wp-json\/wp\/v2\/comments?post=84622"}],"version-history":[{"count":1,"href":"http:\/\/sol.fm.br\/radio\/wp-json\/wp\/v2\/posts\/84622\/revisions"}],"predecessor-version":[{"id":84627,"href":"http:\/\/sol.fm.br\/radio\/wp-json\/wp\/v2\/posts\/84622\/revisions\/84627"}],"wp:featuredmedia":[{"embeddable":true,"href":"http:\/\/sol.fm.br\/radio\/wp-json\/wp\/v2\/media\/84623"}],"wp:attachment":[{"href":"http:\/\/sol.fm.br\/radio\/wp-json\/wp\/v2\/media?parent=84622"}],"wp:term":[{"taxonomy":"category","embeddable":true,"href":"http:\/\/sol.fm.br\/radio\/wp-json\/wp\/v2\/categories?post=84622"},{"taxonomy":"post_tag","embeddable":true,"href":"http:\/\/sol.fm.br\/radio\/wp-json\/wp\/v2\/tags?post=84622"}],"curies":[{"name":"wp","href":"https:\/\/api.w.org\/{rel}","templated":true}]}}