{"id":84628,"date":"2026-04-30T10:03:33","date_gmt":"2026-04-30T13:03:33","guid":{"rendered":"http:\/\/sol.fm.br\/radio\/?p=84628"},"modified":"2026-04-30T10:03:35","modified_gmt":"2026-04-30T13:03:35","slug":"sicredi-caminho-das-aguas-apresenta-estudio-dilogos-com-ampla-programacao-de-podcasts","status":"publish","type":"post","link":"http:\/\/sol.fm.br\/radio\/sicredi-caminho-das-aguas-apresenta-estudio-dilogos-com-ampla-programacao-de-podcasts\/","title":{"rendered":"Sicredi Caminho das \u00c1guas apresenta Est\u00fadio DiL\u00f3gos com ampla programa\u00e7\u00e3o de podcasts"},"content":{"rendered":"<div id=\"dslc-theme-content\"><div id=\"dslc-theme-content-inner\"><p style=\"text-align: center;\"><i data-olk-copy-source=\"MessageBody\">Programas abordam cooperativismo, educa\u00e7\u00e3o financeira, empreendedorismo local, hist\u00f3ria e literatura, e inova\u00e7\u00e3o<\/i><\/p>\n<div>\n<p>A Sicredi Caminho das \u00c1guas apresenta uma novidade: o\u00a0Est\u00fadio DiL\u00f3gos, um espa\u00e7o de di\u00e1logo, conex\u00e3o e coopera\u00e7\u00e3o. Localizado no Memorial Anneken, em Rolante, no Vale do Paranhana (RS), o est\u00fadio de podcasts da institui\u00e7\u00e3o financeira cooperativa nasce com o prop\u00f3sito de fortalecer os valores do cooperativismo. O lan\u00e7amento oficial ocorreu no \u00faltimo s\u00e1bado, 25 de abril, com a presen\u00e7a da jornalista Carla Fachim como host do epis\u00f3dio de estreia.<\/p>\n<p><img loading=\"lazy\" decoding=\"async\" class=\"alignnone size-medium wp-image-84631 aligncenter\" src=\"http:\/\/sol.fm.br\/radio\/wp-content\/uploads\/2026\/04\/32-400x225.jpg\" alt=\"\" width=\"400\" height=\"225\" srcset=\"http:\/\/sol.fm.br\/radio\/wp-content\/uploads\/2026\/04\/32-400x225.jpg 400w, http:\/\/sol.fm.br\/radio\/wp-content\/uploads\/2026\/04\/32-768x432.jpg 768w, http:\/\/sol.fm.br\/radio\/wp-content\/uploads\/2026\/04\/32-1536x864.jpg 1536w, http:\/\/sol.fm.br\/radio\/wp-content\/uploads\/2026\/04\/32-2048x1152.jpg 2048w\" sizes=\"auto, (max-width: 400px) 100vw, 400px\" \/><\/p>\n<p>Com\u00a0linguagem acess\u00edvel e pr\u00e1tica, os epis\u00f3dios podem ser conferidos em formato de videocast, no\u00a0<a title=\"https:\/\/www.youtube.com\/@Est%C3%BAdioDil%C3%B3gos\" href=\"https:\/\/www.youtube.com\/@Est%C3%BAdioDil%C3%B3gos\" target=\"_blank\" rel=\"noreferrer noopener\" shape=\"rect\" data-auth=\"NotApplicable\" data-linkindex=\"0\">canal do YouTube<\/a>\u00a0do est\u00fadio, e em \u00e1udio, no\u00a0<a title=\"https:\/\/open.spotify.com\/show\/48iBYHtf2RrOg45ASeKgC9?si=299a153374364804\" href=\"https:\/\/open.spotify.com\/show\/48iBYHtf2RrOg45ASeKgC9?si=299a153374364804\" target=\"_blank\" rel=\"noreferrer noopener\" shape=\"rect\" data-auth=\"NotApplicable\" data-linkindex=\"1\">canal do Spotify.<\/a>\u00a0O est\u00fadio pode receber at\u00e9 quatro pessoas por grava\u00e7\u00e3o (incluindo host e convidados) e \u00e9 equipado com microfones profissionais, tr\u00eas c\u00e2meras, ar-condicionado, frigobar e ilumina\u00e7\u00e3o, oferecendo uma infraestrutura completa.<\/p>\n<p>Os podcasts s\u00e3o organizados a partir dos seguintes pilares:\u00a0cooperativismo, educa\u00e7\u00e3o financeira, empreendedorismo local, hist\u00f3ria e literatura, e inova\u00e7\u00e3o. Cada epis\u00f3dio apresenta o contexto geral do assunto abordado, a participa\u00e7\u00e3o de um ou mais convidados e orienta\u00e7\u00f5es pr\u00e1ticas. Um novo programa \u00e9 lan\u00e7ado a cada semana, com rota\u00e7\u00e3o de temas dentro dos pilares.<\/p>\n<p><img loading=\"lazy\" decoding=\"async\" class=\"alignnone size-medium wp-image-84630 aligncenter\" src=\"http:\/\/sol.fm.br\/radio\/wp-content\/uploads\/2026\/04\/31-2-400x225.jpg\" alt=\"\" width=\"400\" height=\"225\" srcset=\"http:\/\/sol.fm.br\/radio\/wp-content\/uploads\/2026\/04\/31-2-400x225.jpg 400w, http:\/\/sol.fm.br\/radio\/wp-content\/uploads\/2026\/04\/31-2-768x432.jpg 768w, http:\/\/sol.fm.br\/radio\/wp-content\/uploads\/2026\/04\/31-2-1536x864.jpg 1536w, http:\/\/sol.fm.br\/radio\/wp-content\/uploads\/2026\/04\/31-2-2048x1152.jpg 2048w\" sizes=\"auto, (max-width: 400px) 100vw, 400px\" \/><\/p>\n<p>De acordo com o assistente de Comunica\u00e7\u00e3o e Marketing e organizador do Est\u00fadio DiL\u00f3gos, Ricardo Ott, o projeto foi criado com o objetivo de aproximar a comunidade de temas que impactam diretamente o seu dia a dia. \u201c<em>O p\u00fablico pode esperar conte\u00fados conectados \u00e0 realidade da regi\u00e3o, que unem conhecimento pr\u00e1tico, hist\u00f3rias locais e princ\u00edpios do cooperativismo, sempre com foco em desenvolvimento sustent\u00e1vel, sa\u00fade financeira e valoriza\u00e7\u00e3o da nossa identidade<\/em>\u201d, explica.<\/p>\n<p>Para o presidente da Sicredi Caminho das \u00c1guas, \u00c1lvaro Link, tornar este projeto realidade \u00e9, sem d\u00favida, um ganho para a regi\u00e3o. \u201c<em>No Est\u00fadio DiL\u00f3gos, o p\u00fablico encontra conte\u00fados produzidos pela nossa pr\u00f3pria cooperativa, que inspiram n\u00e3o apenas a coopera\u00e7\u00e3o em si, mas ao desenvolvimento local e ao poder das pessoas trabalhando juntas por um futuro melhor. Convidamos a comunidade a conferir os programas e fazer parte desse importante movimento<\/em>\u201d, incentiva.<\/p>\n<p>Conhe\u00e7a os cinco podcasts que fazem parte da programa\u00e7\u00e3o do Est\u00fadio DiL\u00f3gos:<\/p>\n<p><strong>:: Ess\u00eancia Cooperativa<\/strong><\/p>\n<p>No pilar Cooperativismo, exp\u00f5e o impacto do cooperativismo na comunidade, na educa\u00e7\u00e3o, na intercoopera\u00e7\u00e3o e na economia, evidenciando sua atua\u00e7\u00e3o local e os seus sete princ\u00edpios em a\u00e7\u00f5es pr\u00e1ticas.\u00a0<\/p>\n<p>O primeiro programa tem como host a comunicadora Amanda Mello.<\/p>\n<p><strong>:: Futuro Pr\u00f3spero<\/strong><\/p>\n<p>No pilar Educa\u00e7\u00e3o Financeira, \u00e9 focado em formar e informar sobre h\u00e1bitos financeiros simples e sustent\u00e1veis, com o intuito de ajudar a organizar o or\u00e7amento, poupar e investir, com temas como reserva de emerg\u00eancia e cr\u00e9dito consciente.<\/p>\n<p>Host: Eduardo Glaeser, gerente de desenvolvimento do cooperativismo da Sicredi\u00a0Caminho das \u00c1guas<\/p>\n<p><strong>:: Caminhos de Valor<\/strong><\/p>\n<p>No pilar Empreendedorismo Local, apresenta hist\u00f3rias de empreendedores locais e suas solu\u00e7\u00f5es de produtos e servi\u00e7os para a regi\u00e3o, de forma a mostrar como produtos financeiros ajudam a construir cases de sucesso.<\/p>\n<p>Host: Francisco Ferreira, vice-presidente da Sicredi Caminho das \u00c1guas (<a title=\"https:\/\/www.youtube.com\/watch?v=QSt0fw9fdwU&amp;t=14s\" href=\"https:\/\/www.youtube.com\/watch?v=QSt0fw9fdwU&amp;t=14s\" target=\"_blank\" rel=\"noreferrer noopener\" shape=\"rect\" data-auth=\"NotApplicable\" data-linkindex=\"2\">j\u00e1 lan\u00e7ado<\/a>)<\/p>\n<p><strong>:: Hist\u00f3rias e Literatura<\/strong><\/p>\n<p>No pilar Hist\u00f3ria e Literatura, \u00e9 dedicado a contar hist\u00f3rias que marcaram a cultura e a identidade da regi\u00e3o, aliando-se \u00e0 literatura, com quadros sobre imigra\u00e7\u00e3o, figuras hist\u00f3ricas e escritores locais.<\/p>\n<p>Host: Rodrigo Steffen, apresentador de TV (<a title=\"https:\/\/www.youtube.com\/watch?v=Yu68zqqx5uU\" href=\"https:\/\/www.youtube.com\/watch?v=Yu68zqqx5uU\" target=\"_blank\" rel=\"noreferrer noopener\" shape=\"rect\" data-auth=\"NotApplicable\" data-linkindex=\"3\">j\u00e1 lan\u00e7ado<\/a>)<\/p>\n<p><strong>:: Inova\u00e7\u00e3o que Gera Valor<\/strong><\/p>\n<p>No pilar Inova\u00e7\u00e3o, explica de forma simples os conceitos b\u00e1sicos de inova\u00e7\u00e3o e mostra seu impacto na vida das pessoas, com o objetivo de dar visibilidade a iniciativas da regi\u00e3o, abordando temas como as quatro h\u00e9lices da inova\u00e7\u00e3o.<\/p>\n<p>Host: Gustavo Piardi, gerente de inova\u00e7\u00e3o da Sicredi Caminho das \u00c1guas<\/p>\n<p>Futuramente, a cooperativa ir\u00e1 disponibilizar o est\u00fadio para uso da comunidade, de forma a viabilizar grava\u00e7\u00f5es de podcasts independentes.<\/p>\n<p aria-hidden=\"true\">\u00a0<\/p>\n<p><strong>Sobre a Sicredi Caminho das \u00c1guas<\/strong><\/p>\n<p>Constitu\u00edda em 1923, a Sicredi Caminho das \u00c1guas integra o Sistema Sicredi \u2013 composto por mais de 100 cooperativas em todo o Brasil. A institui\u00e7\u00e3o oferece um portf\u00f3lio completo com mais de 300 solu\u00e7\u00f5es financeiras para liberar o potencial de pessoas e neg\u00f3cios. Com sede em Rolante (RS), re\u00fane mais de 95 mil associados em uma \u00e1rea de atua\u00e7\u00e3o que abrange 33 munic\u00edpios do Vale do Paranhana e do Litoral Norte ga\u00facho, como Igrejinha, Sapiranga, Taquara, Cap\u00e3o da Canoa, Torres, Os\u00f3rio, Tramanda\u00ed, entre outros.<\/p>\n<hr \/>\n<h6><strong>Sublinha! Comunica\u00e7\u00e3o | Assessoria de Imprensa - Sicredi Caminho das \u00c1guas | Fotos: Lucas Willers<\/strong><\/h6>\n<\/div>\n\n\n<center><iframe loading=\"lazy\" class=\"jmvplayer\" src=\"https:\/\/player.jmvstream.com\/lvw\/YYGWo5wfZuZ8fEW7Qoq1ISwhLSEDhU\" allowfullscreen allow=\"autoplay; fullscreen\" frameborder=\"0\" width=\"640\" height=\"360\" ><\/iframe><\/center>\n<\/div><\/div>","protected":false},"excerpt":{"rendered":"<p>Programas abordam cooperativismo, educa\u00e7\u00e3o financeira, empreendedorismo local, hist\u00f3ria e literatura, e inova\u00e7\u00e3o A Sicredi Caminho das \u00c1guas apresenta uma novidade: o\u00a0Est\u00fadio DiL\u00f3gos, um espa\u00e7o de di\u00e1logo, conex\u00e3o e coopera\u00e7\u00e3o. Localizado no Memorial Anneken, em Rolante, no Vale do Paranhana (RS), o est\u00fadio de podcasts da institui\u00e7\u00e3o financeira cooperativa nasce com o prop\u00f3sito de fortalecer os [&hellip;]<\/p>\n","protected":false},"author":4,"featured_media":84629,"comment_status":"open","ping_status":"open","sticky":false,"template":"","format":"standard","meta":{"footnotes":""},"categories":[1],"tags":[],"class_list":["post-84628","post","type-post","status-publish","format-standard","has-post-thumbnail","hentry","category-sem-categoria"],"_links":{"self":[{"href":"http:\/\/sol.fm.br\/radio\/wp-json\/wp\/v2\/posts\/84628","targetHints":{"allow":["GET"]}}],"collection":[{"href":"http:\/\/sol.fm.br\/radio\/wp-json\/wp\/v2\/posts"}],"about":[{"href":"http:\/\/sol.fm.br\/radio\/wp-json\/wp\/v2\/types\/post"}],"author":[{"embeddable":true,"href":"http:\/\/sol.fm.br\/radio\/wp-json\/wp\/v2\/users\/4"}],"replies":[{"embeddable":true,"href":"http:\/\/sol.fm.br\/radio\/wp-json\/wp\/v2\/comments?post=84628"}],"version-history":[{"count":1,"href":"http:\/\/sol.fm.br\/radio\/wp-json\/wp\/v2\/posts\/84628\/revisions"}],"predecessor-version":[{"id":84632,"href":"http:\/\/sol.fm.br\/radio\/wp-json\/wp\/v2\/posts\/84628\/revisions\/84632"}],"wp:featuredmedia":[{"embeddable":true,"href":"http:\/\/sol.fm.br\/radio\/wp-json\/wp\/v2\/media\/84629"}],"wp:attachment":[{"href":"http:\/\/sol.fm.br\/radio\/wp-json\/wp\/v2\/media?parent=84628"}],"wp:term":[{"taxonomy":"category","embeddable":true,"href":"http:\/\/sol.fm.br\/radio\/wp-json\/wp\/v2\/categories?post=84628"},{"taxonomy":"post_tag","embeddable":true,"href":"http:\/\/sol.fm.br\/radio\/wp-json\/wp\/v2\/tags?post=84628"}],"curies":[{"name":"wp","href":"https:\/\/api.w.org\/{rel}","templated":true}]}}