{"id":84633,"date":"2026-04-30T10:06:48","date_gmt":"2026-04-30T13:06:48","guid":{"rendered":"http:\/\/sol.fm.br\/radio\/?p=84633"},"modified":"2026-04-30T10:06:53","modified_gmt":"2026-04-30T13:06:53","slug":"dois-anos-apos-as-enchentes-no-rio-grande-do-sul-debate-sobre-mudanca-climatica-reune-gestores-de-mais-de-20-estados-em-porto-alegre","status":"publish","type":"post","link":"http:\/\/sol.fm.br\/radio\/dois-anos-apos-as-enchentes-no-rio-grande-do-sul-debate-sobre-mudanca-climatica-reune-gestores-de-mais-de-20-estados-em-porto-alegre\/","title":{"rendered":"Dois anos ap\u00f3s as enchentes no Rio Grande do Sul, debate sobre mudan\u00e7a clim\u00e1tica re\u00fane gestores de mais de 20 estados em Porto Alegre"},"content":{"rendered":"<div id=\"dslc-theme-content\"><div id=\"dslc-theme-content-inner\"><p style=\"text-align: center;\"><i data-olk-copy-source=\"MessageBody\">Programa\u00e7\u00e3o do 4\u00ba Encontro Sul do Iclei Brasil acaba hoje (29) com workshop sobre financiamento clim\u00e1tico e as li\u00e7\u00f5es da reconstru\u00e7\u00e3o na capital ga\u00facha<\/i><\/p>\n<div>\n<p>O 2\u00ba Encontro Nacional do F\u00f3rum CB27 reuniu representantes de meio ambiente de 20 cidades do pa\u00eds em Porto Alegre, nesta ter\u00e7a-feira, 28.\u00a0 O evento teve como tema \u201cCidades em a\u00e7\u00e3o pela adapta\u00e7\u00e3o clim\u00e1tica\u201d e ocorreu no sal\u00e3o Aurora da Associa\u00e7\u00e3o Comercial de Porto Alegre (Largo Visconde do Cairu, 17 \u2013 4\u00ba andar \u2013 Centro Hist\u00f3rico). O dia tamb\u00e9m foi marcado pela abertura do 4\u00ba Encontro Sul do Iclei Brasil, que vai at\u00e9 quinta-feira (30).<\/p>\n<p><em>\u201cA experi\u00eancia de Porto Alegre na reconstru\u00e7\u00e3o se tornou uma refer\u00eancia para outras cidades, n\u00e3o apenas pelos resultados, mas pelo processo adotado \u2014 incluindo estrat\u00e9gias, instrumentos e desafios. A an\u00e1lise desse percurso, com seus acertos e limita\u00e7\u00f5es, \u00e9 fundamental para orientar a constru\u00e7\u00e3o de pol\u00edticas p\u00fablicas em contextos semelhantes<\/em>\u201d, afirmou Rodrigo Corradi, diretor do ICLEi Brasil.<\/p>\n<p>O F\u00f3rum CB27 \u00e9 um espa\u00e7o para os dirigentes das pastas respons\u00e1veis pelo meio ambiente nas prefeituras das 26 capitais brasileiras e do Distrito Federal fortalecerem a\u00e7\u00f5es das secretarias, reafirmando o papel dos governos locais como protagonistas na constru\u00e7\u00e3o de respostas efetivas \u00e0 crise clim\u00e1tica e aos desafios do desenvolvimento urbano sustent\u00e1vel.\u00a0<\/p>\n<p>O encontro destacou os 50 anos da Secretaria Municipal de Meio Ambiente, Urbanismo e Sustentabilidade de Porto Alegre (Smamus), a primeira secretaria municipal de meio ambiente do Brasil. <em>\"Evolu\u00edmos para preven\u00e7\u00e3o clim\u00e1tica e redu\u00e7\u00e3o das emiss\u00f5es e, agora, trazemos tamb\u00e9m a adapta\u00e7\u00e3o. Os eventos clim\u00e1ticos extremos s\u00e3o uma realidade, ent\u00e3o, a prepara\u00e7\u00e3o das cidades, com instrumentos de monitoramento e investimentos em infraestrutura, \u00e9 fundamental\u201d<\/em>,\u00a0 destacou o secret\u00e1rio municipal de Meio Ambiente, Urbanismo e Sustentabilidade, Germano Bremm.\u00a0<\/p>\n<p>.A abertura oficial contou com a presen\u00e7a da coordenadora de Projetos da Funda\u00e7\u00e3o Konrad Adenauer Stiftung (KAS) no Brasil, Anuska Soares, do secret\u00e1rio executivo do Iclei Am\u00e9rica do Sul, Rodrigo Perp\u00e9tuo, do coordenador nacional do F\u00f3rum CB27, Thiago Mesquita, e da coordenadora nacional adjunta do F\u00f3rum, Juliana Nobre.\u00a0\u00a0<\/p>\n<p><em>\u201cN\u00e3o podemos tratar a quest\u00e3o ambiental de forma separada, com cada um em seu munic\u00edpio. Quando falamos em mudan\u00e7as e adapta\u00e7\u00f5es clim\u00e1ticas, falamos de projetos que devem ser feitos em conjunto, tanto em n\u00edvel nacional como internacional, por isso a import\u00e2ncia do CB27\u201d<\/em>, defendeu o coordenador Thiago Mesquita, que tamb\u00e9m \u00e9\u00a0Secret\u00e1rio Municipal de Meio Ambiente e Urbanismo de Natal (Semurb). \u201c<em>Em Natal estamos compensando a desburocratiza\u00e7\u00e3o do licenciamento com uma fiscaliza\u00e7\u00e3o pesada e mais no monitoramento das condicionantes. E isso vem junto com um planejamento mais qualificado do territ\u00f3rio, com instrumentos mais modernos, que permitem crescer onde j\u00e1 existe infraestrutura e proteger as \u00e1reas mais fr\u00e1geis\u201d<\/em>, completou.<\/p>\n<p>Na mesa de abertura do evento, a Diretora de Pol\u00edticas para a Adapta\u00e7\u00e3o e Resili\u00eancia \u00e0 Mudan\u00e7a do Clima na Secretaria Nacional de Mudan\u00e7a do Clima, no MMA, Inamara Mello, refor\u00e7ou a urg\u00eancia do debate. \u201c<em>Nos \u00faltimos anos, 84,5% dos munic\u00edpios brasileiros foram afetados por desastres, cen\u00e1rio que tende a se agravar com o aumento das temperaturas e dos eventos extremos. Esse contexto refor\u00e7a que a adapta\u00e7\u00e3o \u00e0s mudan\u00e7as clim\u00e1ticas j\u00e1 \u00e9 uma realidade urgente e cotidiana, com impactos diretos, especialmente nas cidades. Uma agenda compartilhada entre Uni\u00e3o, estados e munic\u00edpios, que exige atua\u00e7\u00e3o integrada, multin\u00edvel e participativa para que a gente alcance estrat\u00e9gias eficazes de enfrentamento\u201d<\/em>, refor\u00e7ou Inamara.<\/p>\n<hr \/>\n<h6 aria-hidden=\"true\"><strong>Em Foco Comunica\u00e7\u00e3o Estrat\u00e9gica\u00a0<\/strong><\/h6>\n<\/div>\n\n\n<center><iframe loading=\"lazy\" class=\"jmvplayer\" src=\"https:\/\/player.jmvstream.com\/lvw\/YYGWo5wfZuZ8fEW7Qoq1ISwhLSEDhU\" allowfullscreen allow=\"autoplay; fullscreen\" frameborder=\"0\" width=\"640\" height=\"360\" ><\/iframe><\/center>\n<\/div><\/div>","protected":false},"excerpt":{"rendered":"<p>Programa\u00e7\u00e3o do 4\u00ba Encontro Sul do Iclei Brasil acaba hoje (29) com workshop sobre financiamento clim\u00e1tico e as li\u00e7\u00f5es da reconstru\u00e7\u00e3o na capital ga\u00facha O 2\u00ba Encontro Nacional do F\u00f3rum CB27 reuniu representantes de meio ambiente de 20 cidades do pa\u00eds em Porto Alegre, nesta ter\u00e7a-feira, 28.\u00a0 O evento teve como tema \u201cCidades em a\u00e7\u00e3o [&hellip;]<\/p>\n","protected":false},"author":4,"featured_media":84634,"comment_status":"open","ping_status":"open","sticky":false,"template":"","format":"standard","meta":{"footnotes":""},"categories":[1],"tags":[],"class_list":["post-84633","post","type-post","status-publish","format-standard","has-post-thumbnail","hentry","category-sem-categoria"],"_links":{"self":[{"href":"http:\/\/sol.fm.br\/radio\/wp-json\/wp\/v2\/posts\/84633","targetHints":{"allow":["GET"]}}],"collection":[{"href":"http:\/\/sol.fm.br\/radio\/wp-json\/wp\/v2\/posts"}],"about":[{"href":"http:\/\/sol.fm.br\/radio\/wp-json\/wp\/v2\/types\/post"}],"author":[{"embeddable":true,"href":"http:\/\/sol.fm.br\/radio\/wp-json\/wp\/v2\/users\/4"}],"replies":[{"embeddable":true,"href":"http:\/\/sol.fm.br\/radio\/wp-json\/wp\/v2\/comments?post=84633"}],"version-history":[{"count":1,"href":"http:\/\/sol.fm.br\/radio\/wp-json\/wp\/v2\/posts\/84633\/revisions"}],"predecessor-version":[{"id":84635,"href":"http:\/\/sol.fm.br\/radio\/wp-json\/wp\/v2\/posts\/84633\/revisions\/84635"}],"wp:featuredmedia":[{"embeddable":true,"href":"http:\/\/sol.fm.br\/radio\/wp-json\/wp\/v2\/media\/84634"}],"wp:attachment":[{"href":"http:\/\/sol.fm.br\/radio\/wp-json\/wp\/v2\/media?parent=84633"}],"wp:term":[{"taxonomy":"category","embeddable":true,"href":"http:\/\/sol.fm.br\/radio\/wp-json\/wp\/v2\/categories?post=84633"},{"taxonomy":"post_tag","embeddable":true,"href":"http:\/\/sol.fm.br\/radio\/wp-json\/wp\/v2\/tags?post=84633"}],"curies":[{"name":"wp","href":"https:\/\/api.w.org\/{rel}","templated":true}]}}