{"id":84636,"date":"2026-04-30T10:08:55","date_gmt":"2026-04-30T13:08:55","guid":{"rendered":"http:\/\/sol.fm.br\/radio\/?p=84636"},"modified":"2026-04-30T10:08:58","modified_gmt":"2026-04-30T13:08:58","slug":"grupo-de-pesquisa-da-unesp-propoe-abordagem-mais-eficiente-e-sustentavel-para-a-producao-de-nanoherbicidas","status":"publish","type":"post","link":"http:\/\/sol.fm.br\/radio\/grupo-de-pesquisa-da-unesp-propoe-abordagem-mais-eficiente-e-sustentavel-para-a-producao-de-nanoherbicidas\/","title":{"rendered":"Grupo de pesquisa da Unesp prop\u00f5e abordagem mais eficiente e sustent\u00e1vel para a produ\u00e7\u00e3o de nanoherbicidas"},"content":{"rendered":"<div id=\"dslc-theme-content\"><div id=\"dslc-theme-content-inner\"><p style=\"text-align: center;\"><i data-olk-copy-source=\"MessageBody\">Em artigo, pesquisadores ligados ao Instituto Nacional de Ci\u00eancia e Tecnologia em Nanotecnologia para Agricultura Sustent\u00e1vel apresentam nova metodologia que leva em considera\u00e7\u00e3o as especificidades de esp\u00e9cies vegetais no processo de desenvolvimento de novos produtos para controle de pragas nas lavouras<\/i><\/p>\n<div>\u00a0<\/div>\n<div>\n<p data-olk-copy-source=\"MessageBody\">Caruru, capim-azev\u00e9m e capim-p\u00e9-de-galinha s\u00e3o exemplos de plantas daninhas que podem afetar a produ\u00e7\u00e3o agr\u00edcola no pa\u00eds. O manejo eficiente dessas plantas \u00e9 um dos principais desafios t\u00e9cnicos e econ\u00f4micos para os produtores, j\u00e1 que mesmo em \u00e1reas em que existe algum tipo de manejo contra essas plantas ocorrem impactos relevantes nas lavouras, com redu\u00e7\u00f5es m\u00e9dias de cerca de 15% na produ\u00e7\u00e3o de gr\u00e3os.<\/p>\n<p>\u00c9 nesse contexto que, nas \u00faltimas d\u00e9cadas, os pesquisadores v\u00eam sendo estimulados a buscar novas solu\u00e7\u00f5es, recorrendo aos chamados nanoherbicidas. Essa tecnologia promete solu\u00e7\u00f5es como a entrega direcionada e inteligente de ingredientes ativos, projetada de forma a aumentar a absor\u00e7\u00e3o de herbicidas pela planta. Isso torna o tratamento mais eficiente e, ao mesmo tempo, permite a redu\u00e7\u00e3o das doses utilizadas.<\/p>\n<p>Na Unesp, o grupo de pesquisa liderado pelo professor Leonardo Fernandes Fraceto, do Instituto de Ci\u00eancia e Tecnologia do c\u00e2mpus Sorocaba (ICTS-Unesp), tem se dedicado \u00e0 pesquisa nesse campo, explorando o funcionamento e as ferramentas de cria\u00e7\u00e3o de nanopart\u00edculas, assim como seu potencial de aplica\u00e7\u00e3o.<\/p>\n<p>Fraceto coordena o Instituto Nacional de Ci\u00eancia e Tecnologia em Nanotecnologia para Agricultura Sustent\u00e1vel (INCT NanoAgro), que tem como uma das principais linhas de pesquisa a busca por solu\u00e7\u00f5es eficazes e ambientalmente seguras para o manejo de plantas daninhas. O grupo tamb\u00e9m integra a equipe do Centro de Pesquisa em Inova\u00e7\u00e3o e Difus\u00e3o em Biodiversidade e Mudan\u00e7as do Clima (CBioClima), da Fapesp.<\/p>\n<p>Em um artigo recente, Fraceto e colaboradores propuseram uma nova forma de pensar o desenvolvimento dessa tecnologia, centralizando a produ\u00e7\u00e3o a partir das caracter\u00edsticas espec\u00edficas da esp\u00e9cie vegetal que se pretende controlar. Intitulado\u00a0<a title=\"https:\/\/www.nature.com\/articles\/s43586-026-00483-6\" href=\"https:\/\/www.nature.com\/articles\/s43586-026-00483-6\" target=\"_blank\" rel=\"noreferrer noopener\" shape=\"rect\" data-auth=\"NotApplicable\" data-linkindex=\"0\">\u201cWhen the plant becomes the material: rethinking nanoherbicide design through plant-informed nanodesign\u201d<\/a>, o estudo foi publicado na revista cient\u00edfica Nature Reviews Methods Primers.<\/p>\n<p>Fraceto explica que, atualmente, o desenvolvimento de nanoherbicidas \u00e9 centrado nos materiais e n\u00e3o leva em considera\u00e7\u00e3o as especificidades biol\u00f3gicas das plantas. \u201c<em>Propomos inverter essa l\u00f3gica e passar a priorizar as caracter\u00edsticas das esp\u00e9cies vegetais para, a partir delas, desenvolver modelos de nanopart\u00edculas que melhor se adaptem a essas particularidades\u201d<\/em>, diz. Os pesquisadores denominaram essa nova forma de desenvolvimento de nanodesign orientado pela planta (ou\u00a0<em>Plant-informed nanodesign<\/em>, \u201c<em>PIND<\/em>\u201d, em ingl\u00eas).<\/p>\n<p>A proposta que os pesquisadores defendem no artigo envolve posicionar a esp\u00e9cie vegetal como o elemento central para o design das nanopart\u00edculas, em vez de mant\u00ea-la na atual condi\u00e7\u00e3o de fator gen\u00e9rico no processo de produ\u00e7\u00e3o. Essa perspectiva demanda um estudo detalhado de caracteriza\u00e7\u00e3o de cada esp\u00e9cie. Os cientistas da Unesp est\u00e3o se dedicando a caracterizar as folhas das esp\u00e9cies de caruru, capim-azev\u00e9m e capim-p\u00e9-de-galinha a fim de definir propriedades podem ser aproveitadas para aumentar a efici\u00eancia das nanopart\u00edculas.<\/p>\n<p>Os dados medidos na pesquisa incluem o tamanho e a espessura das folhas, a quantidade de est\u00f4matos por \u00e1rea (aberturas na planta que garantem as trocas gasosas com o ambiente), a espessura da cut\u00edcula (camada mais externa da folha, cuja principal fun\u00e7\u00e3o \u00e9 impermeabilizar a planta e impedir a perda de \u00e1gua), a presen\u00e7a de tricomas (pequenos \u201cpelos\u201d nas folhas, para prote\u00e7\u00e3o e impermeabiliza\u00e7\u00e3o) e a rugosidade das folhas.<\/p>\n<p>As t\u00e9cnicas empregadas nas an\u00e1lises s\u00e3o as mesmas utilizadas por bi\u00f3logos e bot\u00e2nicos h\u00e1 d\u00e9cadas, sendo a principal delas a microscopia (no caso, a microscopia confocal e a microscopia eletr\u00f4nica de varredura). Essas t\u00e9cnicas permitem enxergar partes muito pequenas de uma planta (ou de outro material) com alta nitidez, como se fosse poss\u00edvel \u201cfatiar\u201d a imagem em camadas e observar seu interior em detalhes.<\/p>\n<p>Leia a\u00a0<a title=\"https:\/\/jornal.unesp.br\/2026\/04\/28\/grupo-de-pesquisa-da-unesp-propoe-abordagem-mais-eficiente-e-sustentavel-para-o-desenvolvimento-de-nanoherbicidas\/\" href=\"https:\/\/jornal.unesp.br\/2026\/04\/28\/grupo-de-pesquisa-da-unesp-propoe-abordagem-mais-eficiente-e-sustentavel-para-o-desenvolvimento-de-nanoherbicidas\/\" target=\"_blank\" rel=\"noreferrer noopener\" shape=\"rect\" data-auth=\"NotApplicable\" data-linkindex=\"1\">reportagem completa no Jornal da Unesp<\/a>.<\/p>\n<hr \/>\n<h6><strong>Assessoria de Comunica\u00e7\u00e3o e Imprensa<\/strong><\/h6>\n<\/div>\n\n\n<center><iframe loading=\"lazy\" class=\"jmvplayer\" src=\"https:\/\/player.jmvstream.com\/lvw\/YYGWo5wfZuZ8fEW7Qoq1ISwhLSEDhU\" allowfullscreen allow=\"autoplay; fullscreen\" frameborder=\"0\" width=\"640\" height=\"360\" ><\/iframe><\/center>\n<\/div><\/div>","protected":false},"excerpt":{"rendered":"<p>Em artigo, pesquisadores ligados ao Instituto Nacional de Ci\u00eancia e Tecnologia em Nanotecnologia para Agricultura Sustent\u00e1vel apresentam nova metodologia que leva em considera\u00e7\u00e3o as especificidades de esp\u00e9cies vegetais no processo de desenvolvimento de novos produtos para controle de pragas nas lavouras \u00a0 Caruru, capim-azev\u00e9m e capim-p\u00e9-de-galinha s\u00e3o exemplos de plantas daninhas que podem afetar a [&hellip;]<\/p>\n","protected":false},"author":4,"featured_media":84637,"comment_status":"open","ping_status":"open","sticky":false,"template":"","format":"standard","meta":{"footnotes":""},"categories":[1],"tags":[],"class_list":["post-84636","post","type-post","status-publish","format-standard","has-post-thumbnail","hentry","category-sem-categoria"],"_links":{"self":[{"href":"http:\/\/sol.fm.br\/radio\/wp-json\/wp\/v2\/posts\/84636","targetHints":{"allow":["GET"]}}],"collection":[{"href":"http:\/\/sol.fm.br\/radio\/wp-json\/wp\/v2\/posts"}],"about":[{"href":"http:\/\/sol.fm.br\/radio\/wp-json\/wp\/v2\/types\/post"}],"author":[{"embeddable":true,"href":"http:\/\/sol.fm.br\/radio\/wp-json\/wp\/v2\/users\/4"}],"replies":[{"embeddable":true,"href":"http:\/\/sol.fm.br\/radio\/wp-json\/wp\/v2\/comments?post=84636"}],"version-history":[{"count":1,"href":"http:\/\/sol.fm.br\/radio\/wp-json\/wp\/v2\/posts\/84636\/revisions"}],"predecessor-version":[{"id":84638,"href":"http:\/\/sol.fm.br\/radio\/wp-json\/wp\/v2\/posts\/84636\/revisions\/84638"}],"wp:featuredmedia":[{"embeddable":true,"href":"http:\/\/sol.fm.br\/radio\/wp-json\/wp\/v2\/media\/84637"}],"wp:attachment":[{"href":"http:\/\/sol.fm.br\/radio\/wp-json\/wp\/v2\/media?parent=84636"}],"wp:term":[{"taxonomy":"category","embeddable":true,"href":"http:\/\/sol.fm.br\/radio\/wp-json\/wp\/v2\/categories?post=84636"},{"taxonomy":"post_tag","embeddable":true,"href":"http:\/\/sol.fm.br\/radio\/wp-json\/wp\/v2\/tags?post=84636"}],"curies":[{"name":"wp","href":"https:\/\/api.w.org\/{rel}","templated":true}]}}