{"id":84653,"date":"2026-04-30T15:08:24","date_gmt":"2026-04-30T18:08:24","guid":{"rendered":"http:\/\/sol.fm.br\/radio\/?p=84653"},"modified":"2026-04-30T15:08:32","modified_gmt":"2026-04-30T18:08:32","slug":"faccat-participa-de-debate-com-especialista-de-harvard-sobre-educacao","status":"publish","type":"post","link":"http:\/\/sol.fm.br\/radio\/faccat-participa-de-debate-com-especialista-de-harvard-sobre-educacao\/","title":{"rendered":"Faccat participa de debate com especialista de Harvard sobre educa\u00e7\u00e3o"},"content":{"rendered":"<div id=\"dslc-theme-content\"><div id=\"dslc-theme-content-inner\"><p class=\"x_ydpa14a6f86yiv2597287610MsoNormal\" data-olk-copy-source=\"MessageBody\">Com o objetivo de ampliar conhecimentos sobre o ensino, compreender o papel da educa\u00e7\u00e3o na atualidade, analisar os novos perfis de estudantes que ingressam no ensino superior e refletir sobre inova\u00e7\u00f5es pedag\u00f3gicas, as Faculdades Integradas de Taquara (Faccat) proporcionam, ao longo do ano letivo, capacita\u00e7\u00f5es voltadas ao seu corpo docente. Entre essas a\u00e7\u00f5es est\u00e1 a participa\u00e7\u00e3o no Cons\u00f3rcio STHEM Brasil, que realizou no dia 27 de abril, na Escola Superior de Propaganda e Marketing (ESPM), em S\u00e3o Paulo, o evento masterclass \u201cO Dilema da IA: o papel do professor e a aprendizagem ativa\u201d. No encontro, a Faccat foi representada pela vice-diretora de Gradua\u00e7\u00e3o, Carine Backes D\u00f6rr.<\/p>\n<p class=\"x_ydpa14a6f86yiv2597287610MsoNormal\">Para a vice-diretora de Gradua\u00e7\u00e3o da Faccat, Carine Backes D\u00f6rr, a participa\u00e7\u00e3o em espa\u00e7os como esse contribui diretamente para a qualifica\u00e7\u00e3o acad\u00eamica. \u201c<em>Em um contexto marcado pelos avan\u00e7os da Intelig\u00eancia Artificial, discutir o papel do professor e novas metodologias \u00e9 fundamental para a forma\u00e7\u00e3o de profissionais cr\u00edticos, \u00e9ticos e preparados para os desafios contempor\u00e2neos<\/em>\u201d, destaca.<\/p>\n<p class=\"x_ydpa14a6f86yiv2597287610MsoNormal\">Os participantes da masterclass \u201cO Dilema da IA: o papel do professor e a aprendizagem ativa\u201d puderam aprender um pouco mais com o professor Eric Mazur, da Universidade Harvard, que conduziu o encontro. Mazur \u00e9 reconhecido internacionalmente por suas contribui\u00e7\u00f5es \u00e0 inova\u00e7\u00e3o educacional e pelo desenvolvimento de metodologias ativas, como o\u00a0<i>Peer Instruction<\/i>\u00a0e a plataforma\u00a0<i>Perusall.<\/i><\/p>\n<p class=\"x_ydpa14a6f86yiv2597287610MsoNormal\">O professor Mazur abordou, ao longo do dia, os impactos da Intelig\u00eancia Artificial no ensino superior; e o papel do professor diante das transforma\u00e7\u00f5es tecnol\u00f3gicas e estrat\u00e9gias para tornar a aprendizagem mais ativa e significativa. A programa\u00e7\u00e3o tamb\u00e9m incluiu reflex\u00f5es sobre como as institui\u00e7\u00f5es podem adaptar suas pr\u00e1ticas pedag\u00f3gicas a um cen\u00e1rio em constante mudan\u00e7a.<\/p>\n<p class=\"x_ydpa14a6f86yiv2597287610MsoNormal\">Para a vice-diretora da Faccat, Carine Backes D\u00f6rr, a capacita\u00e7\u00e3o contribui diretamente para a qualifica\u00e7\u00e3o acad\u00eamica. \u201c<em>Em um contexto marcado pelos avan\u00e7os da Intelig\u00eancia Artificial, discutir o papel do professor e novas metodologias \u00e9 fundamental para a forma\u00e7\u00e3o de profissionais cr\u00edticos, \u00e9ticos e preparados para os desafios contempor\u00e2neos\u201d<\/em>, ressalta. Ela ainda complementa dizendo que a educa\u00e7\u00e3o vive um per\u00edodo de mudan\u00e7as profundas. \u201c<em>Participar desses debates permite antecipar tend\u00eancias e qualificar decis\u00f5es, sempre com aten\u00e7\u00e3o \u00e0 forma\u00e7\u00e3o humana e \u00e0 conex\u00e3o com a realidade<\/em>\u201d, destaca.<\/p>\n<p class=\"x_ydpa14a6f86yiv2597287610MsoNormal\" aria-hidden=\"true\"><img loading=\"lazy\" decoding=\"async\" class=\"alignnone size-medium wp-image-84655 aligncenter\" src=\"http:\/\/sol.fm.br\/radio\/wp-content\/uploads\/2026\/04\/81-3-400x300.jpg\" alt=\"\" width=\"400\" height=\"300\" srcset=\"http:\/\/sol.fm.br\/radio\/wp-content\/uploads\/2026\/04\/81-3-400x300.jpg 400w, http:\/\/sol.fm.br\/radio\/wp-content\/uploads\/2026\/04\/81-3-768x576.jpg 768w, http:\/\/sol.fm.br\/radio\/wp-content\/uploads\/2026\/04\/81-3.jpg 1280w\" sizes=\"auto, (max-width: 400px) 100vw, 400px\" \/><\/p>\n<p class=\"x_ydpa14a6f86yiv2597287610MsoNormal\"><b>Encontro com lideran\u00e7as acad\u00eamicas internacionais<\/b><\/p>\n<p class=\"x_ydpa14a6f86yiv2597287610MsoNormal\">J\u00e1 no dia 28 de abril, a Faccat integrou um encontro com lideran\u00e7as acad\u00eamicas internacionais. A vice-diretora participou de um grupo formado por institui\u00e7\u00f5es consorciadas ao STHEM. Na oportunidade, os participantes puderam trocar ideias com o renomado professor Eric Mazur e com a professora Ang\u00e9lica Natera, que \u00e9 especialista em inova\u00e7\u00e3o educacional, transforma\u00e7\u00e3o institucional e desenvolvimento de lideran\u00e7as acad\u00eamicas.<\/p>\n<p class=\"x_ydpa14a6f86yiv2597287610MsoNormal\">O encontro teve como finalidade analisar o papel da educa\u00e7\u00e3o frente \u00e0s transforma\u00e7\u00f5es sociais e tecnol\u00f3gicas, al\u00e9m da discuss\u00e3o de caminhos para que as institui\u00e7\u00f5es de ensino superior atuem de forma estrat\u00e9gica, inovadora e sustent\u00e1vel.<\/p>\n<hr \/>\n<h6><strong>Faculdades Integradas de Taquara - Faccat | Assessoria de Imprensa - FACCAT | Fotos: Divulga\u00e7\u00e3o<\/strong><\/h6>\n\n\n<center><iframe loading=\"lazy\" class=\"jmvplayer\" src=\"https:\/\/player.jmvstream.com\/lvw\/YYGWo5wfZuZ8fEW7Qoq1ISwhLSEDhU\" allowfullscreen allow=\"autoplay; fullscreen\" frameborder=\"0\" width=\"640\" height=\"360\" ><\/iframe><\/center>\n<\/div><\/div>","protected":false},"excerpt":{"rendered":"<p>Com o objetivo de ampliar conhecimentos sobre o ensino, compreender o papel da educa\u00e7\u00e3o na atualidade, analisar os novos perfis de estudantes que ingressam no ensino superior e refletir sobre inova\u00e7\u00f5es pedag\u00f3gicas, as Faculdades Integradas de Taquara (Faccat) proporcionam, ao longo do ano letivo, capacita\u00e7\u00f5es voltadas ao seu corpo docente. Entre essas a\u00e7\u00f5es est\u00e1 a [&hellip;]<\/p>\n","protected":false},"author":4,"featured_media":84654,"comment_status":"open","ping_status":"open","sticky":false,"template":"","format":"standard","meta":{"footnotes":""},"categories":[1],"tags":[],"class_list":["post-84653","post","type-post","status-publish","format-standard","has-post-thumbnail","hentry","category-sem-categoria"],"_links":{"self":[{"href":"http:\/\/sol.fm.br\/radio\/wp-json\/wp\/v2\/posts\/84653","targetHints":{"allow":["GET"]}}],"collection":[{"href":"http:\/\/sol.fm.br\/radio\/wp-json\/wp\/v2\/posts"}],"about":[{"href":"http:\/\/sol.fm.br\/radio\/wp-json\/wp\/v2\/types\/post"}],"author":[{"embeddable":true,"href":"http:\/\/sol.fm.br\/radio\/wp-json\/wp\/v2\/users\/4"}],"replies":[{"embeddable":true,"href":"http:\/\/sol.fm.br\/radio\/wp-json\/wp\/v2\/comments?post=84653"}],"version-history":[{"count":1,"href":"http:\/\/sol.fm.br\/radio\/wp-json\/wp\/v2\/posts\/84653\/revisions"}],"predecessor-version":[{"id":84656,"href":"http:\/\/sol.fm.br\/radio\/wp-json\/wp\/v2\/posts\/84653\/revisions\/84656"}],"wp:featuredmedia":[{"embeddable":true,"href":"http:\/\/sol.fm.br\/radio\/wp-json\/wp\/v2\/media\/84654"}],"wp:attachment":[{"href":"http:\/\/sol.fm.br\/radio\/wp-json\/wp\/v2\/media?parent=84653"}],"wp:term":[{"taxonomy":"category","embeddable":true,"href":"http:\/\/sol.fm.br\/radio\/wp-json\/wp\/v2\/categories?post=84653"},{"taxonomy":"post_tag","embeddable":true,"href":"http:\/\/sol.fm.br\/radio\/wp-json\/wp\/v2\/tags?post=84653"}],"curies":[{"name":"wp","href":"https:\/\/api.w.org\/{rel}","templated":true}]}}