{"id":22950,"date":"2019-06-26T13:47:43","date_gmt":"2019-06-26T16:47:43","guid":{"rendered":"http:\/\/sol.fm.br\/radio\/?p=22950"},"modified":"2019-06-26T13:47:43","modified_gmt":"2019-06-26T16:47:43","slug":"eja-do-sesi-rs-atua-para-elevar-a-qualificacao-dos-trabalhadores-da-industria","status":"publish","type":"post","link":"https:\/\/sol.fm.br\/radio\/eja-do-sesi-rs-atua-para-elevar-a-qualificacao-dos-trabalhadores-da-industria\/","title":{"rendered":"EJA do Sesi-RS atua para elevar a qualifica\u00e7\u00e3o dos trabalhadores da ind\u00fastria"},"content":{"rendered":"<div id=\"dslc-theme-content\"><div id=\"dslc-theme-content-inner\"><div align=\"center\"><span style=\"font-family: Arial; font-size: medium;\"><i>O curso \u00e9 gratuito para industri\u00e1rios e dependentes e tem inscri\u00e7\u00f5es abertas em Igrejinha e regi\u00e3o<\/i><\/span><\/div>\n<p><span style=\"font-family: Arial; font-size: medium;\"><b>Igrejinha, 26 de junho de 2019 \u2013 <\/b>Est\u00e3o abertas as inscri\u00e7\u00f5es para a Educa\u00e7\u00e3o de Jovens e Adultos (EJA) do Servi\u00e7o Social da Ind\u00fastria (Sesi-RS), na cidade de Igrejinha e regi\u00e3o. O curso \u00e9 destinado a pessoas que, por algum motivo, pararam de estudar, e engloba os anos finais do Ensino Fundamental (6\u00ba ao 9\u00ba) e Ensino M\u00e9dio. A EJA foi elaborada especialmente para o trabalhador da ind\u00fastria, do setor da constru\u00e7\u00e3o civil e seus dependentes, com m\u00e9todo flex\u00edvel e adaptado \u00e0 vida dos profissionais e \u00e0s necessidades do mundo do trabalho. O estudante acessa a plataforma a dist\u00e2ncia quando e onde quiser, e conta com os professores para tirar d\u00favidas e orientar os estudos. \u201cUma vez por semana, h\u00e1 encontros presenciais para fazer discuss\u00f5es voltadas ao mundo do trabalho. Uma EJA precisa contemplar outros conhecimentos adquiridos por esses jovens e adultos ao longo da vida. Elaboramos um curr\u00edculo e um jeito de dar aula, que colabora com as necessidades desse trabalhador\u201d, destaca a gerente da \u00e1rea de Educa\u00e7\u00e3o do Sesi-RS, S\u00f4nia Bier. <\/span><br \/>\n<span style=\"font-family: Arial; font-size: medium;\">Para os industri\u00e1rios e seus dependentes, o curso \u00e9 gratuito e 80% \u00e0 dist\u00e2ncia. As aulas presenciais s\u00e3o realizadas em polos de apoio espalhados por diferentes cidades do Estado, al\u00e9m de Igrejinha, h\u00e1 unidades em Bag\u00e9, Bento Gon\u00e7alves, Canela, Caxias do Sul, Erechim, Farroupilha, Gravata\u00ed, Guapor\u00e9, Lajeado, Novo Hamburgo, Panambi, Parob\u00e9, Passo Fundo, Pelotas, Porto Alegre e Rio Grande. <\/span><br \/>\n<span style=\"font-family: Arial; font-size: medium;\">A EJA do Sesi \u00e9 uma oportunidade de ampliar a qualifica\u00e7\u00e3o dos trabalhadores da ind\u00fastria. \u00c9 o exemplo de Cristiano Alves, de Gravata\u00ed, formado na EJA ao final do ano passado. Ele voltou a estudar depois de deixar por 20 anos os livros de lado para se dedicar ao futebol. \u201cComo este objetivo n\u00e3o deu certo, comecei a trabalhar em outra \u00e1rea. No trabalho, tive a necessidade de me qualificar e, para isto, precisava terminar o Ensino M\u00e9dio. Sem a EJA do Sesi n\u00e3o teria condi\u00e7\u00f5es nem financeira e nem de tempo. A partir de agora \u00e9 uma nova etapa\u201d, comemora. De acordo com dados da Rela\u00e7\u00e3o Anual de Informa\u00e7\u00f5es Sociais (RAIS) de 2017, no Rio Grande do Sul, dos 762,7 mil v\u00ednculos de trabalho existentes na ind\u00fastria, 44,2% n\u00e3o possuem Ensino M\u00e9dio, e 19,6% do total n\u00e3o possuem Ensino Fundamental. Apenas 55,8% do total de v\u00ednculos possui Ensino B\u00e1sico Completo. <\/span><br \/>\n<span style=\"font-family: Arial; font-size: medium;\">Nos \u00faltimos cinco anos, quase 36 mil alunos passaram pela EJA Sesi no Rio Grande do Sul. Mais informa\u00e7\u00f5es pela Central de Relacionamento: 0800518555 e no link <\/span><a href=\"www.sesirs.org.br\/eja\"><span style=\"font-family: Arial; font-size: medium;\">www.sesirs.org.br\/eja<\/span><\/a><span style=\"font-family: Arial; font-size: medium;\">.<\/span><\/p>\n<h6><strong><span style=\"font-family: sans-serif; font-size: small;\">Unidade de Comunica\u00e7\u00e3o do Sistema FIERGS<\/span> <\/strong><\/h6>\n<p><center><iframe loading=\"lazy\" src=\"https:\/\/player.jmvstream.com\/fHPLBpjjf9XKtUAcityAS4ACnPNQ72\" allowfullscreen allow=\"autoplay; fullscreen\" frameborder=\"0\" width=\"640\" height=\"360\"><\/iframe><\/center><\/p>\n<\/div><\/div>","protected":false},"excerpt":{"rendered":"<p>O curso \u00e9 gratuito para industri\u00e1rios e dependentes e tem inscri\u00e7\u00f5es abertas em Igrejinha e regi\u00e3o Igrejinha, 26 de junho de 2019 \u2013 Est\u00e3o abertas as inscri\u00e7\u00f5es para a Educa\u00e7\u00e3o de Jovens e Adultos (EJA) do Servi\u00e7o Social da Ind\u00fastria (Sesi-RS), na cidade de Igrejinha e regi\u00e3o. O curso \u00e9 destinado a pessoas que, por [&hellip;]<\/p>\n","protected":false},"author":4,"featured_media":22952,"comment_status":"open","ping_status":"open","sticky":false,"template":"","format":"standard","meta":{"footnotes":""},"categories":[1],"tags":[],"class_list":["post-22950","post","type-post","status-publish","format-standard","has-post-thumbnail","hentry","category-sem-categoria"],"_links":{"self":[{"href":"https:\/\/sol.fm.br\/radio\/wp-json\/wp\/v2\/posts\/22950","targetHints":{"allow":["GET"]}}],"collection":[{"href":"https:\/\/sol.fm.br\/radio\/wp-json\/wp\/v2\/posts"}],"about":[{"href":"https:\/\/sol.fm.br\/radio\/wp-json\/wp\/v2\/types\/post"}],"author":[{"embeddable":true,"href":"https:\/\/sol.fm.br\/radio\/wp-json\/wp\/v2\/users\/4"}],"replies":[{"embeddable":true,"href":"https:\/\/sol.fm.br\/radio\/wp-json\/wp\/v2\/comments?post=22950"}],"version-history":[{"count":1,"href":"https:\/\/sol.fm.br\/radio\/wp-json\/wp\/v2\/posts\/22950\/revisions"}],"predecessor-version":[{"id":22953,"href":"https:\/\/sol.fm.br\/radio\/wp-json\/wp\/v2\/posts\/22950\/revisions\/22953"}],"wp:featuredmedia":[{"embeddable":true,"href":"https:\/\/sol.fm.br\/radio\/wp-json\/wp\/v2\/media\/22952"}],"wp:attachment":[{"href":"https:\/\/sol.fm.br\/radio\/wp-json\/wp\/v2\/media?parent=22950"}],"wp:term":[{"taxonomy":"category","embeddable":true,"href":"https:\/\/sol.fm.br\/radio\/wp-json\/wp\/v2\/categories?post=22950"},{"taxonomy":"post_tag","embeddable":true,"href":"https:\/\/sol.fm.br\/radio\/wp-json\/wp\/v2\/tags?post=22950"}],"curies":[{"name":"wp","href":"https:\/\/api.w.org\/{rel}","templated":true}]}}