{"id":22954,"date":"2019-06-26T13:49:43","date_gmt":"2019-06-26T16:49:43","guid":{"rendered":"http:\/\/sol.fm.br\/radio\/?p=22954"},"modified":"2019-06-26T13:49:43","modified_gmt":"2019-06-26T16:49:43","slug":"projeto-de-teatro-circuito-cultural-sera-realizado-na-rede-municipal-de-ensino","status":"publish","type":"post","link":"https:\/\/sol.fm.br\/radio\/projeto-de-teatro-circuito-cultural-sera-realizado-na-rede-municipal-de-ensino\/","title":{"rendered":"Projeto de Teatro Circuito Cultural ser\u00e1 realizado na Rede Municipal de Ensino"},"content":{"rendered":"<div id=\"dslc-theme-content\"><div id=\"dslc-theme-content-inner\"><p>A Prefeitura de Santo Ant\u00f4nio da Patrulha, atrav\u00e9s da Secretaria da Educa\u00e7\u00e3o, lan\u00e7ou o Projeto Circuito Cultural, que compreende oficinas teatrais nas escolas. Desenvolvido pelo grupo teatral \u201cA Metamorphose \u2013 Conte\u00fado Cultural\u201d, as produ\u00e7\u00f5es do projeto far\u00e3o parte da programa\u00e7\u00e3o da 9\u00aa Feira Municipal do Livro.<br \/>\nO grupo nasceu da ideia de levar arte ao maior n\u00famero de pessoas poss\u00edvel, n\u00e3o s\u00f3 trabalhando com o teatro, mas tamb\u00e9m com a dan\u00e7a e com o canto. As oficinas de teatro t\u00eam o objetivo de contribuir com o desenvolvimento social, emocional e cognitivo dos alunos, atrav\u00e9s da pr\u00e1tica das artes c\u00eanicas.<\/p>\n<p>As apresenta\u00e7\u00f5es de espet\u00e1culos acontecem dentro e fora do ambiente escolar, tendo como tema a divulga\u00e7\u00e3o da leitura e de sua import\u00e2ncia na vida das pessoas. Os espet\u00e1culos s\u00e3o baseados em obras liter\u00e1rias, as quais servem de embasamento para a realiza\u00e7\u00e3o das oficinas.<\/p>\n<p>O projeto Circuito Cultural ser\u00e1 realizado nas escolas da Rede Municipal de Ensino durante os meses de junho, julho e agosto, tendo sua culmin\u00e2ncia com a apresenta\u00e7\u00e3o de esquete teatral durante a programa\u00e7\u00e3o da Feira.<\/p>\n<h6><strong>Viviani Silveira<\/strong><br \/>\n<strong>Assessoria de Comunica\u00e7\u00e3o Social \/\u00a0Prefeitura de Sto Ant\u00f4nio da Patrulha<\/strong><\/h6>\n<p><center><iframe loading=\"lazy\" src=\"https:\/\/player.jmvstream.com\/fHPLBpjjf9XKtUAcityAS4ACnPNQ72\" allowfullscreen allow=\"autoplay; fullscreen\" frameborder=\"0\" width=\"640\" height=\"360\"><\/iframe><\/center><\/p>\n<\/div><\/div>","protected":false},"excerpt":{"rendered":"<p>A Prefeitura de Santo Ant\u00f4nio da Patrulha, atrav\u00e9s da Secretaria da Educa\u00e7\u00e3o, lan\u00e7ou o Projeto Circuito Cultural, que compreende oficinas teatrais nas escolas. Desenvolvido pelo grupo teatral \u201cA Metamorphose \u2013 Conte\u00fado Cultural\u201d, as produ\u00e7\u00f5es do projeto far\u00e3o parte da programa\u00e7\u00e3o da 9\u00aa Feira Municipal do Livro. O grupo nasceu da ideia de levar arte ao [&hellip;]<\/p>\n","protected":false},"author":4,"featured_media":22955,"comment_status":"open","ping_status":"open","sticky":false,"template":"","format":"standard","meta":{"footnotes":""},"categories":[1],"tags":[],"class_list":["post-22954","post","type-post","status-publish","format-standard","has-post-thumbnail","hentry","category-sem-categoria"],"_links":{"self":[{"href":"https:\/\/sol.fm.br\/radio\/wp-json\/wp\/v2\/posts\/22954","targetHints":{"allow":["GET"]}}],"collection":[{"href":"https:\/\/sol.fm.br\/radio\/wp-json\/wp\/v2\/posts"}],"about":[{"href":"https:\/\/sol.fm.br\/radio\/wp-json\/wp\/v2\/types\/post"}],"author":[{"embeddable":true,"href":"https:\/\/sol.fm.br\/radio\/wp-json\/wp\/v2\/users\/4"}],"replies":[{"embeddable":true,"href":"https:\/\/sol.fm.br\/radio\/wp-json\/wp\/v2\/comments?post=22954"}],"version-history":[{"count":1,"href":"https:\/\/sol.fm.br\/radio\/wp-json\/wp\/v2\/posts\/22954\/revisions"}],"predecessor-version":[{"id":22956,"href":"https:\/\/sol.fm.br\/radio\/wp-json\/wp\/v2\/posts\/22954\/revisions\/22956"}],"wp:featuredmedia":[{"embeddable":true,"href":"https:\/\/sol.fm.br\/radio\/wp-json\/wp\/v2\/media\/22955"}],"wp:attachment":[{"href":"https:\/\/sol.fm.br\/radio\/wp-json\/wp\/v2\/media?parent=22954"}],"wp:term":[{"taxonomy":"category","embeddable":true,"href":"https:\/\/sol.fm.br\/radio\/wp-json\/wp\/v2\/categories?post=22954"},{"taxonomy":"post_tag","embeddable":true,"href":"https:\/\/sol.fm.br\/radio\/wp-json\/wp\/v2\/tags?post=22954"}],"curies":[{"name":"wp","href":"https:\/\/api.w.org\/{rel}","templated":true}]}}