{"id":22957,"date":"2019-06-27T13:46:09","date_gmt":"2019-06-27T16:46:09","guid":{"rendered":"http:\/\/sol.fm.br\/radio\/?p=22957"},"modified":"2019-06-27T13:46:09","modified_gmt":"2019-06-27T16:46:09","slug":"sem-mudanca-de-habitos-diabetes-pode-tornar-se-um-problema-de-proporcoes-gigantescas-no-mundo","status":"publish","type":"post","link":"https:\/\/sol.fm.br\/radio\/sem-mudanca-de-habitos-diabetes-pode-tornar-se-um-problema-de-proporcoes-gigantescas-no-mundo\/","title":{"rendered":"Sem mudan\u00e7a de h\u00e1bitos, diabetes pode tornar-se um problema de propor\u00e7\u00f5es gigantescas no mundo"},"content":{"rendered":"<div id=\"dslc-theme-content\"><div id=\"dslc-theme-content-inner\"><p><em>Dia Nacional do Diabetes, lembrado em 26 de junho, tem objetivo de conscientizar a popula\u00e7\u00e3o sobre os riscos da doen\u00e7a<\/em><\/p>\n<p>O diabetes, doen\u00e7a cr\u00f4nica caracterizada pelo aumento dos n\u00edveis de glicose (a\u00e7\u00facar) no sangue, tem preocupado m\u00e9dicos e pacientes de todas as idades e com os mais variados perfis. O tema foi abordado em mais uma edi\u00e7\u00e3o do Ciclo de Palestras promovido pela Associa\u00e7\u00e3o M\u00e9dica do Rio Grande do Sul (AMRIGS), na noite de quarta-feira (26\/06). A atividade, realizada no Centro de Eventos AMRIGS, foi alusiva ao Junho Vermelho, dedicado \u00e0 preven\u00e7\u00e3o do diabetes.<\/p>\n<p>As estat\u00edsticas mostram que quase meio bilh\u00e3o de pessoas tem diabetes no mundo. Esse n\u00famero praticamente triplicou na \u00faltima d\u00e9cada.<\/p>\n<p>- A proje\u00e7\u00e3o \u00e9 que sejam 630 milh\u00f5es no mundo em 2045, ou seja, um problema de propor\u00e7\u00f5es gigantescas se n\u00e3o forem mudados h\u00e1bitos de vida e alimentares \u2013 alertou o m\u00e9dico endocrinologista pedi\u00e1trico e coordenador do Instituto da Crian\u00e7a com Diabetes no Rio Grande do Sul, C\u00e9sar Geremia.<\/p>\n<p>O diabetes acontece porque o p\u00e2ncreas n\u00e3o \u00e9 capaz de produzir o horm\u00f4nio insulina em quantidade suficiente para suprir as necessidades do organismo. O problema deixou de ser exclusivo de adultos, exigindo mudan\u00e7as de h\u00e1bitos desde muito cedo.<\/p>\n<p>- Se devemos fazer alguma coisa em rela\u00e7\u00e3o ao diabetes \u00e9 mudar o estilo de vida. A preven\u00e7\u00e3o primordial, considerada a mais importante de todas, inclui encorajar designs urbanos que promovam atividades f\u00edsicas, taxar bebidas ado\u00e7adas com a\u00e7\u00facar, obrigar estabelecimentos a informarem as calorias em produtos e menus, e promover incentivos para reduzir pre\u00e7os de alimentos saud\u00e1veis. \u00c9 inadmiss\u00edvel que uma \u00e1gua seja mais cara ou tenha o mesmo pre\u00e7o do que um refrigerante - afirma o m\u00e9dico endocrinologista e presidente da Sociedade Brasileira de Endocrinologia e Metabologia - Regional RS, Rafael Selbach.<\/p>\n<p>O diabetes pode ser classificado como Tipo 1, Tipo 2, Gestacional e outros como Monog\u00eanico e Secund\u00e1rio (associado a outras doen\u00e7as) ou induzido por medicamentos.<\/p>\n<h6><strong>Reda\u00e7\u00e3o: Marcelo Matusiak<\/strong><br \/>\n<strong>Coordena\u00e7\u00e3o: Marcelo Matusiak<\/strong><\/h6>\n<p><center><iframe loading=\"lazy\" src=\"https:\/\/player.jmvstream.com\/fHPLBpjjf9XKtUAcityAS4ACnPNQ72\" allowfullscreen allow=\"autoplay; fullscreen\" frameborder=\"0\" width=\"640\" height=\"360\"><\/iframe><\/center><\/p>\n<\/div><\/div>","protected":false},"excerpt":{"rendered":"<p>Dia Nacional do Diabetes, lembrado em 26 de junho, tem objetivo de conscientizar a popula\u00e7\u00e3o sobre os riscos da doen\u00e7a O diabetes, doen\u00e7a cr\u00f4nica caracterizada pelo aumento dos n\u00edveis de glicose (a\u00e7\u00facar) no sangue, tem preocupado m\u00e9dicos e pacientes de todas as idades e com os mais variados perfis. O tema foi abordado em mais [&hellip;]<\/p>\n","protected":false},"author":4,"featured_media":22958,"comment_status":"open","ping_status":"open","sticky":false,"template":"","format":"standard","meta":{"footnotes":""},"categories":[1],"tags":[],"class_list":["post-22957","post","type-post","status-publish","format-standard","has-post-thumbnail","hentry","category-sem-categoria"],"_links":{"self":[{"href":"https:\/\/sol.fm.br\/radio\/wp-json\/wp\/v2\/posts\/22957","targetHints":{"allow":["GET"]}}],"collection":[{"href":"https:\/\/sol.fm.br\/radio\/wp-json\/wp\/v2\/posts"}],"about":[{"href":"https:\/\/sol.fm.br\/radio\/wp-json\/wp\/v2\/types\/post"}],"author":[{"embeddable":true,"href":"https:\/\/sol.fm.br\/radio\/wp-json\/wp\/v2\/users\/4"}],"replies":[{"embeddable":true,"href":"https:\/\/sol.fm.br\/radio\/wp-json\/wp\/v2\/comments?post=22957"}],"version-history":[{"count":1,"href":"https:\/\/sol.fm.br\/radio\/wp-json\/wp\/v2\/posts\/22957\/revisions"}],"predecessor-version":[{"id":22959,"href":"https:\/\/sol.fm.br\/radio\/wp-json\/wp\/v2\/posts\/22957\/revisions\/22959"}],"wp:featuredmedia":[{"embeddable":true,"href":"https:\/\/sol.fm.br\/radio\/wp-json\/wp\/v2\/media\/22958"}],"wp:attachment":[{"href":"https:\/\/sol.fm.br\/radio\/wp-json\/wp\/v2\/media?parent=22957"}],"wp:term":[{"taxonomy":"category","embeddable":true,"href":"https:\/\/sol.fm.br\/radio\/wp-json\/wp\/v2\/categories?post=22957"},{"taxonomy":"post_tag","embeddable":true,"href":"https:\/\/sol.fm.br\/radio\/wp-json\/wp\/v2\/tags?post=22957"}],"curies":[{"name":"wp","href":"https:\/\/api.w.org\/{rel}","templated":true}]}}