{"id":22960,"date":"2019-06-27T13:49:41","date_gmt":"2019-06-27T16:49:41","guid":{"rendered":"http:\/\/sol.fm.br\/radio\/?p=22960"},"modified":"2019-06-27T13:50:32","modified_gmt":"2019-06-27T16:50:32","slug":"vii-xadrez-na-praca-mobiliza-estudantes-de-parobe","status":"publish","type":"post","link":"https:\/\/sol.fm.br\/radio\/vii-xadrez-na-praca-mobiliza-estudantes-de-parobe\/","title":{"rendered":"VII Xadrez na Pra\u00e7a mobiliza estudantes de Parob\u00e9"},"content":{"rendered":"<div id=\"dslc-theme-content\"><div id=\"dslc-theme-content-inner\"><p><em>A\u00e7\u00e3o desenvolve o conhecimento intelectual dos alunos na pr\u00e1tica dos jogos<\/em><\/p>\n<p>Na tarde desta quarta-feira (26), a Secretaria de Educa\u00e7\u00e3o, Cultura, Turismo, Esporte e Lazer realizou a s\u00e9tima edi\u00e7\u00e3o do Xadrez na Pra\u00e7a, ocorrido na Rua Coberta da Pra\u00e7a Primeiro de Maio. Na atividade deste ano, participaram mais de 240 alunos enxadristas das 17 Escolas Municipais de Ensino Fundamental (EMEFs). Al\u00e9m da disputa individual, foram realizadas partidas de Xadrez em equipes, utilizando o Tabuleiro Gigante. A atividade foi organizada pelo Coordenador de Xadrez do Munic\u00edpio, o professor Ant\u00f4nio Carlos Duarte de Souza.<\/p>\n<p><img loading=\"lazy\" decoding=\"async\" class=\"size-medium wp-image-22962 alignleft\" src=\"http:\/\/sol.fm.br\/radio\/wp-content\/uploads\/2019\/06\/wxzsd-400x267.jpg\" alt=\"\" width=\"400\" height=\"267\" srcset=\"https:\/\/sol.fm.br\/radio\/wp-content\/uploads\/2019\/06\/wxzsd-400x267.jpg 400w, https:\/\/sol.fm.br\/radio\/wp-content\/uploads\/2019\/06\/wxzsd-768x512.jpg 768w, https:\/\/sol.fm.br\/radio\/wp-content\/uploads\/2019\/06\/wxzsd-600x400.jpg 600w\" sizes=\"auto, (max-width: 400px) 100vw, 400px\" \/><\/p>\n<p>Estavam presentes a Vice-Prefeita Municipal e Secret\u00e1ria de Sa\u00fade Marizete Pinheiro, a Secret\u00e1ria de Educa\u00e7\u00e3o, Cultura, Turismo, Esporte e Lazer Daise Santos, a Presidente do Conselho Municipal de Educa\u00e7\u00e3o Cicera C\u00e1ssia Wingert, os Professores e as Equipes Diretivas da Rede Municipal de Ensino.<\/p>\n<h6><strong>Assessoria de Imprensa | Secretaria de Comunica\u00e7\u00e3o\u00a0<\/strong><\/h6>\n<p><center><iframe loading=\"lazy\" src=\"https:\/\/player.jmvstream.com\/fHPLBpjjf9XKtUAcityAS4ACnPNQ72\" width=\"640\" height=\"360\" frameborder=\"0\" allowfullscreen=\"allowfullscreen\"><\/iframe><\/center><\/p>\n<\/div><\/div>","protected":false},"excerpt":{"rendered":"<p>A\u00e7\u00e3o desenvolve o conhecimento intelectual dos alunos na pr\u00e1tica dos jogos Na tarde desta quarta-feira (26), a Secretaria de Educa\u00e7\u00e3o, Cultura, Turismo, Esporte e Lazer realizou a s\u00e9tima edi\u00e7\u00e3o do Xadrez na Pra\u00e7a, ocorrido na Rua Coberta da Pra\u00e7a Primeiro de Maio. Na atividade deste ano, participaram mais de 240 alunos enxadristas das 17 Escolas [&hellip;]<\/p>\n","protected":false},"author":4,"featured_media":22961,"comment_status":"open","ping_status":"open","sticky":false,"template":"","format":"standard","meta":{"footnotes":""},"categories":[1],"tags":[],"class_list":["post-22960","post","type-post","status-publish","format-standard","has-post-thumbnail","hentry","category-sem-categoria"],"_links":{"self":[{"href":"https:\/\/sol.fm.br\/radio\/wp-json\/wp\/v2\/posts\/22960","targetHints":{"allow":["GET"]}}],"collection":[{"href":"https:\/\/sol.fm.br\/radio\/wp-json\/wp\/v2\/posts"}],"about":[{"href":"https:\/\/sol.fm.br\/radio\/wp-json\/wp\/v2\/types\/post"}],"author":[{"embeddable":true,"href":"https:\/\/sol.fm.br\/radio\/wp-json\/wp\/v2\/users\/4"}],"replies":[{"embeddable":true,"href":"https:\/\/sol.fm.br\/radio\/wp-json\/wp\/v2\/comments?post=22960"}],"version-history":[{"count":2,"href":"https:\/\/sol.fm.br\/radio\/wp-json\/wp\/v2\/posts\/22960\/revisions"}],"predecessor-version":[{"id":22964,"href":"https:\/\/sol.fm.br\/radio\/wp-json\/wp\/v2\/posts\/22960\/revisions\/22964"}],"wp:featuredmedia":[{"embeddable":true,"href":"https:\/\/sol.fm.br\/radio\/wp-json\/wp\/v2\/media\/22961"}],"wp:attachment":[{"href":"https:\/\/sol.fm.br\/radio\/wp-json\/wp\/v2\/media?parent=22960"}],"wp:term":[{"taxonomy":"category","embeddable":true,"href":"https:\/\/sol.fm.br\/radio\/wp-json\/wp\/v2\/categories?post=22960"},{"taxonomy":"post_tag","embeddable":true,"href":"https:\/\/sol.fm.br\/radio\/wp-json\/wp\/v2\/tags?post=22960"}],"curies":[{"name":"wp","href":"https:\/\/api.w.org\/{rel}","templated":true}]}}